{"id":117013,"date":"2018-05-30T16:58:36","date_gmt":"2018-05-30T13:58:36","guid":{"rendered":"https:\/\/analyse.optim.biz\/?p=117013"},"modified":"2018-05-30T16:58:36","modified_gmt":"2018-05-30T13:58:36","slug":"proteste-la-bucuresti-si-in-alte-orase-dupa-decizia-ccr-privind-revocarea-sefei-dna","status":"publish","type":"post","link":"https:\/\/analyse.optim.biz\/?p=117013","title":{"rendered":"Proteste la Bucure\u015fti \u015fi \u00een alte ora\u015fe, dup\u0103 decizia CCR privind revocarea \u015fefei DNA"},"content":{"rendered":"<div class=\"entry data-app-meta data-app-meta-article\" data-embed-base-url-canonical=\"https:\/\/www.digi24.ro\/embed\/stiri\/actualitate\/protest-anuntat-in-piata-victoriei-dupa-decizia-curtii-constitutionale-privind-revocarea-sefei-dna-938754\">\n<p data-index=\"1\"><strong>Peste 4.000 de oameni au contestat, asear\u0103, \u00een fa\u0163a Guvernului, decizia Cur\u0163ii Constitu\u0163ionale. Au existat \u015fi c\u00e2teva momente tensionate, \u00eentre manifestan\u0163i \u015fi jandarmi. Proteste au mai fost la Timi\u015foara, Sibiu, Constan\u0163a, Oradea \u015fi Ia\u015fi.<\/strong><\/p>\n<hr>\n<p data-index=\"2\">\n<figure class=\"article-thumb article-thumb-gallery article-thumb-gallery-alt\"><a href=\"https:\/\/www.digi24.ro\/galerie-foto\/1\/stiri\/actualitate\/protest-anuntat-in-piata-victoriei-dupa-decizia-curtii-constitutionale-privind-revocarea-sefei-dna-938754\" data-skip-linkfix=\"1\"><img decoding=\"async\" src=\"https:\/\/analyse.optim.biz\/wp-content\/uploads\/2024\/09\/ythmywi2zjjhy2m3yjq5m2qwmtm1ztg4zji5-thumb_.jpg\" alt=\"protest piata victoriei inquam ganea 4\" data-skip-htmlfix=\"1\" title=\"ythmywi2zjjhy2m3yjq5m2qwmtm1ztg4zji5-thumb_\"><figcaption>protest piata victoriei inquam ganea 4<\/figcaption><\/a><\/p>\n<div class=\"read-more-cta\"><a href=\"https:\/\/www.digi24.ro\/galerie-foto\/1\/stiri\/actualitate\/protest-anuntat-in-piata-victoriei-dupa-decizia-curtii-constitutionale-privind-revocarea-sefei-dna-938754\" title=\"Deschide galeria foto\" class=\"read-more\" data-skip-linkfix=\"1\">Deschide galeria foto<\/a><\/div>\n<\/figure>\n<div class=\"swiper-gallery-nav article-thumb\">\n<div class=\"swiper-container\">\n<div class=\"swiper-wrapper\"><a href=\"https:\/\/www.digi24.ro\/galerie-foto\/1\/stiri\/actualitate\/protest-anuntat-in-piata-victoriei-dupa-decizia-curtii-constitutionale-privind-revocarea-sefei-dna-938754#1\" class=\"swiper-slide\" data-skip-linkfix=\"1\"><img decoding=\"async\" src=\"https:\/\/analyse.optim.biz\/wp-content\/uploads\/2024\/09\/n2qzmjc2odvlm2u2odg1mdc3mmjjn2rkztli-thumb_.jpg\" alt=\"protest piata victoriei inquam ganea 4 | Poza 1 din 5\" data-skip-htmlfix=\"1\" title=\"n2qzmjc2odvlm2u2odg1mdc3mmjjn2rkztli-thumb_\"><figcaption class=\"hide\">protest piata victoriei inquam ganea 4<\/figcaption><\/a><a href=\"https:\/\/www.digi24.ro\/galerie-foto\/1\/stiri\/actualitate\/protest-anuntat-in-piata-victoriei-dupa-decizia-curtii-constitutionale-privind-revocarea-sefei-dna-938754#2\" class=\"swiper-slide\" data-skip-linkfix=\"1\"><img decoding=\"async\" src=\"https:\/\/analyse.optim.biz\/wp-content\/uploads\/2024\/09\/ytbkntezowm3zte0mgi3ndnkmgjlmzcwnwuw-thumb_.jpg\" alt=\"protest piata victoriei inquam ganea 3 | Poza 2 din 5\" data-skip-htmlfix=\"1\" title=\"ytbkntezowm3zte0mgi3ndnkmgjlmzcwnwuw-thumb_\"><figcaption class=\"hide\">protest piata victoriei inquam ganea 3<\/figcaption><\/a><a href=\"https:\/\/www.digi24.ro\/galerie-foto\/1\/stiri\/actualitate\/protest-anuntat-in-piata-victoriei-dupa-decizia-curtii-constitutionale-privind-revocarea-sefei-dna-938754#3\" class=\"swiper-slide\" data-skip-linkfix=\"1\"><img decoding=\"async\" src=\"https:\/\/analyse.optim.biz\/wp-content\/uploads\/2024\/09\/yjzln2jhmtlinzfhmzringexmwi3mza4mjc1-thumb_.jpg\" alt=\"protest piata victoriei inquam ganea 2 | Poza 3 din 5\" data-skip-htmlfix=\"1\" title=\"yjzln2jhmtlinzfhmzringexmwi3mza4mjc1-thumb_\"><figcaption class=\"hide\">protest piata victoriei inquam ganea 2<\/figcaption><\/a><a href=\"https:\/\/www.digi24.ro\/galerie-foto\/1\/stiri\/actualitate\/protest-anuntat-in-piata-victoriei-dupa-decizia-curtii-constitutionale-privind-revocarea-sefei-dna-938754#4\" class=\"swiper-slide\" data-skip-linkfix=\"1\"><img decoding=\"async\" src=\"https:\/\/analyse.optim.biz\/wp-content\/uploads\/2024\/09\/njk3njkxmjq1mtgxytmzzdvkoddimznhotg4-thumb_.jpg\" alt=\"protest piata victoriei inquam ganea 1 | Poza 4 din 5\" data-skip-htmlfix=\"1\" title=\"njk3njkxmjq1mtgxytmzzdvkoddimznhotg4-thumb_\"><figcaption class=\"hide\">protest piata victoriei inquam ganea 1<\/figcaption><\/a><a href=\"https:\/\/www.digi24.ro\/galerie-foto\/1\/stiri\/actualitate\/protest-anuntat-in-piata-victoriei-dupa-decizia-curtii-constitutionale-privind-revocarea-sefei-dna-938754#5\" class=\"swiper-slide\" data-skip-linkfix=\"1\"><img decoding=\"async\" src=\"https:\/\/analyse.optim.biz\/wp-content\/uploads\/2024\/09\/dz04mdamagfzad0zmjljnthkodjinzhhzdgymgy4zwyxnjvlzwniyjhmoq-thumb_.jpg\" alt=\"protest piata victoriei inquam ganea | Poza 5 din 5\" data-skip-htmlfix=\"1\" title=\"dz04mdamagfzad0zmjljnthkodjinzhhzdgymgy4zwyxnjvlzwniyjhmoq-thumb_\"><figcaption class=\"hide\">protest piata victoriei inquam ganea<\/figcaption><\/a>, <\/div>\n<\/div>\n<\/div>\n<p data-index=\"3\"><strong>GALERIE FOTO &#8211; Inquam Photos &#8211; Octav Ganea<\/strong><\/p>\n<p data-index=\"4\"><span lang=\"ro-RO\"><strong>ACTUALIZARE 21.30.<\/strong> Incidente la protestul din aceast\u0103 sear\u0103. Mai mul\u021bi manifestan\u021bi au \u00eempins gardurile Jandarmeriei \u0219i au \u00eencercat s\u0103 rup\u0103 cordonul de jandarmi.<\/span><\/p>\n<hr>\n<p data-index=\"5\">\u00cen jur de 200 de persoane sunt \u00een fa\u0163a Guvernului.<\/p>\n<p data-index=\"6\">Curtea Constitu\u0163ional\u0103 a admis, miercuri, sesizarea Guvernului privind un conflict juridic de natur\u0103 constitu\u0163ional\u0103 \u00eentre ministrul Justi\u0163iei \u015fi pre\u015fedintele Klaus Iohannis \u015fi \u00eentre Guvern \u015fi pre\u015fedinte, ca urmare a respingerii de c\u0103tre \u015feful statului a cererii de revocare a \u015fefei DNA, Laura Codru\u0163a Kovesi.<\/p>\n<p data-index=\"7\">Ministrul Justi\u0163iei, Tudorel Toader, spune c\u0103 decizia CCR valorific\u0103 principiul constitu\u0163ional potrivit c\u0103ruia procurorii \u00ee\u015fi desf\u0103\u015foar\u0103 activitatea sub autoritatea ministrului Justi\u0163iei. Toader mai sus\u0163ine c\u0103 \u015feful statului nu are nici o abilitare legal\u0103 pentru evaluarea competen\u0163elor profesionale sau manageriale ale procurorilor de rang \u00eenalt, spre deosebire de ministrul Justi\u0163iei.<\/p>\n<p data-index=\"8\"><em>\u201eAm admis cu majoritate de voturi \u015fi am stabilit c\u0103 exist\u0103 un conflict \u00eentre ministrul Justi\u0163iei \u015fi pre\u015fedinte datorat refuzului pre\u015fedintelui de a da curs propunerii ministrului Justi\u0163iei. Vom publica minuta \u015fedin\u0163ei \u015fi acolo va fi indicat\u0103 calea de rezolvare a conflictului\u201d<\/em>, a spus pre\u015fedintele Cur\u0163ii, Valer Dorneanu.<\/p>\n<p data-index=\"9\">Pre\u015fedintele Klaus Iohannis a fost \u00eentrebat, miercuri, ce va face \u00een cazul \u00een care Curtea Constitu\u0163ional\u0103 (CCR) decide c\u0103 exist\u0103 un conflict Guvern-Pre\u015fedinte \u00een privin\u0163a revoc\u0103rii \u015fefei DNA, el r\u0103spunz\u00e2nd c\u0103 va a\u015ftepta motiva\u0163ia, o va citi \u015fi va ac\u0163iona \u00een consecin\u0163\u0103.<\/p>\n<p data-index=\"10\"><em>\u201eIndiferent ce va decide Curtea, voi a\u015ftepta decizia, voi a\u015ftepta motiva\u0163ia, voi citi \u015fi voi ac\u0163iona \u00een consecin\u0163\u0103\u201d<\/em>, a afirmat Klaus Iohannis.<\/p>\n<\/div>\n<p> Source URL: https:\/\/www.digi24.ro\/stiri\/actualitate\/protest-anuntat-in-piata-victoriei-dupa-decizia-curtii-constitutionale-privind-revocarea-sefei-dna-938754<\/p>\n","protected":false},"excerpt":{"rendered":"<p>Peste 4.000 de oameni au contestat, asear\u0103, \u00een fa\u0163a Guvernului, decizia Cur\u0163ii Constitu\u0163ionale. Au existat \u015fi c\u00e2teva momente tensionate, \u00eentre manifestan\u0163i \u015fi jandarmi. Proteste au mai fost la Timi\u015foara, Sibiu, Constan\u0163a, Oradea \u015fi Ia\u015fi. protest piata victoriei inquam ganea 4 Deschide galeria foto protest piata victoriei inquam ganea 4protest piata victoriei inquam ganea 3protest piata [&hellip;]<\/p>\n","protected":false},"author":1,"featured_media":117014,"comment_status":"open","ping_status":"","sticky":false,"template":"","format":"standard","meta":{"footnotes":""},"categories":[2],"tags":[11],"class_list":["post-117013","post","type-post","status-publish","format-standard","has-post-thumbnail","hentry","category-politics","tag-digi24"],"_links":{"self":[{"href":"https:\/\/analyse.optim.biz\/index.php?rest_route=\/wp\/v2\/posts\/117013","targetHints":{"allow":["GET"]}}],"collection":[{"href":"https:\/\/analyse.optim.biz\/index.php?rest_route=\/wp\/v2\/posts"}],"about":[{"href":"https:\/\/analyse.optim.biz\/index.php?rest_route=\/wp\/v2\/types\/post"}],"author":[{"embeddable":true,"href":"https:\/\/analyse.optim.biz\/index.php?rest_route=\/wp\/v2\/users\/1"}],"replies":[{"embeddable":true,"href":"https:\/\/analyse.optim.biz\/index.php?rest_route=%2Fwp%2Fv2%2Fcomments&post=117013"}],"version-history":[{"count":0,"href":"https:\/\/analyse.optim.biz\/index.php?rest_route=\/wp\/v2\/posts\/117013\/revisions"}],"wp:featuredmedia":[{"embeddable":true,"href":"https:\/\/analyse.optim.biz\/index.php?rest_route=\/wp\/v2\/media\/117014"}],"wp:attachment":[{"href":"https:\/\/analyse.optim.biz\/index.php?rest_route=%2Fwp%2Fv2%2Fmedia&parent=117013"}],"wp:term":[{"taxonomy":"category","embeddable":true,"href":"https:\/\/analyse.optim.biz\/index.php?rest_route=%2Fwp%2Fv2%2Fcategories&post=117013"},{"taxonomy":"post_tag","embeddable":true,"href":"https:\/\/analyse.optim.biz\/index.php?rest_route=%2Fwp%2Fv2%2Ftags&post=117013"}],"curies":[{"name":"wp","href":"https:\/\/api.w.org\/{rel}","templated":true}]}}