{"id":117007,"date":"2018-05-30T17:35:42","date_gmt":"2018-05-30T14:35:42","guid":{"rendered":"https:\/\/analyse.optim.biz\/?p=117007"},"modified":"2018-05-30T17:35:42","modified_gmt":"2018-05-30T14:35:42","slug":"alina-gorghiu-decizia-in-cazul-kovesi-a-lovit-in-credibilitatea-curtii-constitutionale","status":"publish","type":"post","link":"https:\/\/analyse.optim.biz\/?p=117007","title":{"rendered":"Alina Gorghiu: Decizia \u00een cazul Kovesi a lovit \u00een credibilitatea Cur\u0163ii Constitu\u0163ionale"},"content":{"rendered":"<div class=\"entry data-app-meta data-app-meta-article\" data-embed-base-url-canonical=\"https:\/\/www.digi24.ro\/embed\/stiri\/actualitate\/justitie\/alina-gorghiu-decizia-in-cazul-kovesi-a-lovit-in-credibilitatea-curtii-constitutionale-938770\">\n<p data-index=\"1\"><strong>Senatorul liberal Alina Gorghiu spune c\u0103 solu\u0163ia Cur\u0163ii Constitu\u0163ionale \u00een ce prive\u015fte revocarea \u015fefei DNA a lovit puternic \u00een credibilitatea CCR.<\/strong><\/p>\n<p data-index=\"2\"><img loading=\"lazy\" decoding=\"async\" class=\"alignnone size-full wp-image-938773\" src=\"https:\/\/analyse.optim.biz\/wp-content\/uploads\/2024\/09\/c2g9zjmwoddknzyxnjq0ogmxzjg2ndflngq5nzyymjfjmdk-thumb_-4.jpg\" width=\"1280\" height=\"720\" data-skip-htmlfix=\"1\" title=\"c2g9zjmwoddknzyxnjq0ogmxzjg2ndflngq5nzyymjfjmdk-thumb_-4\"><\/p>\n<p>\u201eSolu\u0163ia de ast\u0103zi a CCR a lovit puternic \u00een credibilitatea CCR. Nu exist\u0103 din punct de vedere logic \u015fi legal alt\u0103 solu\u0163ie dec\u00e2t respingerea solicit\u0103rii ca inadmisibil\u0103, \u00eens\u0103 nu e prima dat\u0103 c\u00e2nd, \u00een ultimii ani, Curtea Constitu\u0163ional\u0103 se compromite. Motivarea va fi extrem de important\u0103, sper ca de acolo s\u0103 \u00een\u0163elegem argumentele judec\u0103torilor care au pronun\u0163at aceast\u0103 decizie. Ar fi p\u0103cat ca votul s\u0103 fi fost str\u00e2ns, pentru c\u0103 asta ne-ar duce cu g\u00e2ndul la o cheie evident politic\u0103. Este foarte important s\u0103 vedem pe ce considerente CCR a decis s\u0103 dea ast\u0103zi ap\u0103 la moar\u0103 unui proces care duce, de exemplu, la revocarea \u015fefului DNA pe aceea\u015fi procedur\u0103 sau la fel de facil ca revocarea unui ministru sau a unui prefect. Nu \u00eemi doresc s\u0103 v\u0103d guvern\u0103rile viitoare \u00eencep\u00e2ndu-\u015fi mandatele prin schimbarea procurorilor \u015fi a prefec\u0163ilor, cred c\u0103 nimeni din Rom\u00e2nia nu vrea a\u015fa ceva&#8221;, a scris Gorghiu, miercuri, pe Facebook.<\/p>\n<p> Ea a ad\u0103ugat c\u0103 argumentele juridice erau de partea Institu\u0163iei preziden\u0163iale \u015fi \u00een mod cert deciziile CCR anterioare spun acela\u015fi lucru.<\/p>\n<p> \u201e\u00cen func\u0163iile publice, pre\u015fedintele nume\u015fte f\u0103r\u0103 s\u0103 po\u0163i s\u0103 \u00eei gole\u015fti atributul preziden\u0163ial de con\u0163inut \u015fi de importan\u0163\u0103. Este gre\u015fit s\u0103 asist\u0103m la schimb\u0103ri nejustificate ale jurispruden\u0163ei CCR pentru c\u0103, \u00een acest caz, tot sistemul constitu\u0163ional devine \u015fubred. \u015ei eu \u015fi al\u0163i oameni politici \u015fi institu\u0163iile statului ne baz\u0103m declara\u0163iile \u015fi ac\u0163iunile pe deciziile CCR pe care le consider\u0103m ca interpret\u0103ri ale Constitu\u0163iei. De aceea CCR ar trebui s\u0103 nu schimbe propriile opinii din trecut de la alb la negru at\u00e2t de brusc, pentru c\u0103 atunci nu vom mai \u015fti ce repere trebuie s\u0103 avem. Iar consecin\u0163ele deciziei pronun\u0163ate azi vor trece mult dincolo de limitele mandatului procurorului \u015fef Laura Codru\u0163a Kovesi. Nu cred c\u0103 puterea \u00eencredin\u0163at\u0103 mini\u015ftrilor justi\u0163iei care vor urma, de a schimba \u00een felul acesta procurorii cu rang \u00eenalt, va fi folosit\u0103 cu \u00een\u0163elepciune. Nici m\u0103car nu este vorba numai despre conducerea DNA\u201d, a mai scris Gorghiu.<\/p>\n<p> Senatorul liberal consider\u0103 c\u0103 cea mai grav\u0103 consecin\u0163\u0103 este c\u0103 se instituie, prin decizie CCR, autoritatea ministrului Justi\u0163iei asupra procurorilor.<\/p>\n<p> Curtea Constitu\u0163ional\u0103 a Rom\u00e2niei a constatat, miercuri, c\u0103\u00a0exist\u0103 conflict \u00eentre puteri \u00een cazul respingerii revoc\u0103rii \u015fefei DNA, Laura Codru\u0163a Kovesi.<\/p>\n<p data-index=\"3\">FOTO: <a href=\"https:\/\/www.agerpres.ro\/viata-parlamentara\/2018\/05\/30\/gorghiu-despre-solutia-ccr-cu-privire-la-revocarea-sefei-dna-a-lovit-puternic-in-credibilitatea-curtii-constitutionale--118055\" data-skip-linkfix=\"1\"><strong>Agerpres<\/strong><\/a><\/p>\n<\/div>\n<p> Source URL: https:\/\/www.digi24.ro\/stiri\/actualitate\/justitie\/alina-gorghiu-decizia-in-cazul-kovesi-a-lovit-in-credibilitatea-curtii-constitutionale-938770<\/p>\n","protected":false},"excerpt":{"rendered":"<p>Senatorul liberal Alina Gorghiu spune c\u0103 solu\u0163ia Cur\u0163ii Constitu\u0163ionale \u00een ce prive\u015fte revocarea \u015fefei DNA a lovit puternic \u00een credibilitatea CCR. \u201eSolu\u0163ia de ast\u0103zi a CCR a lovit puternic \u00een credibilitatea CCR. Nu exist\u0103 din punct de vedere logic \u015fi legal alt\u0103 solu\u0163ie dec\u00e2t respingerea solicit\u0103rii ca inadmisibil\u0103, \u00eens\u0103 nu e prima dat\u0103 c\u00e2nd, \u00een [&hellip;]<\/p>\n","protected":false},"author":1,"featured_media":117008,"comment_status":"open","ping_status":"","sticky":false,"template":"","format":"standard","meta":{"footnotes":""},"categories":[2],"tags":[11],"class_list":["post-117007","post","type-post","status-publish","format-standard","has-post-thumbnail","hentry","category-politics","tag-digi24"],"_links":{"self":[{"href":"https:\/\/analyse.optim.biz\/index.php?rest_route=\/wp\/v2\/posts\/117007","targetHints":{"allow":["GET"]}}],"collection":[{"href":"https:\/\/analyse.optim.biz\/index.php?rest_route=\/wp\/v2\/posts"}],"about":[{"href":"https:\/\/analyse.optim.biz\/index.php?rest_route=\/wp\/v2\/types\/post"}],"author":[{"embeddable":true,"href":"https:\/\/analyse.optim.biz\/index.php?rest_route=\/wp\/v2\/users\/1"}],"replies":[{"embeddable":true,"href":"https:\/\/analyse.optim.biz\/index.php?rest_route=%2Fwp%2Fv2%2Fcomments&post=117007"}],"version-history":[{"count":0,"href":"https:\/\/analyse.optim.biz\/index.php?rest_route=\/wp\/v2\/posts\/117007\/revisions"}],"wp:featuredmedia":[{"embeddable":true,"href":"https:\/\/analyse.optim.biz\/index.php?rest_route=\/wp\/v2\/media\/117008"}],"wp:attachment":[{"href":"https:\/\/analyse.optim.biz\/index.php?rest_route=%2Fwp%2Fv2%2Fmedia&parent=117007"}],"wp:term":[{"taxonomy":"category","embeddable":true,"href":"https:\/\/analyse.optim.biz\/index.php?rest_route=%2Fwp%2Fv2%2Fcategories&post=117007"},{"taxonomy":"post_tag","embeddable":true,"href":"https:\/\/analyse.optim.biz\/index.php?rest_route=%2Fwp%2Fv2%2Ftags&post=117007"}],"curies":[{"name":"wp","href":"https:\/\/api.w.org\/{rel}","templated":true}]}}