{"id":116996,"date":"2018-05-30T17:41:47","date_gmt":"2018-05-30T14:41:47","guid":{"rendered":"https:\/\/analyse.optim.biz\/?p=116996"},"modified":"2018-05-30T17:41:47","modified_gmt":"2018-05-30T14:41:47","slug":"cazanciuc-psd-dupa-decizia-ccr-in-cazul-kovesi-un-gest-de-onoare-ar-trebui-sa-intervina-in-momentul-de-fata","status":"publish","type":"post","link":"https:\/\/analyse.optim.biz\/?p=116996","title":{"rendered":"Cazanciuc (PSD), dup\u0103 decizia CCR \u00een cazul Kovesi: \u201eUn gest de onoare ar trebui s\u0103 intervin\u0103 \u00een momentul de fa\u021b\u0103\u201d"},"content":{"rendered":"<div class=\"entry data-app-meta data-app-meta-article\" data-embed-base-url-canonical=\"https:\/\/www.digi24.ro\/embed\/stiri\/actualitate\/justitie\/cazanciuc-psd-dupa-decizia-ccr-in-cazul-kovesi-un-gest-de-onoare-ar-trebui-sa-intervina-in-momentul-de-fata-938777\">\n<p data-index=\"1\"><span lang=\"ro-RO\"><strong>Fostul ministru al Justi\u021biei, Robert Cazanciuc, \u00een prezent senator PSD, spune c\u0103 <a href=\"https:\/\/www.digi24.ro\/stiri\/actualitate\/justitie\/ccr-decide-pe-tema-conflictului-intre-puteri-in-cazul-respingerii-revocarii-sefei-dna-938364\" target=\"_blank\" rel=\"noopener\" data-skip-linkfix=\"1\">pre\u0219edintele este obligat s\u0103 emit\u0103 decretul de revocare a \u0219efei DNA<\/a>, dac\u0103 nu interviune \u00eentre timp \u201eun gest de onoare\u201d. El f\u0103cea referire la o eventual\u0103 demisie a Laurei Codru\u021ba Kovesi.<\/strong><\/span><\/p>\n<p data-index=\"2\">\u201e<span lang=\"ro-RO\">Decizia era previzibil\u0103. Pre\u0219edintele nu are atribu\u021bii \u00een Constitu\u021bie cu privire la numirea \u0219i revocarea procurorilor, nu are autoritate asupra procurorilor a\u0219a cum are ministrul Justi\u021biei, spune art. 132 din Constitu\u021bie. CCR a fost consecven\u021b\u0103 cu propriile decizii\u201d, a spus Cazanciuc.<\/span><\/p>\n<p data-index=\"3\"><span lang=\"ro-RO\">Pre\u0219edintele este obligat s\u0103 emit\u0103 decretul de revocare a Laurei Coru\u021ba Kovesi, \u201edac\u0103 \u00eentre timp nu intervine acest gest de onoare pentru a stinge acest conflict \u00eentre autorit\u0103\u021bi\u201d.<\/span><\/p>\n<p data-index=\"4\">\u201e<span lang=\"ro-RO\">Nu putem spune c\u0103 merge bine o institu\u021bie doar dac\u0103 un anumit om este acolo. Cred c\u0103 dac\u0103 o institu\u021bie merge bine doar dac\u0103 e un anumit om acolo, demonstr\u0103m c\u0103 lucrurile nu merg bine\u201d, a mai spus fostul ministru al Justi\u021biei.<\/span><\/p>\n<p data-index=\"5\">\u201e<span lang=\"ro-RO\">Un gest de onoare ar trebui s\u0103 intervin\u0103 \u00een momentul de fa\u021b\u0103, \u00een acest caz. Pre\u0219edintele Rom\u00e2niei nu ar trebui pus \u00een situa\u021bia de a emite un decret de revocare,\u201d a ad\u0103ugat el, \u00eentrebat dac\u0103 se a\u0219teapt\u0103 la o demisie de onoare a \u0219efei DNA.<\/span><\/p>\n<p data-index=\"6\"><span lang=\"ro-RO\">Curtea Constitu\u0163ional\u0103 a admis, miercuri, sesizarea Guvernului privind un conflict juridic de natur\u0103 constitu\u0163ional\u0103 \u00eentre ministrul Justi\u0163iei \u015fi pre\u015fedintele Klaus Iohannis \u015fi \u00eentre Guvern \u015fi pre\u015fedinte, ca urmare a respingerii de c\u0103tre \u015feful statului a cererii de revocare a \u015fefei DNA, Laura Codru\u0163a Kovesi.<\/span><\/p>\n<p data-index=\"7\">\u201e<span lang=\"ro-RO\">Indiferent ce va decide Curtea,\u00a0<a href=\"https:\/\/www.digi24.ro\/stiri\/actualitate\/politica\/ce-spune-klaus-iohannis-despre-decizia-asteptata-a-ccr-in-cazul-kovesi-938642\" target=\"_blank\" rel=\"noopener\" data-skip-linkfix=\"1\">voi a\u015ftepta decizia, voi a\u015ftepta motiva\u0163ia<\/a>, voi citi \u015fi voi ac\u0163iona \u00een consecin\u0163\u0103\u201d, a spus pre\u015fedintele Klaus Iohannis miercuri, \u00eenainte de decizia CCR.<\/span><\/p>\n<\/div>\n<p> Source URL: https:\/\/www.digi24.ro\/stiri\/actualitate\/justitie\/cazanciuc-psd-dupa-decizia-ccr-in-cazul-kovesi-un-gest-de-onoare-ar-trebui-sa-intervina-in-momentul-de-fata-938777<\/p>\n","protected":false},"excerpt":{"rendered":"<p>Fostul ministru al Justi\u021biei, Robert Cazanciuc, \u00een prezent senator PSD, spune c\u0103 pre\u0219edintele este obligat s\u0103 emit\u0103 decretul de revocare a \u0219efei DNA, dac\u0103 nu interviune \u00eentre timp \u201eun gest de onoare\u201d. El f\u0103cea referire la o eventual\u0103 demisie a Laurei Codru\u021ba Kovesi. \u201eDecizia era previzibil\u0103. Pre\u0219edintele nu are atribu\u021bii \u00een Constitu\u021bie cu privire la [&hellip;]<\/p>\n","protected":false},"author":1,"featured_media":116997,"comment_status":"open","ping_status":"","sticky":false,"template":"","format":"standard","meta":{"footnotes":""},"categories":[2],"tags":[11],"class_list":["post-116996","post","type-post","status-publish","format-standard","has-post-thumbnail","hentry","category-politics","tag-digi24"],"_links":{"self":[{"href":"https:\/\/analyse.optim.biz\/index.php?rest_route=\/wp\/v2\/posts\/116996","targetHints":{"allow":["GET"]}}],"collection":[{"href":"https:\/\/analyse.optim.biz\/index.php?rest_route=\/wp\/v2\/posts"}],"about":[{"href":"https:\/\/analyse.optim.biz\/index.php?rest_route=\/wp\/v2\/types\/post"}],"author":[{"embeddable":true,"href":"https:\/\/analyse.optim.biz\/index.php?rest_route=\/wp\/v2\/users\/1"}],"replies":[{"embeddable":true,"href":"https:\/\/analyse.optim.biz\/index.php?rest_route=%2Fwp%2Fv2%2Fcomments&post=116996"}],"version-history":[{"count":0,"href":"https:\/\/analyse.optim.biz\/index.php?rest_route=\/wp\/v2\/posts\/116996\/revisions"}],"wp:featuredmedia":[{"embeddable":true,"href":"https:\/\/analyse.optim.biz\/index.php?rest_route=\/wp\/v2\/media\/116997"}],"wp:attachment":[{"href":"https:\/\/analyse.optim.biz\/index.php?rest_route=%2Fwp%2Fv2%2Fmedia&parent=116996"}],"wp:term":[{"taxonomy":"category","embeddable":true,"href":"https:\/\/analyse.optim.biz\/index.php?rest_route=%2Fwp%2Fv2%2Fcategories&post=116996"},{"taxonomy":"post_tag","embeddable":true,"href":"https:\/\/analyse.optim.biz\/index.php?rest_route=%2Fwp%2Fv2%2Ftags&post=116996"}],"curies":[{"name":"wp","href":"https:\/\/api.w.org\/{rel}","templated":true}]}}