{"id":116993,"date":"2018-05-30T18:07:19","date_gmt":"2018-05-30T15:07:19","guid":{"rendered":"https:\/\/analyse.optim.biz\/?p=116993"},"modified":"2018-05-30T18:07:19","modified_gmt":"2018-05-30T15:07:19","slug":"ponta-daca-nu-demisioneaza-kovesi-va-fi-principalul-vinovat-pentru-distrugerea-dna","status":"publish","type":"post","link":"https:\/\/analyse.optim.biz\/?p=116993","title":{"rendered":"Ponta: Dac\u0103 nu demisioneaz\u0103, Kovesi va fi principalul vinovat pentru distrugerea DNA"},"content":{"rendered":"<div class=\"entry data-app-meta data-app-meta-article\" data-embed-base-url-canonical=\"https:\/\/www.digi24.ro\/embed\/stiri\/actualitate\/politica\/ponta-daca-nu-demisioneaza-kovesi-va-fi-principalul-vinovat-pentru-distrugerea-dna-938792\">\n<p data-index=\"1\"><strong>Fostul premier Victor Ponta a reac\u021bionat, pe Facebook, la d<a href=\"https:\/\/www.digi24.ro\/stiri\/actualitate\/justitie\/ccr-decide-pe-tema-conflictului-intre-puteri-in-cazul-respingerii-revocarii-sefei-dna-938364\" data-skip-linkfix=\"1\">ecizia CCR privind revocarea \u0219efei DNA<\/a>, Laura Codru\u021ba Kovesi.<\/strong><\/p>\n<figure class=\"article-thumb\"><img decoding=\"async\" src=\"https:\/\/analyse.optim.biz\/wp-content\/uploads\/2024\/09\/ptgwmcz6yz0xjmhhc2g9nde5ymq0ymrlyzu1ndzinjzjnmfhowexyzu5mze2nta-thumb_-1.jpg\" alt=\"170903_PRO_ROMANIA_PONTA_CONFERINTA_06_INQUAM_Photos_Octav_Ganea\" data-skip-htmlfix=\"1\" title=\"ptgwmcz6yz0xjmhhc2g9nde5ymq0ymrlyzu1ndzinjzjnmfhowexyzu5mze2nta-thumb_-1\"><figcaption> Foto: InquamPhotos\/Octav Ganea <\/figcaption><\/figure>\n<p data-index=\"2\">\u201eDecizia de azi a CCR este greu de explicat \u00een drept &#8211; dar este perfect justificat\u0103 de fapte! <em><strong>O persoan\u0103 care a ac\u021bionat la limit\u0103 ( sau dincolo) de lege este revocat\u0103 printr-o decizie la limit\u0103 ( sau dincolo) de Constitu\u021bie!<\/strong><\/em><\/p>\n<p data-index=\"3\">C\u00e2nd \u00ee\u021bi folose\u0219ti pozi\u021bia de \u0219ef al DNA c\u0103 s\u0103 ob\u021bii un nou mandat trebuie s\u0103 r\u0103spunzi \/ c\u00e2nd acuzi un Pre\u0219edinte al Senatului, un Prim Ministru, un judec\u0103tor al CCR ( lista este lung\u0103) \u0219i judec\u0103torii \u00cenaltei Cur\u021bi decid s\u0103 ii achite pentru c\u0103 sunt nevinovati &#8211; trebuie s\u0103 r\u0103spunzi \/ c\u00e2nd te \u00eenconjori \u0219i promovezi nulit\u0103\u021bi intelectuale \u0219i umane c\u0103 Portocal\u0103, Unche\u0219elu, Onea, Eva, Papici, Iacob etc trebuie s\u0103 te scufunzi cu ei \/ c\u00e2nd \u00eencepi s\u0103 crezi c\u0103 po\u021bi s\u0103 \u00eenvingi pres\u0103 cu procese trebuie s\u0103 dai socoteal\u0103 \/ c\u00e2nd r\u0103m\u00e2i \u00een func\u021bie \u00eempotriva tuturor eviden\u021belor \u0219i accep\u021bi s\u0103 distrugi o institu\u021bie pe care ar trebui s\u0103 o aperi doar pentru ambi\u021bie \u0219i putere personal\u0103 atunci trebuie s\u0103 r\u0103spunzi!<\/p>\n<p data-index=\"4\">C\u00e2nd faci \u00een\u021belegeri ascunse cu Liviu Dragnea \u0219i cu Sistemul \u0219i te a\u0219tep\u021bi s\u0103 nu te \u00eenjunghie pe la spate cu prima ocazie &#8211; trebuie s\u0103 \u00ee\u021bi accep\u021bi gre\u0219eala \u0219i s\u0103 pleci (eu a\u0219a am f\u0103cut)!\u201d, a scris fostul premier.<\/p>\n<p data-index=\"5\">\u201e<em><strong>Dup\u0103 p\u0103rerea mea umil\u0103 azi CCR nu a respectat textul Constitu\u021biei, dar a luat o decizie corect\u0103 de oportunitate politic\u0103! \u0218i nu ai cum s\u0103 nu te supui acestei decizii!<\/strong><\/em><\/p>\n<p data-index=\"6\">Dac\u0103 dup\u0103 Decizia CCR Laura Codru\u021ba Kovesi nu demisioneaz\u0103 ea va fi principalul vinovat de distrugerea DNA ( eu am demisionat \u00een 2015 de\u0219i eram nevinovat \u0219i nu aveam vreo decizie a CCR sau a Justi\u021biei \/ am pierdut eu dar am salvat Guvernul , PSD \u0219i pacea social\u0103 \u00een Rom\u00e2nia ) \/ dac\u0103 Klaus Iohannis nu o demite din func\u021bie el va fi principalul vinovat pentru pierderea celui de al doilea mandat!<\/p>\n<p data-index=\"7\">Cum nu \u021bin cu nimeni \u00een acesta poveste privesc cu interes de pe margine &#8211; ca to\u021bi rom\u00e2nii!\u201d, a ad\u0103ugat Victor Ponta.<\/p>\n<\/div>\n<p> Source URL: https:\/\/www.digi24.ro\/stiri\/actualitate\/politica\/ponta-daca-nu-demisioneaza-kovesi-va-fi-principalul-vinovat-pentru-distrugerea-dna-938792<\/p>\n","protected":false},"excerpt":{"rendered":"<p>Fostul premier Victor Ponta a reac\u021bionat, pe Facebook, la decizia CCR privind revocarea \u0219efei DNA, Laura Codru\u021ba Kovesi. Foto: InquamPhotos\/Octav Ganea \u201eDecizia de azi a CCR este greu de explicat \u00een drept &#8211; dar este perfect justificat\u0103 de fapte! O persoan\u0103 care a ac\u021bionat la limit\u0103 ( sau dincolo) de lege este revocat\u0103 printr-o decizie [&hellip;]<\/p>\n","protected":false},"author":1,"featured_media":116994,"comment_status":"open","ping_status":"","sticky":false,"template":"","format":"standard","meta":{"footnotes":""},"categories":[2],"tags":[11],"class_list":["post-116993","post","type-post","status-publish","format-standard","has-post-thumbnail","hentry","category-politics","tag-digi24"],"_links":{"self":[{"href":"https:\/\/analyse.optim.biz\/index.php?rest_route=\/wp\/v2\/posts\/116993","targetHints":{"allow":["GET"]}}],"collection":[{"href":"https:\/\/analyse.optim.biz\/index.php?rest_route=\/wp\/v2\/posts"}],"about":[{"href":"https:\/\/analyse.optim.biz\/index.php?rest_route=\/wp\/v2\/types\/post"}],"author":[{"embeddable":true,"href":"https:\/\/analyse.optim.biz\/index.php?rest_route=\/wp\/v2\/users\/1"}],"replies":[{"embeddable":true,"href":"https:\/\/analyse.optim.biz\/index.php?rest_route=%2Fwp%2Fv2%2Fcomments&post=116993"}],"version-history":[{"count":0,"href":"https:\/\/analyse.optim.biz\/index.php?rest_route=\/wp\/v2\/posts\/116993\/revisions"}],"wp:featuredmedia":[{"embeddable":true,"href":"https:\/\/analyse.optim.biz\/index.php?rest_route=\/wp\/v2\/media\/116994"}],"wp:attachment":[{"href":"https:\/\/analyse.optim.biz\/index.php?rest_route=%2Fwp%2Fv2%2Fmedia&parent=116993"}],"wp:term":[{"taxonomy":"category","embeddable":true,"href":"https:\/\/analyse.optim.biz\/index.php?rest_route=%2Fwp%2Fv2%2Fcategories&post=116993"},{"taxonomy":"post_tag","embeddable":true,"href":"https:\/\/analyse.optim.biz\/index.php?rest_route=%2Fwp%2Fv2%2Ftags&post=116993"}],"curies":[{"name":"wp","href":"https:\/\/api.w.org\/{rel}","templated":true}]}}