{"id":116982,"date":"2018-05-30T18:20:33","date_gmt":"2018-05-30T15:20:33","guid":{"rendered":"https:\/\/analyse.optim.biz\/?p=116982"},"modified":"2018-05-30T18:20:33","modified_gmt":"2018-05-30T15:20:33","slug":"video-florin-iordache-codruta-go-home","status":"publish","type":"post","link":"https:\/\/analyse.optim.biz\/?p=116982","title":{"rendered":"VIDEO. Florin Iordache: Codru\u021ba, go home!"},"content":{"rendered":"<div class=\"entry data-app-meta data-app-meta-article\" data-embed-base-url-canonical=\"https:\/\/www.digi24.ro\/embed\/stiri\/actualitate\/justitie\/video-florin-iordache-codruta-go-home-938802\">\n<p data-index=\"1\"><strong><span lang=\"ro-RO\">Reac\u021bie nea\u0219teptat\u0103 a fostului ministru al Justi\u021biei, Florin Iordache, dup\u0103 decizia CCR potrivit c\u0103reia pre\u0219edintele <a href=\"https:\/\/www.digi24.ro\/stiri\/actualitate\/justitie\/ccr-decide-pe-tema-conflictului-intre-puteri-in-cazul-respingerii-revocarii-sefei-dna-938364\" target=\"_blank\" rel=\"noopener\" data-skip-linkfix=\"1\">Klaus Iohannis trebuie s\u0103 semneze decretul de revocare a \u0219efei DNA<\/a>, Laura Codru\u021ba Kovesi.<\/span><\/strong><\/p>\n<p data-index=\"2\">\u201e<span lang=\"ro-RO\">Codru\u021ba, go home\u201d, a spus Iordache, \u00een prezent pre\u0219edintele Comisiei speciale din Parlament pentru legile justi\u021biei.<\/span><\/p>\n<p data-index=\"3\"><span lang=\"ro-RO\">Florin Iordache este cunoscut de asemenea pentru replica \u201eAlt\u0103 \u00eentrebare\u201d, folosit\u0103 de numeroase ori \u00een timpul conferin\u021bei de pres\u0103 de dup\u0103 adoptarea controversatei OUG 13.<\/span><\/p>\n<p data-index=\"4\">\u201e<span lang=\"ro-RO\">A\u015ftept\u0103m motivarea deciziei CCR. Din ce am citit \u00een comunicat, e foarte clar c\u0103 pre\u015fedintele este obligat s\u0103 o revoce printr-un decret. Sintetic, \u00een urma deciziei de ast\u0103zi, \u00een trei cuvinte, Codu\u0163a, go home! Cred c\u0103 decizia este clar\u0103 \u015fi de aici \u00eencolo cred c\u0103 se stabilesc \u015fi principiul potrivit c\u0103ruia ministrul propune \u015fi propunerile pe care le face trebuie \u0163inut cont\u201d, a spus Florin Iordache.<\/span><\/p>\n<p data-index=\"5\"><span lang=\"ro-RO\">Au fost ast\u0103zi decizii al Cur\u0163ii care ne-au pl\u0103cut, cum este aceasta, au fost \u015fi decizii care nu ne-au pl\u0103cut, dar vrem nu vrem, deciziile trebuie respectate. Pre\u015fedintele Rom\u00e2niei va citi foarte bine decizia \u015fi \u00een func\u0163ie de aceast\u0103 decizie va proceda \u00een consecin\u0163\u0103\u201d, a spus parlamentarul, \u00eentrebat ce vor face PSD-ALDE dac\u0103 Iohannis va refuza revocarea.<\/span><\/p>\n<p data-index=\"6\"><span lang=\"ro-RO\">Curtea Constitu\u0163ional\u0103 a admis, miercuri, sesizarea Guvernului privind un conflict juridic de natur\u0103 constitu\u0163ional\u0103 \u00eentre ministrul Justi\u0163iei \u015fi pre\u015fedintele Klaus Iohannis \u015fi \u00eentre Guvern \u015fi pre\u015fedinte, ca urmare a respingerii de c\u0103tre \u015feful statului a cererii de revocare a \u015fefei DNA, Laura Codru\u0163a Kovesi.<\/span><\/p>\n<p data-index=\"7\">\u201e<span lang=\"ro-RO\">Indiferent ce va decide Curtea,\u00a0<a href=\"https:\/\/www.digi24.ro\/stiri\/actualitate\/politica\/ce-spune-klaus-iohannis-despre-decizia-asteptata-a-ccr-in-cazul-kovesi-938642\" target=\"_blank\" rel=\"noopener\" data-skip-linkfix=\"1\">voi a\u015ftepta decizia, voi a\u015ftepta motiva\u0163ia<\/a>, voi citi \u015fi voi ac\u0163iona \u00een consecin\u0163\u0103\u201d, a spus pre\u015fedintele Klaus Iohannis miercuri, \u00eenainte de decizia CCR.<\/span><\/p>\n<\/div>\n<p> Source URL: https:\/\/www.digi24.ro\/stiri\/actualitate\/justitie\/video-florin-iordache-codruta-go-home-938802<\/p>\n","protected":false},"excerpt":{"rendered":"<p>Reac\u021bie nea\u0219teptat\u0103 a fostului ministru al Justi\u021biei, Florin Iordache, dup\u0103 decizia CCR potrivit c\u0103reia pre\u0219edintele Klaus Iohannis trebuie s\u0103 semneze decretul de revocare a \u0219efei DNA, Laura Codru\u021ba Kovesi. \u201eCodru\u021ba, go home\u201d, a spus Iordache, \u00een prezent pre\u0219edintele Comisiei speciale din Parlament pentru legile justi\u021biei. Florin Iordache este cunoscut de asemenea pentru replica \u201eAlt\u0103 \u00eentrebare\u201d, [&hellip;]<\/p>\n","protected":false},"author":1,"featured_media":116983,"comment_status":"open","ping_status":"","sticky":false,"template":"","format":"standard","meta":{"footnotes":""},"categories":[2],"tags":[11],"class_list":["post-116982","post","type-post","status-publish","format-standard","has-post-thumbnail","hentry","category-politics","tag-digi24"],"_links":{"self":[{"href":"https:\/\/analyse.optim.biz\/index.php?rest_route=\/wp\/v2\/posts\/116982","targetHints":{"allow":["GET"]}}],"collection":[{"href":"https:\/\/analyse.optim.biz\/index.php?rest_route=\/wp\/v2\/posts"}],"about":[{"href":"https:\/\/analyse.optim.biz\/index.php?rest_route=\/wp\/v2\/types\/post"}],"author":[{"embeddable":true,"href":"https:\/\/analyse.optim.biz\/index.php?rest_route=\/wp\/v2\/users\/1"}],"replies":[{"embeddable":true,"href":"https:\/\/analyse.optim.biz\/index.php?rest_route=%2Fwp%2Fv2%2Fcomments&post=116982"}],"version-history":[{"count":0,"href":"https:\/\/analyse.optim.biz\/index.php?rest_route=\/wp\/v2\/posts\/116982\/revisions"}],"wp:featuredmedia":[{"embeddable":true,"href":"https:\/\/analyse.optim.biz\/index.php?rest_route=\/wp\/v2\/media\/116983"}],"wp:attachment":[{"href":"https:\/\/analyse.optim.biz\/index.php?rest_route=%2Fwp%2Fv2%2Fmedia&parent=116982"}],"wp:term":[{"taxonomy":"category","embeddable":true,"href":"https:\/\/analyse.optim.biz\/index.php?rest_route=%2Fwp%2Fv2%2Fcategories&post=116982"},{"taxonomy":"post_tag","embeddable":true,"href":"https:\/\/analyse.optim.biz\/index.php?rest_route=%2Fwp%2Fv2%2Ftags&post=116982"}],"curies":[{"name":"wp","href":"https:\/\/api.w.org\/{rel}","templated":true}]}}