{"id":116965,"date":"2018-05-30T22:55:37","date_gmt":"2018-05-30T19:55:37","guid":{"rendered":"https:\/\/analyse.optim.biz\/?p=116965"},"modified":"2018-05-30T22:55:37","modified_gmt":"2018-05-30T19:55:37","slug":"t-toader-ma-astept-ca-presedintele-sa-respecte-decizia-ccr","status":"publish","type":"post","link":"https:\/\/analyse.optim.biz\/?p=116965","title":{"rendered":"T. Toader: M\u0103 a\u015ftept ca pre\u015fedintele s\u0103 respecte decizia CCR"},"content":{"rendered":"<div class=\"entry data-app-meta data-app-meta-article\" data-embed-base-url-canonical=\"https:\/\/www.digi24.ro\/embed\/stiri\/actualitate\/politica\/t-toader-ma-astept-ca-presedintele-sa-respecte-decizia-ccr-938892\">\n<p data-index=\"1\"><strong>Ministrul Justi\u0163iei, Tudorel Toader, consider\u0103 c\u0103 pre\u015fedintele Klaus Iohannis va da curs deciziei Cur\u0163ii Constitu\u0163ionale a Rom\u00e2niei (CCR) \u00een ceea ce prive\u015fte revocarea din func\u0163ie a \u015fefei Direc\u0163iei Na\u0163ionale Anticorup\u0163ie (DNA), Laura Codru\u0163a Kovesi, declar\u00e2ndu-se convins c\u0103 \u015feful statului nu va \u00eenc\u0103lca Constitu\u0163ia.<\/strong><\/p>\n<figure class=\"article-thumb\"><img decoding=\"async\" src=\"https:\/\/analyse.optim.biz\/wp-content\/uploads\/2024\/09\/odawjnpjptemagfzad1jnzuymzflzdm0ztexmzi3njrly2zjmzlkzmzlntzlmq-thumb_.jpg\" alt=\"180222_DECLARATII_TUDOREL_TOADER_03_INQUAM_Photos_Octav_Ganea\" data-skip-htmlfix=\"1\" title=\"odawjnpjptemagfzad1jnzuymzflzdm0ztexmzi3njrly2zjmzlkzmzlntzlmq-thumb_\"><figcaption> FOTO: INQUAM PHOTOS &#8211; Octav Ganea <\/figcaption><\/figure>\n<p data-index=\"2\">\u201eM\u0103 a\u015ftept ca pre\u015fedintele s\u0103 respecte decizia CCR. Efectul juridic al deciziei se va produce din momentul \u00een care decizia motivat\u0103 se va publica \u00een Monitorul Oficial. Din momentul acela, se na\u015fte obliga\u0163ia constitu\u0163ional\u0103 a pre\u015fedintelui de a emite decretul de revocare cum spune dispozitivul Cur\u0163ii. Personal, nu cred c\u0103 pre\u015fedintele nu va da curs deciziei CCR\u201d, a declarat Toader miercuri sear\u0103 la Antena 3.<\/p>\n<p data-index=\"3\">Ministrul Justi\u0163iei a explicat c\u0103 \u00een momentul \u00een care decizia CCR va fi publicat\u0103 \u00een Monitorul Oficial, Iohannis va avea avea de ales \u00eentre a respecta solicitarea CCR \u015fi a nu o respecta, \u00eens\u0103 cea de-a doua variant\u0103 duce la nerespectarea Constitu\u0163iei. Toader se declar\u0103 convins c\u0103 pre\u015fedintele nu va \u00eenc\u0103lca Consitu\u0163ia.<\/p>\n<p data-index=\"4\">\u201e\u00cen momentul \u00een care se public\u0103 decizia, apare \u015fi obliga\u0163ia. I-a trecut timpul de reflec\u0163ie \u015fi are categoric dou\u0103 variante: s\u0103 respecte decizia Cur\u0163ii \u015fi a doua s\u0103 nu accepte. Nu excludem nici alt\u0103 ipotez\u0103. Poate s\u0103 vin\u0103 o demisie \u015fi atunci decretul r\u0103m\u00e2ne f\u0103r\u0103 obiect. Dar pre\u015fedintele are \u015fi o alt\u0103 variant\u0103. S\u0103 nu respecte decizia, dar echivaleaz\u0103 cu a nu respecta Constitu\u0163ia, pre\u015fedintele e om \u015fi el, mul\u0163i oameni au \u00eenc\u0103lcat Constitu\u0163ia, spre exemplu procurorul \u015fef al DNA. Eu sunt convins c\u0103 pre\u015fedintele nu va \u00eenc\u0103lca Constitu\u0163ia. Sigur c\u0103 \u00een Constitu\u0163ie nu sunt sanc\u0163iuni de-alea cu amenzi de la p\u00e2n\u0103 la sau \u00eenchisoare. Dar Constitu\u0163ia stabile\u015fte reperele statului de drept, or dac\u0103 garantul, cea mai reprezentativ\u0103 putere din stat, nu o respect\u0103&#8230;\u201d, a mai spus Toader.<\/p>\n<p data-index=\"5\">Ministrul a subliniat, \u00eens\u0103, c\u0103 nu crede c\u0103 Iohannis \u201e\u00ee\u015fi va permite o astfel de abordare\u201d.<\/p>\n<p data-index=\"6\">\u201ePutem spune c\u0103 exist\u0103 sanc\u0163iunea electoral\u0103, poporul \u0103sta c\u0103ruia de multe ori \u00eei d\u0103m aten\u0163ie doar \u00een momentele electorale, dar el ne evalueaz\u0103, ne judec\u0103, \u00een\u0163elege foarte profund c\u00e2nd vorbim de dragul discursului public sau nu \u015fi poporul \u0103sta poate s\u0103 judece din punct de vedere electoral. O alt\u0103 sanc\u0163iune este \u015fi o decizie la nivel politic. Nu cred c\u0103 pre\u015fedintele va avea aceast\u0103 abordare\u201d, a precizat Toader.<\/p>\n<p data-index=\"7\">Curtea Constitu\u0163ional\u0103 a admis, miercuri, sesizarea Guvernului privind un conflict juridic de natur\u0103 constitu\u0163ional\u0103 \u00eentre ministrul Justi\u0163iei \u015fi pre\u015fedintele Klaus Iohannis \u015fi \u00eentre Guvern \u015fi pre\u015fedinte, ca urmare a respingerii de c\u0103tre \u015feful statului a cererii de revocare a \u015fefei DNA, Laura Codru\u0163a Kovesi.<\/p>\n<p data-index=\"8\">Curtea Constitu\u0163ional\u0103 a constatat existen\u0163a unui conflict juridic de natur\u0103 constitu\u0163ional\u0103 \u00eentre ministrul Justi\u0163iei \u015fi pre\u015fedintele Klaus Iohannis, generat de refuzul \u015fefului statului de a da curs propunerii de revocare din func\u0163ie a procurorului-\u015fef al Direc\u0163iei Na\u0163ionale Anticorup\u0163ie, Laura Codru\u0163a K\u00f6vesi. CCR arat\u0103 c\u0103, pentru solu\u0163ionarea acestui conflict, pre\u015fedintele urmeaz\u0103 s\u0103 emit\u0103 decretul de revocare din func\u0163ie a procurorului-\u015fef al DNA. Ministrul Justi\u0163iei, Tudorel Toader, spune c\u0103 decizia CCR valorific\u0103 principiul constitu\u0163ional potrivit c\u0103ruia procurorii \u00ee\u015fi desf\u0103\u015foar\u0103 activitatea sub autoritatea ministrului Justi\u0163iei. Toader mai sus\u0163ine c\u0103 \u015feful statului nu are nici o abilitare legal\u0103 pentru evaluarea competen\u0163elor profesionale sau manageriale ale procurorilor de rang \u00eenalt, spre deosebire de ministrul Justi\u0163iei.<\/p>\n<p data-index=\"9\">Sursa: news.ro<\/p>\n<\/div>\n<p> Source URL: https:\/\/www.digi24.ro\/stiri\/actualitate\/politica\/t-toader-ma-astept-ca-presedintele-sa-respecte-decizia-ccr-938892<\/p>\n","protected":false},"excerpt":{"rendered":"<p>Ministrul Justi\u0163iei, Tudorel Toader, consider\u0103 c\u0103 pre\u015fedintele Klaus Iohannis va da curs deciziei Cur\u0163ii Constitu\u0163ionale a Rom\u00e2niei (CCR) \u00een ceea ce prive\u015fte revocarea din func\u0163ie a \u015fefei Direc\u0163iei Na\u0163ionale Anticorup\u0163ie (DNA), Laura Codru\u0163a Kovesi, declar\u00e2ndu-se convins c\u0103 \u015feful statului nu va \u00eenc\u0103lca Constitu\u0163ia. FOTO: INQUAM PHOTOS &#8211; Octav Ganea \u201eM\u0103 a\u015ftept ca pre\u015fedintele s\u0103 respecte [&hellip;]<\/p>\n","protected":false},"author":1,"featured_media":116966,"comment_status":"open","ping_status":"","sticky":false,"template":"","format":"standard","meta":{"footnotes":""},"categories":[2],"tags":[11],"class_list":["post-116965","post","type-post","status-publish","format-standard","has-post-thumbnail","hentry","category-politics","tag-digi24"],"_links":{"self":[{"href":"https:\/\/analyse.optim.biz\/index.php?rest_route=\/wp\/v2\/posts\/116965","targetHints":{"allow":["GET"]}}],"collection":[{"href":"https:\/\/analyse.optim.biz\/index.php?rest_route=\/wp\/v2\/posts"}],"about":[{"href":"https:\/\/analyse.optim.biz\/index.php?rest_route=\/wp\/v2\/types\/post"}],"author":[{"embeddable":true,"href":"https:\/\/analyse.optim.biz\/index.php?rest_route=\/wp\/v2\/users\/1"}],"replies":[{"embeddable":true,"href":"https:\/\/analyse.optim.biz\/index.php?rest_route=%2Fwp%2Fv2%2Fcomments&post=116965"}],"version-history":[{"count":0,"href":"https:\/\/analyse.optim.biz\/index.php?rest_route=\/wp\/v2\/posts\/116965\/revisions"}],"wp:featuredmedia":[{"embeddable":true,"href":"https:\/\/analyse.optim.biz\/index.php?rest_route=\/wp\/v2\/media\/116966"}],"wp:attachment":[{"href":"https:\/\/analyse.optim.biz\/index.php?rest_route=%2Fwp%2Fv2%2Fmedia&parent=116965"}],"wp:term":[{"taxonomy":"category","embeddable":true,"href":"https:\/\/analyse.optim.biz\/index.php?rest_route=%2Fwp%2Fv2%2Fcategories&post=116965"},{"taxonomy":"post_tag","embeddable":true,"href":"https:\/\/analyse.optim.biz\/index.php?rest_route=%2Fwp%2Fv2%2Ftags&post=116965"}],"curies":[{"name":"wp","href":"https:\/\/api.w.org\/{rel}","templated":true}]}}