{"id":116946,"date":"2018-05-31T09:10:47","date_gmt":"2018-05-31T06:10:47","guid":{"rendered":"https:\/\/analyse.optim.biz\/?p=116946"},"modified":"2018-05-31T09:10:47","modified_gmt":"2018-05-31T06:10:47","slug":"presa-internationala-despre-decizia-ccr-da-ministrului-justitiei-control-asupra-procurorilor-intr-unul-dintre-cele-mai-corupte-state-ale-ue","status":"publish","type":"post","link":"https:\/\/analyse.optim.biz\/?p=116946","title":{"rendered":"Presa interna\u021bional\u0103, despre decizia CCR: D\u0103 ministrului Justi\u0163iei control asupra procurorilor, \u00eentr-unul dintre cele mai corupte state ale UE"},"content":{"rendered":"<div class=\"entry data-app-meta data-app-meta-article\" data-embed-base-url-canonical=\"https:\/\/www.digi24.ro\/embed\/stiri\/actualitate\/politica\/reactia-presei-internationale-la-decizia-ccr-da-ministrului-justitiei-control-asupra-procurorilor-intr-unul-dintre-cele-mai-corupte-state-ale-ue-939002\">\n<p data-index=\"1\"><strong>Presa interna\u0163ional\u0103 scrie c\u0103 pre\u015fedintele rom\u00e2n Klaus Iohannis este nevoit s\u0103 o revoce pe \u015fefa DNA Laura Codru\u0163a Kovesi, a\u015fa cum cere Guvernul, \u00een pofida protestelor opozi\u0163iei \u015fi comunit\u0103\u0163ii interna\u0163ionale, potrivit hot\u0103r\u00e2rii de miercuri a Cur\u0163ii Constitu\u0163ionale. Agen\u0163ia de pres\u0103 AFP comenteaz\u0103 c\u0103 decizia CCR reprezint\u0103 &#8220;o victorie major\u0103 pentru Guvernul social-democrat&#8221;.<\/strong><\/p>\n<p data-index=\"2\"><img loading=\"lazy\" decoding=\"async\" class=\"alignnone size-full wp-image-939008\" src=\"https:\/\/analyse.optim.biz\/wp-content\/uploads\/2024\/09\/dz04mdamagfzad1inwziztaxymm4zta3mjuzmzm3njnlodriodc5ztc4oa-thumb_.jpg\" width=\"4088\" height=\"2044\" data-skip-htmlfix=\"1\" title=\"dz04mdamagfzad1inwziztaxymm4zta3mjuzmzm3njnlodriodc5ztc4oa-thumb_\"><\/p>\n<p data-index=\"3\"><span><strong>AFP<\/strong><\/span><\/p>\n<p data-index=\"4\">\u015eeful statului rom\u00e2n<em> \u201dnu are puteri discre\u0163ionare\u201d<\/em> \u00een acest domeniu \u015fi este necesar, astfel<em>, \u201ds\u0103 emit\u0103 un decret de revocare\u201d<\/em>, \u00een urma cererii Ministerului Justi\u0163iei, arat\u0103 CCR \u00eentr-o decizie f\u0103r\u0103 apel, care reprezint\u0103 o victorie major\u0103 pentru Guvernul social-democrat, comenteaz\u0103\u00a0<strong>AFP<\/strong>.<\/p>\n<p data-index=\"5\">Mai mul\u0163i reprezentan\u0163i ai coali\u0163iei de st\u00e2nga aflate la putere s-au felicitat imediat de acest anun\u0163, apreciind, ca pre\u015fedintele Senatului C\u0103lin Popescu-T\u0103riceanu, c\u0103 procurorul Kovesi<em> \u201dar fi trebuit s\u0103 demisioneze de mult timp\u201d.<\/em><\/p>\n<p data-index=\"6\">Opozi\u0163ia de centru-dreapta consider\u0103 \u00eens\u0103 c\u0103 aceast\u0103 decizie, adoptat\u0103 cu \u015fase voturi la trei,<em> \u201daduce o atingere grav\u0103 credibilit\u0103\u0163ii\u201d<\/em> CCR.<\/p>\n<p data-index=\"7\">Peste 1.000 de persoane au ie\u015fit \u00een strad\u0103, la Bucure\u015fti, pentru a-\u015fi exprima sus\u0163inerea fa\u0163\u0103 de Kovesi \u015fi a <em>\u201dap\u0103ra democra\u0163ia\u201d<\/em>, mai noteaz\u0103 agen\u0163ia francez\u0103.<\/p>\n<p data-index=\"8\"><em>\u201dCurtea Constitu\u0163ional\u0103, o ru\u015fine na\u0163ional\u0103\u201d sau \u201dNu vrem s\u0103 fim o na\u0163iune de ho\u0163i\u201d,<\/em> se putea citi pe pancarte purtate de manifestan\u0163i aduna\u0163i \u00een fa\u0163a sediului Guvernului.<\/p>\n<p data-index=\"9\">Considerat\u0103 de sus\u0163in\u0103torii s\u0103i un simbol al luptei \u00eempotriva corup\u0163iei \u00een Rom\u00e2nia, Kovesi, \u00een v\u00e2rst\u0103 de 44 de ani, a fost numit\u0103 la conucerea acestui parchet \u00een 2013 de fostul pre\u015fedinte de centru-dreapta Traian B\u0103sescu. Ea a fost confirmat\u0103 \u00een func\u0163ie \u00een 2016 de\u00a0Iohannis \u00eentr-un ultim mandat de trei ani.<\/p>\n<p data-index=\"10\">Aceast\u0103 fost\u0103 juc\u0103toare de baschet se afl\u0103 de mai multe luni \u00een colimatorul Guvernului social-democrat, c\u0103ruia i-a criticat proiecte controversate de reform\u0103 judiciar\u0103.<\/p>\n<p data-index=\"11\">Ministrul Justi\u0163iei Tudorel Toader a deschis \u00een februarie o procedur\u0103 viz\u00e2nd s\u0103 o revoce, acuz\u00e2nd-o c\u0103 a \u201d\u00eenc\u0103lcat Constitu\u0163ia\u201d \u015fi a \u201dd\u0103unat imaginii\u201d Rom\u00e2niei \u00een str\u0103in\u0103tate.<\/p>\n<p data-index=\"12\">Declar\u00e2ndu-se \u201dpu\u0163in convins\u201d de aceste argumente,\u00a0Iohannis s-a opus acestei proceduri, invoc\u00e2nd avizul negativ al Consiliului Superior al Magistraturii (CSM).<\/p>\n<p data-index=\"13\">Comisia European\u0103 (CE) \u015fi Consiliul Europei (CoE) &#8211; care se opun acestei reforme judiciare, apreciind c\u0103 poate d\u0103una independen\u0163ei magistra\u0163ilor \u015fi compromite lupta contra corup\u0163iei &#8211; au criticat procedura de revocare angajat\u0103 \u00eempotriva lui Kovesi.<\/p>\n<p data-index=\"14\">\u00centr-o \u0163ar\u0103 considerat\u0103 drept cangrenat\u0103 de corup\u0163ie, DNA \u015fi-a multiplicat \u00een ultimii ani dosarele viz\u00e2nd ale\u015fi la nivel local \u015fi na\u0163ional, ceea ce a antrenat critici \u00een clasa politic\u0103 \u015fi acuza\u0163ii de abuz de putere.<\/p>\n<p data-index=\"15\">Kovesi a declarat la sf\u00e2r\u015fitul lui februarie c\u0103, \u00een pofida unor \u201datacuri f\u0103r\u0103 precedent\u201d din partea Guvernului, DNA a trimis \u00een instan\u0163\u0103, \u00een 2017, aproximativ 1.000 de persoane, inclusiv trei mini\u015ftri, cinci deputa\u0163i \u015fi un senator.<\/p>\n<p data-index=\"16\">Mii de manifestan\u0163i au protestat \u00een iarn\u0103 \u00een Rom\u00e2nia, \u00een semn de sus\u0163inere a procurorului, iar o peti\u0163ie online \u00een favoarea unei men\u0163inerii \u00een func\u0163ie a primit aproximativ 110.000 de semn\u0103turi.<\/p>\n<p data-index=\"17\"><span><strong>Deutsche Welle<\/strong><\/span><\/p>\n<p data-index=\"18\">Dup\u0103 ce au ajuns la putere \u00een decembrie 2016, PSD \u015fi ALDE au c\u0103utat s\u0103 plaseze justi\u0163ia sub un control mai str\u00e2ns al Executivului, scrie\u00a0<strong>Deutsche Welle<\/strong>.<\/p>\n<p data-index=\"19\">\u00cen ultimii patru ani, DNA-ul lui Kovesi a anchetat 60 de oficiali rom\u00e2ni de rang \u00eenalt, incusiv un premier \u015fi peste 40 de parlamentari, dar \u015fi numero\u015fi rom\u00e2ni boga\u0163i, noteaz\u0103 DW.<\/p>\n<p data-index=\"20\">Liviu Dragnea, liderul PSD, este vizat de acuza\u0163ii de abuz, iar DNA preg\u0103te\u015fte un caz \u00eempotriva lui. El a fost condamnat la doi ani de \u00eenchisoare cu suspendare \u00een 2016, dup\u0103 ce a fost g\u0103sit vinovat de fraud\u0103 electoral\u0103.<\/p>\n<p data-index=\"21\">PSD a \u00eencercat la \u00eenceputul lui 2017 s\u0103 scoat\u0103 de sub inciden\u0163a penal\u0103 o serie de fapte de corup\u0163ie prin ordonan\u0163\u0103 de urgen\u0163\u0103, pe care a retars-o \u00een urma unor proteste de strad\u0103 uria\u015fe.<\/p>\n<p data-index=\"22\"><em>\u201dIndiferent ce decide Curtea, voi a\u015ftepta motivarea, o voi citi \u015fi voi ac\u0163iona adecvat\u201d, a<\/em> declarat\u00a0Iohannis \u00eenaintea hot\u0103r\u00e2rii CCR.<\/p>\n<p data-index=\"23\">El a apreciat c\u0103 motiva\u0163iile lui Toader \u00een vederea revoc\u0103rii lui\u00a0Kovesi con\u0163in \u201dargumente slabe\u201d \u015fi a ap\u0103rat-o.<\/p>\n<p data-index=\"24\">Sistemul judiciar din Rom\u00e2nia este vizat de un mecanism de monitorizare european.<\/p>\n<p data-index=\"25\">Toader a salutat hot\u0103r\u00e2rea CC \u015fi a apreciat c\u0103\u00a0Iohannis nu are <em>\u201dabilitatea legal\u0103 s\u0103 evalueze competen\u0163ele profesionale \u015fi manageriale ale procurorilor de rang \u00eenalt\u201d.<\/em><\/p>\n<p data-index=\"26\">El a pledat \u00een favoarea revoc\u0103rii lui Kovesi pe care a prezentat-o \u00een februarie drept \u201dautoritar\u0103\u201d, a acuzat c\u0103 procurorii au falsificat probe \u015fi a apreciat c\u0103 num\u0103rul achit\u0103rilor e prea mare.<\/p>\n<p data-index=\"27\">USR a denun\u0163at hot\u0103r\u00e2rea CC drept motivat\u0103 politic \u015fi menit\u0103 s\u0103 ajute PDS \u015fi a acuzat Guvernul c\u0103 vrea s\u0103 o \u00eenlocuiasc\u0103 pe Kovesi cu cineva mai \u201dascult\u0103tor\u201d.<\/p>\n<p data-index=\"28\">Tensiuni \u00eentre pre\u015fedintele de centru-dreapta \u015fi Guvernul de centru-st\u00e2nga au ap\u0103rut \u00een aprilie, c\u00e2nd\u00a0Iohannis a \u00eendemnat-o pe\u00a0Viorica Dancila, premierul rom\u00e2n, s\u0103 demisioneze.<\/p>\n<p data-index=\"29\"><span><strong>The Associated Press<\/strong><\/span><\/p>\n<p data-index=\"30\">Hot\u0103r\u00e2rea CCR i-a \u00eenfuriat pe rom\u00e2ni, iar 1.500 de persoane au protestat la Bucure\u015fti, iar alte sute de persoane s-au adunat la Timi\u015foara \u015fi Sibiu, denun\u0163\u00e2nd CCR drept \u201do sclav\u0103\u201d a PSD, scrie\u00a0<strong>The Associated Press<\/strong>.<\/p>\n<p data-index=\"31\"><strong>Plecarea lui Kovesi ar reprezenta o lovitur\u0103 la adresa DNA, respectat\u0103 de rom\u00e2ni obi\u015fnui\u0163i, Uniunea European\u0103 (UE) \u015fi Statele Unite, comenteaz\u0103 AP.<\/strong><\/p>\n<p data-index=\"32\">Procurorul\u00a0Daniel Horodniceanu a criticat hot\u0103r\u00e2rea CC, apreciind c\u0103 d\u0103 prea mult\u0103 autoritate Ministerului Justi\u0163iei.<\/p>\n<p data-index=\"33\">USR a acuzat CC c\u0103 \u00eel priveaz\u0103 pe pre\u015fedinte de puteri \u015fi-l transform\u0103 \u00eentr-un simplu func\u0163ionar.<\/p>\n<p data-index=\"34\"><span><strong>REUTERS<\/strong><\/span><\/p>\n<p data-index=\"35\">Hot\u0103r\u00e2rea CCR limiteaz\u0103 puterile pre\u015fedintelui \u015fi acord\u0103 ministrului Justi\u0163iei, numit politic, un control mai mare asupra procurorilor \u00eentr-unul dintre cele mai corupte state membre UE, comenteaz\u0103\u00a0<strong>Reuters<\/strong>.<\/p>\n<p data-index=\"36\">CCR consider\u0103 opozi\u0163ia lui\u00a0Iohannis fa\u0163\u0103 de revocarea lui Kovesi nefondat\u0103 \u015fi a respins-o.<\/p>\n<p data-index=\"37\">Legal, pre\u015fedintele are ultimul cuv\u00e2nt de spus \u00een revocarea procurorilor-\u015fefi, cerut\u0103 de ministrul Justi\u0163iei \u015fi care necesit\u0103 aprobarea magistra\u0163ilor.<\/p>\n<p data-index=\"38\">\u00cens\u0103 CC a stabilit miercuri c\u0103 pre\u015fedintele nu are dreptul constitu\u0163ional s\u0103 se opun\u0103 unei cereri de revocare legale a ministrulu Justi\u0163iei.<\/p>\n<p data-index=\"39\">Prerogativa sa este s\u0103 evalueze legalitatea procedurii.<\/p>\n<p data-index=\"40\">Hot\u0103r\u00e2rile CCR au caracter obligatoriu, iar Curtea urmeaz\u0103 s\u0103-\u015fi motiveze\u00a0ulterior hot\u0103r\u00e2rea de miercuri<\/p>\n<p data-index=\"41\"><em>\u201dLa o prim\u0103 citire, pre\u015fedintele poate \u00een continuare s\u0103 resping\u0103 revocarea, dac\u0103 poate g\u0103si argumente legale\u201d,<\/em> a declarat o expert\u0103 juridic\u0103, Laura \u015etefan. <em>\u201d\u00cens\u0103 hot\u0103r\u00e2rea (CC) reduce atribu\u0163iile pre\u015fedintelui \u015fi le spore\u015fte pe ale ministrului Justi\u0163iei\u201d,<\/em> a apreciat ea.<\/p>\n<p data-index=\"42\">Sondaje de opinie arat\u0103 c\u0103 rom\u00e2nii au mai mult\u0103 \u00eencredere \u00een sistemul judiciar dec\u00e2t \u00een Parlament ori Guvern.<\/p>\n<p data-index=\"43\"><span><strong>Politico<\/strong><\/span><\/p>\n<p data-index=\"44\">UE a plasat Rom\u00e2nia, la aderarea sa la blocul european, \u00een 2007, sub un mecanism de monitorizare a corup\u0163iei \u015fi reformei judiciare, iar DNA, \u00eenfiin\u0163at\u0103 \u00een 2002, s-a impus abia dup\u0103 instalarea lui Kovesi \u00een 2013, comenteaz\u0103\u00a0<strong>Politico<\/strong>.<\/p>\n<p data-index=\"45\">Mul\u0163i o consider\u0103 drept fa\u0163a uman\u0103 a luptei \u00eempotriva corup\u0163iei \u00een Rom\u00e2nia, iar al\u0163ii, inclusiv politicieni din coali\u0163ia aflat\u0103 la putere, o acuz\u0103 c\u0103 face jocuri politice, comenteaz\u0103 publica\u0163ia.<\/p>\n<\/div>\n<p> Source URL: https:\/\/www.digi24.ro\/stiri\/actualitate\/politica\/reactia-presei-internationale-la-decizia-ccr-da-ministrului-justitiei-control-asupra-procurorilor-intr-unul-dintre-cele-mai-corupte-state-ale-ue-939002<\/p>\n","protected":false},"excerpt":{"rendered":"<p>Presa interna\u0163ional\u0103 scrie c\u0103 pre\u015fedintele rom\u00e2n Klaus Iohannis este nevoit s\u0103 o revoce pe \u015fefa DNA Laura Codru\u0163a Kovesi, a\u015fa cum cere Guvernul, \u00een pofida protestelor opozi\u0163iei \u015fi comunit\u0103\u0163ii interna\u0163ionale, potrivit hot\u0103r\u00e2rii de miercuri a Cur\u0163ii Constitu\u0163ionale. Agen\u0163ia de pres\u0103 AFP comenteaz\u0103 c\u0103 decizia CCR reprezint\u0103 &#8220;o victorie major\u0103 pentru Guvernul social-democrat&#8221;. AFP \u015eeful statului [&hellip;]<\/p>\n","protected":false},"author":1,"featured_media":116947,"comment_status":"open","ping_status":"","sticky":false,"template":"","format":"standard","meta":{"footnotes":""},"categories":[2],"tags":[11],"class_list":["post-116946","post","type-post","status-publish","format-standard","has-post-thumbnail","hentry","category-politics","tag-digi24"],"_links":{"self":[{"href":"https:\/\/analyse.optim.biz\/index.php?rest_route=\/wp\/v2\/posts\/116946","targetHints":{"allow":["GET"]}}],"collection":[{"href":"https:\/\/analyse.optim.biz\/index.php?rest_route=\/wp\/v2\/posts"}],"about":[{"href":"https:\/\/analyse.optim.biz\/index.php?rest_route=\/wp\/v2\/types\/post"}],"author":[{"embeddable":true,"href":"https:\/\/analyse.optim.biz\/index.php?rest_route=\/wp\/v2\/users\/1"}],"replies":[{"embeddable":true,"href":"https:\/\/analyse.optim.biz\/index.php?rest_route=%2Fwp%2Fv2%2Fcomments&post=116946"}],"version-history":[{"count":0,"href":"https:\/\/analyse.optim.biz\/index.php?rest_route=\/wp\/v2\/posts\/116946\/revisions"}],"wp:featuredmedia":[{"embeddable":true,"href":"https:\/\/analyse.optim.biz\/index.php?rest_route=\/wp\/v2\/media\/116947"}],"wp:attachment":[{"href":"https:\/\/analyse.optim.biz\/index.php?rest_route=%2Fwp%2Fv2%2Fmedia&parent=116946"}],"wp:term":[{"taxonomy":"category","embeddable":true,"href":"https:\/\/analyse.optim.biz\/index.php?rest_route=%2Fwp%2Fv2%2Fcategories&post=116946"},{"taxonomy":"post_tag","embeddable":true,"href":"https:\/\/analyse.optim.biz\/index.php?rest_route=%2Fwp%2Fv2%2Ftags&post=116946"}],"curies":[{"name":"wp","href":"https:\/\/api.w.org\/{rel}","templated":true}]}}