{"id":116934,"date":"2018-05-31T09:24:36","date_gmt":"2018-05-31T06:24:36","guid":{"rendered":"https:\/\/analyse.optim.biz\/?p=116934"},"modified":"2018-05-31T09:24:36","modified_gmt":"2018-05-31T06:24:36","slug":"cum-au-votat-judecatorii-din-ccr-in-cazul-kovesi","status":"publish","type":"post","link":"https:\/\/analyse.optim.biz\/?p=116934","title":{"rendered":"Cum au votat judec\u0103torii din CCR \u00een cazul Kovesi"},"content":{"rendered":"<div class=\"entry data-app-meta data-app-meta-article\" data-embed-base-url-canonical=\"https:\/\/www.digi24.ro\/embed\/stiri\/actualitate\/justitie\/cum-au-votat-judecatorii-din-ccr-in-cazul-kovesi-939018\">\n<p data-index=\"1\"><strong>Votul judec\u0103torilor Cur\u0163ii Constitu\u0163ionale \u00een cazul deciziei privind refuzul revoc\u0103rii \u015fefei DNA, Laura Codru\u0163a Kovesi, a fost de 6 la 3, potrivit unor surse judiciare citate de <a href=\"https:\/\/www.agerpres.ro\/justitie\/2018\/05\/30\/votul-judecatorilor-ccr-in-cazul-conflictului-legat-de-kovesi-6-la-3-stanciu-morar-si-minea-opinie-separata-surse--117978\" data-skip-linkfix=\"1\">Agerpres<\/a>.\u00a0<\/strong><\/p>\n<p data-index=\"2\"><img loading=\"lazy\" decoding=\"async\" class=\"alignnone size-full wp-image-919577\" src=\"https:\/\/analyse.optim.biz\/wp-content\/uploads\/2024\/09\/jnc9odawjmhhc2g9ymuymdq5mmqyody2ntfinwzjnwm0mdi1mda2ogfkmwy-thumb_.jpg\" width=\"753\" height=\"422\" data-skip-htmlfix=\"1\" title=\"jnc9odawjmhhc2g9ymuymdq5mmqyody2ntfinwzjnwm0mdi1mda2ogfkmwy-thumb_\"><\/p>\n<p> Sursele citate au ar\u0103tat c\u0103 au f\u0103cut opinie separat\u0103 judec\u0103torii Livia Stanciu, Daniel Morar \u015fi \u015etefan Minea.\u00a0<\/p>\n<p> Curtea Constitu\u0163ional\u0103 a Rom\u00e2niei a constatat, miercuri, c\u0103\u00a0<a href=\"https:\/\/www.digi24.ro\/stiri\/actualitate\/justitie\/ccr-decide-pe-tema-conflictului-intre-puteri-in-cazul-respingerii-revocarii-sefei-dna-938364\" data-skip-linkfix=\"1\"><strong>exist\u0103 conflict \u00eentre puteri \u00een cazul respingerii revoc\u0103rii \u015fefei DNA, Laura Codru\u0163a Kovesi.<\/strong><\/a><\/p>\n<p> Pre\u015fedintele CCR, Valer Dorneanu, a anun\u0163at c\u0103 plenul Cur\u0163ii, cu majoritate de voturi, a admis sesizarea premierului cu privire la acel conflict de competen\u0163\u0103, constat\u00e2ndu-se conflict \u00eentre ministrul Justi\u0163iei \u015fi pre\u015fedinte determinat de refuzul \u015fefului statului de a da curs cererii de revocare a \u015fefei DNA.\u00a0<\/p>\n<\/div>\n<p> Source URL: https:\/\/www.digi24.ro\/stiri\/actualitate\/justitie\/cum-au-votat-judecatorii-din-ccr-in-cazul-kovesi-939018<\/p>\n","protected":false},"excerpt":{"rendered":"<p>Votul judec\u0103torilor Cur\u0163ii Constitu\u0163ionale \u00een cazul deciziei privind refuzul revoc\u0103rii \u015fefei DNA, Laura Codru\u0163a Kovesi, a fost de 6 la 3, potrivit unor surse judiciare citate de Agerpres.\u00a0 Sursele citate au ar\u0103tat c\u0103 au f\u0103cut opinie separat\u0103 judec\u0103torii Livia Stanciu, Daniel Morar \u015fi \u015etefan Minea.\u00a0 Curtea Constitu\u0163ional\u0103 a Rom\u00e2niei a constatat, miercuri, c\u0103\u00a0exist\u0103 conflict \u00eentre [&hellip;]<\/p>\n","protected":false},"author":1,"featured_media":116935,"comment_status":"open","ping_status":"","sticky":false,"template":"","format":"standard","meta":{"footnotes":""},"categories":[2],"tags":[11],"class_list":["post-116934","post","type-post","status-publish","format-standard","has-post-thumbnail","hentry","category-politics","tag-digi24"],"_links":{"self":[{"href":"https:\/\/analyse.optim.biz\/index.php?rest_route=\/wp\/v2\/posts\/116934","targetHints":{"allow":["GET"]}}],"collection":[{"href":"https:\/\/analyse.optim.biz\/index.php?rest_route=\/wp\/v2\/posts"}],"about":[{"href":"https:\/\/analyse.optim.biz\/index.php?rest_route=\/wp\/v2\/types\/post"}],"author":[{"embeddable":true,"href":"https:\/\/analyse.optim.biz\/index.php?rest_route=\/wp\/v2\/users\/1"}],"replies":[{"embeddable":true,"href":"https:\/\/analyse.optim.biz\/index.php?rest_route=%2Fwp%2Fv2%2Fcomments&post=116934"}],"version-history":[{"count":0,"href":"https:\/\/analyse.optim.biz\/index.php?rest_route=\/wp\/v2\/posts\/116934\/revisions"}],"wp:featuredmedia":[{"embeddable":true,"href":"https:\/\/analyse.optim.biz\/index.php?rest_route=\/wp\/v2\/media\/116935"}],"wp:attachment":[{"href":"https:\/\/analyse.optim.biz\/index.php?rest_route=%2Fwp%2Fv2%2Fmedia&parent=116934"}],"wp:term":[{"taxonomy":"category","embeddable":true,"href":"https:\/\/analyse.optim.biz\/index.php?rest_route=%2Fwp%2Fv2%2Fcategories&post=116934"},{"taxonomy":"post_tag","embeddable":true,"href":"https:\/\/analyse.optim.biz\/index.php?rest_route=%2Fwp%2Fv2%2Ftags&post=116934"}],"curies":[{"name":"wp","href":"https:\/\/api.w.org\/{rel}","templated":true}]}}