{"id":116759,"date":"2018-06-04T17:19:40","date_gmt":"2018-06-04T14:19:40","guid":{"rendered":"https:\/\/analyse.optim.biz\/?p=116759"},"modified":"2018-06-04T17:19:40","modified_gmt":"2018-06-04T14:19:40","slug":"tariceanu-criticat-pe-tema-declaratiilor-despre-referendumuri-schimba-principiile-cand-interesele-stapanilor-sai-socialisti-o-cer","status":"publish","type":"post","link":"https:\/\/analyse.optim.biz\/?p=116759","title":{"rendered":"T\u0103riceanu, criticat pe tema declara\u021biilor despre referendumuri: \u201eSchimb\u0103 principiile c\u00e2nd interesele st\u0103p\u00e2nilor s\u0103i sociali\u0219ti o cer\u201d"},"content":{"rendered":"<div class=\"entry data-app-meta data-app-meta-article\" data-embed-base-url-canonical=\"https:\/\/www.digi24.ro\/embed\/stiri\/actualitate\/politica\/tariceanu-criticat-pe-tema-declaratiilor-despre-referendumuri-schimba-principiile-cand-interesele-stapanilor-sai-socialisti-o-cer-941080\">\n<p data-index=\"1\"><strong>Mai multe voci din USR \u00eel critic\u0103 pe C\u0103lin Popescu T\u0103riceanu, pre\u0219edintele Senatului, dup\u0103 <a href=\"https:\/\/www.digi24.ro\/stiri\/actualitate\/justitie\/tariceanu-ce-sa-facem-sa-invingem-decizia-ccr-cu-un-referendum-nu-se-poate-asa-ceva-939831\" target=\"_blank\" rel=\"noopener\" data-skip-linkfix=\"1\">declara\u021biile f\u0103cute zilele trecute, conform c\u0103rora referendumurile sunt caracteristice regimurilor totalitare<\/a>. Cristian Ghinea \u0219i Clotilde Armand au amintit \u00een acest context de mai multe declara\u021bii ale pre\u0219edintelui Senatului \u00een care sus\u021binea referendumuri pe mai multe teme.<\/strong><\/p>\n<figure class=\"article-thumb\"><img decoding=\"async\" src=\"https:\/\/analyse.optim.biz\/wp-content\/uploads\/2024\/09\/ntjinzbkmdixotfhntbhn2iwyzzhmtm0odm-thumb_-1.jpg\" alt=\"170614_CONFERINTA_DRAGNEA_TARICEANU_03_INQUAM_Photos_George_Calin\" data-skip-htmlfix=\"1\" title=\"ntjinzbkmdixotfhntbhn2iwyzzhmtm0odm-thumb_-1\"><figcaption> Foto: InquamPhotos\/George C\u0103lin <\/figcaption><\/figure>\n<p data-index=\"2\">C\u0103lin Popescu T\u0103riceanu<a href=\"https:\/\/www.digi24.ro\/stiri\/actualitate\/justitie\/tariceanu-ce-sa-facem-sa-invingem-decizia-ccr-cu-un-referendum-nu-se-poate-asa-ceva-939831\" target=\"_blank\" rel=\"noopener\" data-skip-linkfix=\"1\"> a declarat, vineri, la Digi24<\/a>, \u00een contextul organiz\u0103rii unui referendum \u00een urma deciziei CCR privind conflictul institu\u0163ional pre\u015fedinte-ministrul Justi\u0163iei privind revocarea procurorului-\u0219ef al DNA, c\u0103 reprezint\u0103\u00a0\u201eo instigare la nerespectarea Constitu\u0163iei \u015fi a deciziilor Cur\u0163ii\u201d.<\/p>\n<p data-index=\"3\">\u00cen replic\u0103, mai mul\u021bi membri din Uniunea Salva\u021bi Rom\u00e2nia \u00eel critic\u0103 \u0219i amintesc de numeroasele declara\u021bii ale lui C\u0103lin Popescu T\u0103riceanu \u00een care sus\u021binea realizarea de referendumuri pe mai multe subiecte arz\u0103toare la acea vreme.<\/p>\n<p data-index=\"4\">\u201ePremiul Agami\u021b\u0103 Dandanache merge la C\u0103lin Popescu-T\u0103riceanu, un om care schimb\u0103 principiile c\u00e2nd interesele st\u0103p\u00e2nilor s\u0103i sociali\u0219ti o cer. T\u0103riceanu \u00een 2012 ne spunea c\u0103 expresia democra\u021biei este referendumul, \u00een 2018 ne spune c\u0103 referendumul este apanajul statelor totalitare\u201d, afirm\u0103 deputatul USR Cristian Ghinea, care <a href=\"https:\/\/www.facebook.com\/Cristian.Ghinea.Oficial\/videos\/1747801765312435\/?hc_ref=ARR799oK9hElFLb3oJSA6uBrENbuAkNPpL-nJQkyAxf7kIgeFoXLB-AD_mHR0K05BmI\" target=\"_blank\" rel=\"noopener\" data-skip-linkfix=\"1\">public\u0103 un fragment video din 2012 de la referendumul pentru suspendarea pre\u0219edintelui Rom\u00e2niei<\/a>.<\/p>\n<p data-index=\"5\">\u201eInstitu\u021biile democratice func\u021bioneaz\u0103. Decizia final\u0103 va fi luat\u0103 de cet\u0103\u021beni prin referendum. Nu trebuie s\u0103 uit\u0103m c\u0103 cea care va avea \u00eens\u0103 cuv\u00e2ntul decisiv va fi poporul rom\u00e2n. Este perfect legitim \u0219i democratic\u201d, declara T\u0103riceanu \u00een iulie 2012, din plenul Parlamentului.<\/p>\n<p data-index=\"6\">Mai mult, Clotilde Armand atrage aten\u021bia la mai multe declara\u021bii f\u0103cute de C\u0103lin Popescu T\u0103riceanu cu privire la posibile chem\u0103ri ale oamenilor la vot.<\/p>\n<p data-index=\"7\">\u201eLiberalul ro\u0219u a uitat brusc c\u0103 era unul din sus\u0163in\u0103torii de frunte al folosirii acestui instrument\u201d, subliniaz\u0103 consilierul USR de la prim\u0103ria sectorului 1.<\/p>\n<p data-index=\"8\">\u201eIat\u0103 dovada:<\/p>\n<p data-index=\"9\"><em>2007 &#8211; &#8221;Respect \u00eentru totul prerogativa pre\u015fedintelui de a ini\u0163ia un referendum pe tema votului uninominal.&#8221;<\/em><\/p>\n<p data-index=\"10\"><em>2009 &#8211; &#8221;Avem de-a face cu o frumoas\u0103 \u015fmecherie politic\u0103&#8221; (despre referendumul pentru reducerea num\u0103rului de parlamentari la 300)<\/em><\/p>\n<p data-index=\"11\"><em>2012 &#8211; &#8221;Este perfect legitim \u0219i democratic ca faptele pre\u0219edintelui (T. B\u0103sescu) s\u0103 fie supuse evalu\u0103rii rom\u00e2nilor. Parlamentul convoac\u0103 ast\u0103zi un referendum, iar poporul va spune dac\u0103 are nemul\u021bumiri.&#8221;<\/em><\/p>\n<p data-index=\"12\"><em>2014 &#8211; &#8220;Propun ini\u0163ierea procedurii constitu\u0163ionale de suspendare \u015fi demitere a Pre\u015fedintelui Rom\u00e2niei, av\u00e2nd urm\u0103torul calendar: suspendarea de c\u0103tre Parlament a Pre\u015fedintelui Rom\u00e2niei \u00een \u0219i organizarea Referendumului de demitere&#8230;&#8221;<\/em><\/p>\n<p data-index=\"13\"><em>2017 &#8211; &#8221;Organizarea unui referendum, o atitudine caracteristic\u0103 regimurilor totalitare \u00een care dictatorul discut\u0103 direct cu poporul.&#8221; (despre un posibil referendum pe tema continu\u0103rii luptei \u00eempotriva corup\u0163iei)<\/em><\/p>\n<p data-index=\"14\"><em>2018 &#8211; &#8221;E caracteristic regimurilor totalitare. Nu se poate a\u015fa ceva!&#8221; (despre posibilitatea ca pre\u0219edintele Iohannis s\u0103 demareze un referendum)<\/em><\/p>\n<p data-index=\"15\">A\u0219adar, nu este u\u0219or s\u0103 realizezi dac\u0103 o persoan\u0103 are dubl\u0103 personalitate dar anumite simptome pot fi luate \u00een seama. Dl T\u0103riceanu este un exemplu perfect\u201d, arat\u0103 Clotilde Armand \u00eentr-un mesaj pe pagina sa de Facebook.<\/p>\n<p data-index=\"16\">De altfel, pre\u0219edintele Senatului \u0219i-a exprimat \u00een repetate r\u00e2nduri, \u00een <a href=\"https:\/\/www.digi24.ro\/stiri\/actualitate\/social\/tariceanu-referendumul-pentru-definirea-familiei-cel-mai-probabil-in-toamna-735211\" target=\"_blank\" rel=\"noopener\" data-skip-linkfix=\"1\">mai 2017<\/a> \u0219i <a href=\"https:\/\/www.digi24.ro\/stiri\/actualitate\/politica\/redefinirea-familiei-tariceanu-romania-nu-va-deveni-mai-putin-liberala-902142\" target=\"_blank\" rel=\"noopener\" data-skip-linkfix=\"1\">martie 2018<\/a>, sus\u021binerea pentru referendumul <span lang=\"ro-RO\">pe tema redefinirii familiei \u00een Constitu\u0163ie.<\/span><\/p>\n<p data-index=\"17\">\u201e<span lang=\"ro-RO\">Eu r\u0103m\u00e2n la convingerea c\u0103 nu putem s\u0103 neglij\u0103m trei milioane de semn\u0103turi ale cet\u0103\u0163enilor rom\u00e2ni pe aceast\u0103 problem\u0103. Suntem obliga\u0163i, practic, s\u0103 organiz\u0103m un referendum \u015fi, sigur, celor care au \u00eengrijor\u0103ri c\u0103 Rom\u00e2nia va deveni mai pu\u0163in liberal\u0103, eu am s\u0103 le spun c\u0103 nu. Avem \u00een acela\u015fi timp \u00een vedere s\u0103 cadr\u0103m, din punct de vedere legal, c\u00e2t mai bine parteneriatul civil \u015fi \u00een a\u015fa fel \u00eenc\u00e2t s\u0103 putem da un anumit confort \u015fi celor care apar\u0163in altor tipuri de minorit\u0103\u0163i\u201d, afirma C\u0103lin Popescu T\u0103riceanu \u00een urm\u0103 cu trei luni.<\/span><\/p>\n<p data-index=\"18\">\u00a0<\/p>\n<\/div>\n<p> Source URL: https:\/\/www.digi24.ro\/stiri\/actualitate\/politica\/tariceanu-criticat-pe-tema-declaratiilor-despre-referendumuri-schimba-principiile-cand-interesele-stapanilor-sai-socialisti-o-cer-941080<\/p>\n","protected":false},"excerpt":{"rendered":"<p>Mai multe voci din USR \u00eel critic\u0103 pe C\u0103lin Popescu T\u0103riceanu, pre\u0219edintele Senatului, dup\u0103 declara\u021biile f\u0103cute zilele trecute, conform c\u0103rora referendumurile sunt caracteristice regimurilor totalitare. Cristian Ghinea \u0219i Clotilde Armand au amintit \u00een acest context de mai multe declara\u021bii ale pre\u0219edintelui Senatului \u00een care sus\u021binea referendumuri pe mai multe teme. Foto: InquamPhotos\/George C\u0103lin C\u0103lin Popescu [&hellip;]<\/p>\n","protected":false},"author":1,"featured_media":116760,"comment_status":"open","ping_status":"","sticky":false,"template":"","format":"standard","meta":{"footnotes":""},"categories":[2],"tags":[11],"class_list":["post-116759","post","type-post","status-publish","format-standard","has-post-thumbnail","hentry","category-politics","tag-digi24"],"_links":{"self":[{"href":"https:\/\/analyse.optim.biz\/index.php?rest_route=\/wp\/v2\/posts\/116759","targetHints":{"allow":["GET"]}}],"collection":[{"href":"https:\/\/analyse.optim.biz\/index.php?rest_route=\/wp\/v2\/posts"}],"about":[{"href":"https:\/\/analyse.optim.biz\/index.php?rest_route=\/wp\/v2\/types\/post"}],"author":[{"embeddable":true,"href":"https:\/\/analyse.optim.biz\/index.php?rest_route=\/wp\/v2\/users\/1"}],"replies":[{"embeddable":true,"href":"https:\/\/analyse.optim.biz\/index.php?rest_route=%2Fwp%2Fv2%2Fcomments&post=116759"}],"version-history":[{"count":0,"href":"https:\/\/analyse.optim.biz\/index.php?rest_route=\/wp\/v2\/posts\/116759\/revisions"}],"wp:featuredmedia":[{"embeddable":true,"href":"https:\/\/analyse.optim.biz\/index.php?rest_route=\/wp\/v2\/media\/116760"}],"wp:attachment":[{"href":"https:\/\/analyse.optim.biz\/index.php?rest_route=%2Fwp%2Fv2%2Fmedia&parent=116759"}],"wp:term":[{"taxonomy":"category","embeddable":true,"href":"https:\/\/analyse.optim.biz\/index.php?rest_route=%2Fwp%2Fv2%2Fcategories&post=116759"},{"taxonomy":"post_tag","embeddable":true,"href":"https:\/\/analyse.optim.biz\/index.php?rest_route=%2Fwp%2Fv2%2Ftags&post=116759"}],"curies":[{"name":"wp","href":"https:\/\/api.w.org\/{rel}","templated":true}]}}