{"id":116756,"date":"2018-06-04T17:51:55","date_gmt":"2018-06-04T14:51:55","guid":{"rendered":"https:\/\/analyse.optim.biz\/?p=116756"},"modified":"2018-06-04T17:51:55","modified_gmt":"2018-06-04T14:51:55","slug":"grupul-pmp-din-senat-se-desfiinteaza-inca-un-parlamentar-a-plecat-la-psd","status":"publish","type":"post","link":"https:\/\/analyse.optim.biz\/?p=116756","title":{"rendered":"Grupul PMP din Senat se desfiin\u021beaz\u0103. \u00cenc\u0103 un parlamentar a plecat la PSD"},"content":{"rendered":"<div class=\"entry data-app-meta data-app-meta-article\" data-embed-base-url-canonical=\"https:\/\/www.digi24.ro\/embed\/stiri\/actualitate\/politica\/grupul-pmp-din-senat-se-desfiinteaza-inca-un-parlamentar-a-plecat-la-psd-941102\">\n<p data-index=\"1\"><strong>Senatorul Iustin Talpo\u015f \u015fi-a anun\u0163at, luni, \u00een plen, demisia din PMP \u015fi trecerea la PSD, ceea ce duce \u015fi la desfiin\u0163area grupului PMP din Senat.<\/strong><\/p>\n<p data-index=\"2\"><img loading=\"lazy\" decoding=\"async\" class=\"alignnone size-full wp-image-941104\" src=\"https:\/\/analyse.optim.biz\/wp-content\/uploads\/2024\/09\/jnc9odawjmhhc2g9ogmxmtvjodbkzdhmmwq3nzmwodniogjlytg1ztu4ywq-thumb_.jpg\" width=\"298\" height=\"448\" data-skip-htmlfix=\"1\" title=\"jnc9odawjmhhc2g9ogmxmtvjodbkzdhmmwq3nzmwodniogjlytg1ztu4ywq-thumb_\"><\/p>\n<p data-index=\"3\">\u201eVreau s\u0103 v\u0103 anun\u0163 c\u0103 demisionez din grupul parlamentar PMP \u015fi \u00eencep\u00e2nd de azi voi activa \u00een grupul parlamentar al PSD\u201d, a declarat Iustin Talpo\u015f, potrivit News.ro.<\/p>\n<p data-index=\"4\">La r\u00e2ndul s\u0103u, liderul grupului PSD, \u015eerban Nicolae, a precizat c\u0103 social-democra\u0163ii au \u00een acest moment jum\u0103tate plus unu din totalul senatorilor.<\/p>\n<p data-index=\"5\">\u201eGrupul parlamentar al PSD din Senatul Rom\u00e2niei num\u0103r\u0103 68 de senatori plus cel care v\u0103 vorbe\u015fte, ceea ce \u00eenseamn\u0103 c\u0103 la acest moment grupul nostru reprezint\u0103 jum\u0103tate plus unu din total senatori, a\u015fa cum se prezint\u0103 ast\u0103zi\u201d, a afirmat \u015eerban Nicolae.<\/p>\n<p data-index=\"6\">Tot el a precizat c\u0103 grupul PMP nu mai func\u0163ioneaz\u0103, \u00eentruc\u00e2t nu mai \u00eentrune\u015fte num\u0103rul minim de membri, respectiv \u015fapte.<\/p>\n<p data-index=\"7\">Potrivit Regulamentului Senatului, un grup parlamentar poate fi constituit \u015fi poate func\u0163iona numai dac\u0103 are cel pu\u0163in \u015fapte senatori care au fost ale\u015fi pe listele aceluia\u015fi partid, ale aceleia\u015fi organiza\u0163ii a cet\u0103\u0163enilor apar\u0163in\u00e2nd minorit\u0103\u0163ilor na\u0163ionale, alian\u0163e politice sau alian\u0163e electorale.<\/p>\n<p data-index=\"8\">\u00a0<\/p>\n<\/div>\n<p> Source URL: https:\/\/www.digi24.ro\/stiri\/actualitate\/politica\/grupul-pmp-din-senat-se-desfiinteaza-inca-un-parlamentar-a-plecat-la-psd-941102<\/p>\n","protected":false},"excerpt":{"rendered":"<p>Senatorul Iustin Talpo\u015f \u015fi-a anun\u0163at, luni, \u00een plen, demisia din PMP \u015fi trecerea la PSD, ceea ce duce \u015fi la desfiin\u0163area grupului PMP din Senat. \u201eVreau s\u0103 v\u0103 anun\u0163 c\u0103 demisionez din grupul parlamentar PMP \u015fi \u00eencep\u00e2nd de azi voi activa \u00een grupul parlamentar al PSD\u201d, a declarat Iustin Talpo\u015f, potrivit News.ro. La r\u00e2ndul s\u0103u, [&hellip;]<\/p>\n","protected":false},"author":1,"featured_media":116757,"comment_status":"open","ping_status":"","sticky":false,"template":"","format":"standard","meta":{"footnotes":""},"categories":[2],"tags":[11],"class_list":["post-116756","post","type-post","status-publish","format-standard","has-post-thumbnail","hentry","category-politics","tag-digi24"],"_links":{"self":[{"href":"https:\/\/analyse.optim.biz\/index.php?rest_route=\/wp\/v2\/posts\/116756","targetHints":{"allow":["GET"]}}],"collection":[{"href":"https:\/\/analyse.optim.biz\/index.php?rest_route=\/wp\/v2\/posts"}],"about":[{"href":"https:\/\/analyse.optim.biz\/index.php?rest_route=\/wp\/v2\/types\/post"}],"author":[{"embeddable":true,"href":"https:\/\/analyse.optim.biz\/index.php?rest_route=\/wp\/v2\/users\/1"}],"replies":[{"embeddable":true,"href":"https:\/\/analyse.optim.biz\/index.php?rest_route=%2Fwp%2Fv2%2Fcomments&post=116756"}],"version-history":[{"count":0,"href":"https:\/\/analyse.optim.biz\/index.php?rest_route=\/wp\/v2\/posts\/116756\/revisions"}],"wp:featuredmedia":[{"embeddable":true,"href":"https:\/\/analyse.optim.biz\/index.php?rest_route=\/wp\/v2\/media\/116757"}],"wp:attachment":[{"href":"https:\/\/analyse.optim.biz\/index.php?rest_route=%2Fwp%2Fv2%2Fmedia&parent=116756"}],"wp:term":[{"taxonomy":"category","embeddable":true,"href":"https:\/\/analyse.optim.biz\/index.php?rest_route=%2Fwp%2Fv2%2Fcategories&post=116756"},{"taxonomy":"post_tag","embeddable":true,"href":"https:\/\/analyse.optim.biz\/index.php?rest_route=%2Fwp%2Fv2%2Ftags&post=116756"}],"curies":[{"name":"wp","href":"https:\/\/api.w.org\/{rel}","templated":true}]}}