{"id":116753,"date":"2018-06-04T19:47:52","date_gmt":"2018-06-04T16:47:52","guid":{"rendered":"https:\/\/analyse.optim.biz\/?p=116753"},"modified":"2018-06-04T19:47:52","modified_gmt":"2018-06-04T16:47:52","slug":"scandal-la-senat-parlamentarii-usr-au-parasit-plenul-suntem-supusi-la-cenzura","status":"publish","type":"post","link":"https:\/\/analyse.optim.biz\/?p=116753","title":{"rendered":"Scandal la Senat. Parlamentarii USR au p\u0103r\u0103sit plenul: \u201eSuntem supu\u0219i la cenzur\u0103\u201d"},"content":{"rendered":"<div class=\"entry data-app-meta data-app-meta-article\" data-embed-base-url-canonical=\"https:\/\/www.digi24.ro\/embed\/stiri\/actualitate\/politica\/scandal-la-senat-parlamentarii-usr-au-parasit-plenul-suntem-supusi-la-cenzura-941148\">\n<p data-index=\"1\"><strong>Senatorii USR au p\u0103r\u0103sit, luni, lucr\u0103rile plenului Senatului, fiind nemul\u0163umi\u0163i de modul \u00een care pre\u015fedintele de \u015fedin\u0163\u0103, senatorul PSD Adrian \u0162u\u0163uianu, i s-a adresat lui Radu Mihail, coleg de partid, transmite Agerpres.<\/strong><\/p>\n<figure class=\"article-thumb\"><img decoding=\"async\" src=\"https:\/\/analyse.optim.biz\/wp-content\/uploads\/2024\/09\/emm9mszoyxnoptdiyzlknmnkmmi3ytjhnjq3ywe0zmizoddkzduwngfj-thumb_.jpg\" alt=\"171219_protest senat PARLAMENT_01_INQUAM_Photos_Octav_Ganea\" data-skip-htmlfix=\"1\" title=\"emm9mszoyxnoptdiyzlknmnkmmi3ytjhnjq3ywe0zmizoddkzduwngfj-thumb_\"><figcaption> Foto: InquamPhotos\/Octav Ganea <\/figcaption><\/figure>\n<p data-index=\"2\">Ini\u0163ial, senatorii USR au fost nemul\u0163umi\u0163i c\u0103 nu li s-ar fi respectat dreptul de a lua cuv\u00e2ntul, conform regulamentului, la proiectul de lege de abilitare a Guvernului de a emite ordonan\u0163e pe perioada vacan\u0163ei parlamentare.<\/p>\n<p data-index=\"3\">Ulterior, Florina Presad\u0103 a motivat votul \u00eempotriv\u0103 al USR \u015fi a precizat c\u0103 \u201eatunci c\u00e2nd USR va fi la guvernare, va face un proiect fundamentat pentru abilitarea Guvernului de a emite ordonan\u0163e\u201d.<\/p>\n<p data-index=\"4\">\u0162u\u0163uianu a replicat de la prezidiu c\u0103 acest fapt va fi f\u0103cut de \u201eun distins coleg n\u0103scut peste o sut\u0103 de ani\u201d.<\/p>\n<p data-index=\"5\">Potrivit lui Radu Mihail, dup\u0103 aceast\u0103 replic\u0103, el i-ar fi cerut lui Adrian \u0162u\u0163uianu s\u0103 ia cuv\u00e2ntul \u00een nume personal, \u015fi nu ca pre\u015fedinte de \u015fedin\u0163\u0103.<\/p>\n<p data-index=\"6\">\u201eAici e Parlament, nu maidan! Te rog frumos s\u0103 mergi \u00een sal\u0103! Exact a\u015fa, pentru c\u0103 a\u015fa te-ai exprimat \u015fi e\u015fti lipsit de foarte mult\u0103 educa\u0163ie, te rog frumos s\u0103 mergi \u00een sal\u0103&#8221;, a afirmat Adrian \u0162u\u0163uianu de la prezidiu.<\/p>\n<p data-index=\"7\">Ulterior, senatorii USR au p\u0103r\u0103sit sala de plen.<\/p>\n<p data-index=\"8\">\u201eAm ie\u015fit pentru c\u0103 Radu Mihail a fost insultat \u00een contextul \u00een care USR a votat \u00eempotriva proiectului de lege de abilitare a Guvernului de a emite ordonan\u0163e. (&#8230;) Noi nu accept\u0103m ca limbajul s\u0103 coboare sub standardele urbanit\u0103\u0163ii \u015fi ale civilit\u0103\u0163ii din Parlamentul Rom\u00e2niei \u015fi din acest motiv ne-am retras din plenul Senatului\u201d, a spus liderul grupului USR din Senat, Vlad Alexandrescu.<\/p>\n<p data-index=\"9\">Senatorul USR Radu Mihail sus\u0163ine la r\u00e2ndul s\u0103u c\u0103 \u201enivelul dezbaterii a cobor\u00e2t extrem de mult\u201d \u00een Senat.<\/p>\n<p data-index=\"10\">\u201eSuntem supu\u015fi la cenzur\u0103. Cenzura este cea mai grav\u0103 form\u0103 de a bloca democra\u0163ia. Faptul c\u0103 nu ni se d\u0103 cuv\u00e2ntul conform regulamentului, este ce \u00eencerc\u0103m s\u0103 combatem, vrem s\u0103 se respecte regulamentul (&#8230;). Am vrut s\u0103 intervenim pentru c\u0103, \u00een timp ce pentru noi nu se respect\u0103 regulamentul, domnul \u0162u\u0163uianu a f\u0103cut remarci absolut deplasate din pozi\u0163ia sa de pre\u015fedinte al \u015fedin\u0163ei, f\u0103r\u0103 s\u0103 spun\u0103 c\u0103 vorbe\u015fte \u00een nume propriu, \u015fi c\u00e2nd am fost s\u0103 explic c\u0103 e obligat s\u0103 \u00eemi dea cuv\u00e2ntul, am fost tratat cu un limbaj foarte ciudat, la per tu, cu &#8216;b\u0103i&#8217;, remarci absolut deplasate. Nivelul dezbaterii a cobor\u00e2t extrem de mult. De fapt, nu mai este vorba de o dezbatere, este vorba de ni\u015fte insulte la care suntem supu\u015fi \u015fi nu putem continua \u00een acest ritm \u00een Senatul Rom\u00e2niei\u201d, a spus Radu Mihail dup\u0103 ce ie\u015fit din plenul Senatului.\u00a0<\/p>\n<p data-index=\"11\">\u00a0<\/p>\n<\/div>\n<p> Source URL: https:\/\/www.digi24.ro\/stiri\/actualitate\/politica\/scandal-la-senat-parlamentarii-usr-au-parasit-plenul-suntem-supusi-la-cenzura-941148<\/p>\n","protected":false},"excerpt":{"rendered":"<p>Senatorii USR au p\u0103r\u0103sit, luni, lucr\u0103rile plenului Senatului, fiind nemul\u0163umi\u0163i de modul \u00een care pre\u015fedintele de \u015fedin\u0163\u0103, senatorul PSD Adrian \u0162u\u0163uianu, i s-a adresat lui Radu Mihail, coleg de partid, transmite Agerpres. Foto: InquamPhotos\/Octav Ganea Ini\u0163ial, senatorii USR au fost nemul\u0163umi\u0163i c\u0103 nu li s-ar fi respectat dreptul de a lua cuv\u00e2ntul, conform regulamentului, la [&hellip;]<\/p>\n","protected":false},"author":1,"featured_media":116754,"comment_status":"open","ping_status":"","sticky":false,"template":"","format":"standard","meta":{"footnotes":""},"categories":[2],"tags":[11],"class_list":["post-116753","post","type-post","status-publish","format-standard","has-post-thumbnail","hentry","category-politics","tag-digi24"],"_links":{"self":[{"href":"https:\/\/analyse.optim.biz\/index.php?rest_route=\/wp\/v2\/posts\/116753","targetHints":{"allow":["GET"]}}],"collection":[{"href":"https:\/\/analyse.optim.biz\/index.php?rest_route=\/wp\/v2\/posts"}],"about":[{"href":"https:\/\/analyse.optim.biz\/index.php?rest_route=\/wp\/v2\/types\/post"}],"author":[{"embeddable":true,"href":"https:\/\/analyse.optim.biz\/index.php?rest_route=\/wp\/v2\/users\/1"}],"replies":[{"embeddable":true,"href":"https:\/\/analyse.optim.biz\/index.php?rest_route=%2Fwp%2Fv2%2Fcomments&post=116753"}],"version-history":[{"count":0,"href":"https:\/\/analyse.optim.biz\/index.php?rest_route=\/wp\/v2\/posts\/116753\/revisions"}],"wp:featuredmedia":[{"embeddable":true,"href":"https:\/\/analyse.optim.biz\/index.php?rest_route=\/wp\/v2\/media\/116754"}],"wp:attachment":[{"href":"https:\/\/analyse.optim.biz\/index.php?rest_route=%2Fwp%2Fv2%2Fmedia&parent=116753"}],"wp:term":[{"taxonomy":"category","embeddable":true,"href":"https:\/\/analyse.optim.biz\/index.php?rest_route=%2Fwp%2Fv2%2Fcategories&post=116753"},{"taxonomy":"post_tag","embeddable":true,"href":"https:\/\/analyse.optim.biz\/index.php?rest_route=%2Fwp%2Fv2%2Ftags&post=116753"}],"curies":[{"name":"wp","href":"https:\/\/api.w.org\/{rel}","templated":true}]}}