{"id":116728,"date":"2018-06-04T22:13:12","date_gmt":"2018-06-04T19:13:12","guid":{"rendered":"https:\/\/analyse.optim.biz\/?p=116728"},"modified":"2018-06-04T22:13:12","modified_gmt":"2018-06-04T19:13:12","slug":"judecator-ccr-cu-un-mandat-mai-mare-de-9-ani-dragnea-sa-l-aresteze","status":"publish","type":"post","link":"https:\/\/analyse.optim.biz\/?p=116728","title":{"rendered":"Judec\u0103tor CCR cu un mandat mai mare de 9 ani. Dragnea: \u201eS\u0103-l aresteze\u201d"},"content":{"rendered":"<div class=\"entry data-app-meta data-app-meta-article\" data-embed-base-url-canonical=\"https:\/\/www.digi24.ro\/embed\/stiri\/actualitate\/politica\/judecator-ccr-cu-un-mandat-mai-mare-de-9-ani-dragnea-sa-l-aresteze-941202\">\n<p data-index=\"1\"><span lang=\"ro-RO\"><strong>Liviu Dragnea a dat un r\u0103spuns ironic, \u00eentrebat fiind despre mandatul de 10 ani al lui Petre L\u0103z\u0103roiu la Curtea Constitu\u021bional\u0103. \u201eS\u0103-l aresteze&#8221;, a fost reac\u0163ia liderului PSD.<\/strong><\/span><\/p>\n<figure class=\"article-thumb\"><img decoding=\"async\" src=\"https:\/\/analyse.optim.biz\/wp-content\/uploads\/2024\/09\/ad0znzgyntnhzwq0owrkmjzhymi3zwzjzdcxogfhowjmng-thumb_.jpg\" alt=\"dragnea 180604_psd_cex_09_INQUAM_Photos_OctaV_Ganea\" data-skip-htmlfix=\"1\" title=\"ad0znzgyntnhzwq0owrkmjzhymi3zwzjzdcxogfhowjmng-thumb_\"><figcaption> Foto: Inquam Photos \/ Octav Ganea <\/figcaption><\/figure>\n<p lang=\"ro-RO\" data-index=\"2\">\u201eS\u0103 \u00eel aresteze! Cum a\u0219 putea comenta eu asemenea prostie. \u0218tiu c\u0103 membrii CSM au alte atribu\u021bii. A\u0219a \u0219tiu eu, nu s\u0103 atace alte institu\u021bii\u201d, a spus Dragnea.<\/p>\n<p data-index=\"3\"><span lang=\"ro-RO\">\u015ei totu\u015fi, deciziile Cur\u0163ii Constitu\u0163ionale din ultima perioad\u0103 ar putea fi puse sub semnul \u00eentreb\u0103rii.<\/span><\/p>\n<p data-index=\"4\"><span lang=\"ro-RO\">Un <a href=\"https:\/\/www.digi24.ro\/stiri\/actualitate\/politica\/solicitare-catre-ccr-sa-vacanteze-postul-ocupat-de-judecatorul-petre-lazaroiu-si-sa-ia-in-discutie-deciziile-la-care-a-participat-acesta-940993\" target=\"_blank\" rel=\"noopener\" data-skip-linkfix=\"1\">vicepre\u015fedinte CSM a atras aten\u0163ia c\u0103 CCR ar trebui s\u0103 vacanteze postul ocupat de judec\u0103torul Petre L\u0103z\u0103roiu<\/a>, numit la Curte \u00een 2010. Anterior \u00eens\u0103, judec\u0103torul mai ocupase o pozi\u0163ie printre magistra\u0163ii Cur\u0163ii Constitu\u0163ionale timp de aproape 2 ani, \u00een locul lui Petre Ninosu, dup\u0103 decesul acestuia, \u00een iulie 2008.<\/span><\/p>\n<p data-index=\"5\"><span lang=\"ro-RO\">Interesant este \u00eens\u0103 c\u0103, potrivit unei decizii CCR din 20 martie anul acesta, judec\u0103torii nu pot sta la Curte mai mult 9 ani, c\u00e2t este un mandat \u00eentreg.<\/span><\/p>\n<p data-index=\"6\"><span lang=\"ro-RO\">Petre L\u0103z\u0103roiu, deja de 10 ani la CCR, \u015fi-ar \u00eencheia mandatul \u00eentreg \u00een 2019, \u00eens\u0103 reprezentan\u0163ii societ\u0103\u0163ii civile sus\u0163in c\u0103 mandatul s\u0103u ar fi trebuit s\u0103 \u00eenceteze \u00een momentul public\u0103rii deciziei CCR \u00een Monitorul Oficial pe 4 mai 2018.<\/span><\/p>\n<p data-index=\"7\"><span lang=\"ro-RO\">Articolul declarat neconstitu\u0163ional prin decizia CCR ar trebui s\u0103-\u015fi \u00eencheie efectele pe 17 iunie, ziua \u00een care se \u00eemplinesc 45 de zile de la publicarea \u00een Monitorul Oficial.<\/span><\/p>\n<p data-index=\"8\">\u00a0<\/p>\n<\/div>\n<p> Source URL: https:\/\/www.digi24.ro\/stiri\/actualitate\/politica\/judecator-ccr-cu-un-mandat-mai-mare-de-9-ani-dragnea-sa-l-aresteze-941202<\/p>\n","protected":false},"excerpt":{"rendered":"<p>Liviu Dragnea a dat un r\u0103spuns ironic, \u00eentrebat fiind despre mandatul de 10 ani al lui Petre L\u0103z\u0103roiu la Curtea Constitu\u021bional\u0103. \u201eS\u0103-l aresteze&#8221;, a fost reac\u0163ia liderului PSD. Foto: Inquam Photos \/ Octav Ganea \u201eS\u0103 \u00eel aresteze! Cum a\u0219 putea comenta eu asemenea prostie. \u0218tiu c\u0103 membrii CSM au alte atribu\u021bii. A\u0219a \u0219tiu eu, nu [&hellip;]<\/p>\n","protected":false},"author":1,"featured_media":116729,"comment_status":"open","ping_status":"","sticky":false,"template":"","format":"standard","meta":{"footnotes":""},"categories":[2],"tags":[11],"class_list":["post-116728","post","type-post","status-publish","format-standard","has-post-thumbnail","hentry","category-politics","tag-digi24"],"_links":{"self":[{"href":"https:\/\/analyse.optim.biz\/index.php?rest_route=\/wp\/v2\/posts\/116728","targetHints":{"allow":["GET"]}}],"collection":[{"href":"https:\/\/analyse.optim.biz\/index.php?rest_route=\/wp\/v2\/posts"}],"about":[{"href":"https:\/\/analyse.optim.biz\/index.php?rest_route=\/wp\/v2\/types\/post"}],"author":[{"embeddable":true,"href":"https:\/\/analyse.optim.biz\/index.php?rest_route=\/wp\/v2\/users\/1"}],"replies":[{"embeddable":true,"href":"https:\/\/analyse.optim.biz\/index.php?rest_route=%2Fwp%2Fv2%2Fcomments&post=116728"}],"version-history":[{"count":0,"href":"https:\/\/analyse.optim.biz\/index.php?rest_route=\/wp\/v2\/posts\/116728\/revisions"}],"wp:featuredmedia":[{"embeddable":true,"href":"https:\/\/analyse.optim.biz\/index.php?rest_route=\/wp\/v2\/media\/116729"}],"wp:attachment":[{"href":"https:\/\/analyse.optim.biz\/index.php?rest_route=%2Fwp%2Fv2%2Fmedia&parent=116728"}],"wp:term":[{"taxonomy":"category","embeddable":true,"href":"https:\/\/analyse.optim.biz\/index.php?rest_route=%2Fwp%2Fv2%2Fcategories&post=116728"},{"taxonomy":"post_tag","embeddable":true,"href":"https:\/\/analyse.optim.biz\/index.php?rest_route=%2Fwp%2Fv2%2Ftags&post=116728"}],"curies":[{"name":"wp","href":"https:\/\/api.w.org\/{rel}","templated":true}]}}