{"id":116711,"date":"2018-06-05T11:59:06","date_gmt":"2018-06-05T08:59:06","guid":{"rendered":"https:\/\/analyse.optim.biz\/?p=116711"},"modified":"2018-06-05T11:59:06","modified_gmt":"2018-06-05T08:59:06","slug":"klaus-iohannis-nu-mi-e-teama-de-nicun-fel-de-incercare-de-suspendare","status":"publish","type":"post","link":"https:\/\/analyse.optim.biz\/?p=116711","title":{"rendered":"Klaus Iohannis: \u201eNu mi-e team\u0103 de nicun fel de \u00eencercare de suspendare\u201d"},"content":{"rendered":"<div class=\"entry data-app-meta data-app-meta-article\" data-embed-base-url-canonical=\"https:\/\/www.digi24.ro\/embed\/stiri\/actualitate\/politica\/klaus-iohannis-nu-mi-e-teama-de-nicun-fel-de-incercare-de-suspendare-941452\">\n<p data-index=\"1\"><strong>Pre\u0219edintele <a href=\"https:\/\/www.digi24.ro\/stiri\/actualitate\/politica\/iohannis-referitor-la-decizia-ccr-iau-in-calcul-sa-intaresc-statul-de-drept-941447\" data-skip-linkfix=\"1\">Klaus Iohannis\u00a0a declarat, mar\u0163i, c\u0103 nu se pronun\u0163\u0103 \u00een privin\u0163a revoc\u0103rii \u015fefei DNA<\/a> dec\u00e2t dup\u0103 ce va primi motivarea CCR \u015fi o va citi cu foarte mare aten\u0163ie.<\/strong><\/p>\n<p data-index=\"2\"><img loading=\"lazy\" decoding=\"async\" class=\"alignnone size-full wp-image-933336\" src=\"https:\/\/analyse.optim.biz\/wp-content\/uploads\/2024\/09\/ad1mnjhlnwuxogmwzjnizdm1ztywzwu1ztg3zjawzjazoq-thumb_.jpg\" width=\"724\" height=\"493\" data-skip-htmlfix=\"1\" title=\"ad1mnjhlnwuxogmwzjnizdm1ztywzwu1ztg3zjawzjazoq-thumb_\"><\/p>\n<p data-index=\"3\">El a precizat \u00eens\u0103 c\u0103 ia \u00een calcul s\u0103 respecta statul de drept, s\u0103 \u00eel \u00eent\u0103reasc\u0103, a\u0103 aib\u0103 grij\u0103 ca procurorii s\u0103 r\u0103m\u00e2n\u0103 independen\u0163i, cu respectarea Constitu\u0163iei, subliniind c\u0103 articolul din legea fundamental\u0103 care spune c\u0103 procurorii \u00ee\u015fi desf\u0103\u015foar\u0103 activitatea sub autoritatea ministrului Justi\u0163iei nu poate \u00eensemna sub nicio form\u0103 \u00een subordinea acestuia.<\/p>\n<p data-index=\"4\">\u00centrebat dac\u0103 \u00eei este team\u0103 c\u0103 ALDE \u0219i PSD ar putea demara procedura de suspendare din func\u021bie a pre\u0219edintelui, \u00een cazul \u00een care ar refuza revocarea din func\u021bie a \u0219efei DNA, Klaus Iohannis a r\u0103spuns scurt:<em> \u201eAm v\u0103zut c\u0103 sunt foarte mul\u0163i preocupa\u0163i de suspendare. Eu nu sunt preocupat de suspendare. Nu mi-e team\u0103 de nicun fel de \u00eencercare de suspendare.\u201d<\/em><\/p>\n<\/div>\n<p> Source URL: https:\/\/www.digi24.ro\/stiri\/actualitate\/politica\/klaus-iohannis-nu-mi-e-teama-de-nicun-fel-de-incercare-de-suspendare-941452<\/p>\n","protected":false},"excerpt":{"rendered":"<p>Pre\u0219edintele Klaus Iohannis\u00a0a declarat, mar\u0163i, c\u0103 nu se pronun\u0163\u0103 \u00een privin\u0163a revoc\u0103rii \u015fefei DNA dec\u00e2t dup\u0103 ce va primi motivarea CCR \u015fi o va citi cu foarte mare aten\u0163ie. El a precizat \u00eens\u0103 c\u0103 ia \u00een calcul s\u0103 respecta statul de drept, s\u0103 \u00eel \u00eent\u0103reasc\u0103, a\u0103 aib\u0103 grij\u0103 ca procurorii s\u0103 r\u0103m\u00e2n\u0103 independen\u0163i, cu respectarea [&hellip;]<\/p>\n","protected":false},"author":1,"featured_media":116712,"comment_status":"open","ping_status":"","sticky":false,"template":"","format":"standard","meta":{"footnotes":""},"categories":[2],"tags":[11],"class_list":["post-116711","post","type-post","status-publish","format-standard","has-post-thumbnail","hentry","category-politics","tag-digi24"],"_links":{"self":[{"href":"https:\/\/analyse.optim.biz\/index.php?rest_route=\/wp\/v2\/posts\/116711","targetHints":{"allow":["GET"]}}],"collection":[{"href":"https:\/\/analyse.optim.biz\/index.php?rest_route=\/wp\/v2\/posts"}],"about":[{"href":"https:\/\/analyse.optim.biz\/index.php?rest_route=\/wp\/v2\/types\/post"}],"author":[{"embeddable":true,"href":"https:\/\/analyse.optim.biz\/index.php?rest_route=\/wp\/v2\/users\/1"}],"replies":[{"embeddable":true,"href":"https:\/\/analyse.optim.biz\/index.php?rest_route=%2Fwp%2Fv2%2Fcomments&post=116711"}],"version-history":[{"count":0,"href":"https:\/\/analyse.optim.biz\/index.php?rest_route=\/wp\/v2\/posts\/116711\/revisions"}],"wp:featuredmedia":[{"embeddable":true,"href":"https:\/\/analyse.optim.biz\/index.php?rest_route=\/wp\/v2\/media\/116712"}],"wp:attachment":[{"href":"https:\/\/analyse.optim.biz\/index.php?rest_route=%2Fwp%2Fv2%2Fmedia&parent=116711"}],"wp:term":[{"taxonomy":"category","embeddable":true,"href":"https:\/\/analyse.optim.biz\/index.php?rest_route=%2Fwp%2Fv2%2Fcategories&post=116711"},{"taxonomy":"post_tag","embeddable":true,"href":"https:\/\/analyse.optim.biz\/index.php?rest_route=%2Fwp%2Fv2%2Ftags&post=116711"}],"curies":[{"name":"wp","href":"https:\/\/api.w.org\/{rel}","templated":true}]}}