{"id":116708,"date":"2018-06-05T12:06:20","date_gmt":"2018-06-05T09:06:20","guid":{"rendered":"https:\/\/analyse.optim.biz\/?p=116708"},"modified":"2018-06-05T12:06:20","modified_gmt":"2018-06-05T09:06:20","slug":"iohannis-mandatul-judecatorului-petre-lazaroiu-este-o-problema-voi-respecta-constitutia-indiferent-de-ce-se-intampla","status":"publish","type":"post","link":"https:\/\/analyse.optim.biz\/?p=116708","title":{"rendered":"Iohannis: Mandatul judec\u0103torului Petre L\u0103z\u0103roiu este o problem\u0103. Voi respecta Constitu\u0163ia indiferent de ce se \u00eent\u00e2mpl\u0103"},"content":{"rendered":"<div class=\"entry data-app-meta data-app-meta-article\" data-embed-base-url-canonical=\"https:\/\/www.digi24.ro\/embed\/stiri\/actualitate\/politica\/iohannis-mandatul-judecatorului-petre-lazaroiu-este-o-problema-voi-respecta-constitutia-indiferent-de-ce-se-intampla-941455\">\n<p data-index=\"1\"><strong>Controversa din jurul mandatului judec\u0103torului Petre L\u0103z\u0103roiu este una c\u00e2t se poate de serioas\u0103, consider\u0103 pre\u015fedintele Klaus Iohannis, care a cerut, mar\u0163i diminea\u0163\u0103, CCR \u015fi pre\u015fedintelui institu\u0163iei (foto) s\u0103 &#8220;analizeze cu maxim\u0103 r\u0103spundere&#8221; situa\u0163ia creat\u0103.<\/strong><\/p>\n<figure class=\"article-thumb\"><img decoding=\"async\" src=\"https:\/\/analyse.optim.biz\/wp-content\/uploads\/2024\/09\/jmhhc2g9nzc5otgwyznkntuxzde3zdjimtk1odlknjdiywiwmza-thumb_-1.jpg\" alt=\"valer dorneanu agerpres_7033384\" data-skip-htmlfix=\"1\" title=\"jmhhc2g9nzc5otgwyznkntuxzde3zdjimtk1odlknjdiywiwmza-thumb_-1\"><figcaption> Valer Dorneanu, pre\u0219edintele CCR. Foto: Agerpres <\/figcaption><\/figure>\n<p data-index=\"2\">&#8220;Da, consider c\u0103 este o problem\u0103&#8221;, a fost r\u0103spunsul \u015fefului statului la \u00eentrebarea adresat\u0103 de un jurnalist, referitor la <a href=\"https:\/\/www.digi24.ro\/stiri\/actualitate\/politica\/solicitare-catre-ccr-sa-vacanteze-postul-ocupat-de-judecatorul-petre-lazaroiu-si-sa-ia-in-discutie-deciziile-la-care-a-participat-acesta-940993\" data-skip-linkfix=\"1\">statutul judec\u0103torului CCR Petre L\u0103z\u0103roiu<\/a>, ad\u0103ug\u00e2nd c\u0103 &#8220;nu este deloc o problem\u0103 simpl\u0103&#8221;, iar mai presus de asta &#8220;toat\u0103 lumea se a\u015fteapt\u0103 ca primul actor care respect\u0103 cu sfin\u0163enie Constitu\u0163ia&#8221; s\u0103 fie &#8220;chiar Curtea Constitu\u0163ional\u0103&#8221;.\u00a0<\/p>\n<p data-index=\"3\">Prin tolerarea acestor mandate mai lungi chiar Curtea Constitu\u0163ional\u0103 s-a pus singur\u0103 \u00een situa\u0163ia de a-i fi chestionat\u0103 respectarea suprema\u0163iei Constitu\u0163iei, a mai apreciat Klaus Iohannis,\u00a0care a precizat c\u0103 responsabilitatea de a rezolva problema \u00eei revine pre\u015fedintelui CCR, nu pre\u015fedintelui \u0163\u0103rii. &#8220;Pre\u015fedintele Rom\u00e2niei nu are nicio atribu\u0163ie practic\u0103 \u00een a constata vacan\u0163a unui mandat, dar cred c\u0103 CCR trebuie s\u0103 analizeze cu maxim\u0103 r\u0103spundere aceast\u0103 chestiune, pentru a nu r\u0103m\u00e2ne o umbr\u0103. Eu voi respecta Constitu\u0163ia indiferent de ce se \u00eent\u00e2mpl\u0103&#8221;, a explicat Iohannis<\/p>\n<p data-index=\"4\">&#8220;Eu voi respecta Constitu\u0163ia indiferent de ce se \u00eent\u00e2mpl\u0103&#8221;, a mai puctat \u015feful statului.<\/p>\n<p data-index=\"5\">Tot mar\u0163i, Iohannis s-a referit \u015fi la situa\u0163ia delicat\u0103 \u00een care sunt pu\u015fi procurorii, dar \u015fi la situa\u0163ia creat\u0103 de decizia CCR privind revocarea \u015fefei DNA. <strong>Detalii <a href=\"https:\/\/www.digi24.ro\/stiri\/actualitate\/politica\/iohannis-referitor-la-decizia-ccr-iau-in-calcul-sa-intaresc-statul-de-drept-941447\" data-skip-linkfix=\"1\">AICI<\/a><\/strong><\/p>\n<\/div>\n<p> Source URL: https:\/\/www.digi24.ro\/stiri\/actualitate\/politica\/iohannis-mandatul-judecatorului-petre-lazaroiu-este-o-problema-voi-respecta-constitutia-indiferent-de-ce-se-intampla-941455<\/p>\n","protected":false},"excerpt":{"rendered":"<p>Controversa din jurul mandatului judec\u0103torului Petre L\u0103z\u0103roiu este una c\u00e2t se poate de serioas\u0103, consider\u0103 pre\u015fedintele Klaus Iohannis, care a cerut, mar\u0163i diminea\u0163\u0103, CCR \u015fi pre\u015fedintelui institu\u0163iei (foto) s\u0103 &#8220;analizeze cu maxim\u0103 r\u0103spundere&#8221; situa\u0163ia creat\u0103. Valer Dorneanu, pre\u0219edintele CCR. Foto: Agerpres &#8220;Da, consider c\u0103 este o problem\u0103&#8221;, a fost r\u0103spunsul \u015fefului statului la \u00eentrebarea adresat\u0103 [&hellip;]<\/p>\n","protected":false},"author":1,"featured_media":116709,"comment_status":"open","ping_status":"","sticky":false,"template":"","format":"standard","meta":{"footnotes":""},"categories":[2],"tags":[11],"class_list":["post-116708","post","type-post","status-publish","format-standard","has-post-thumbnail","hentry","category-politics","tag-digi24"],"_links":{"self":[{"href":"https:\/\/analyse.optim.biz\/index.php?rest_route=\/wp\/v2\/posts\/116708","targetHints":{"allow":["GET"]}}],"collection":[{"href":"https:\/\/analyse.optim.biz\/index.php?rest_route=\/wp\/v2\/posts"}],"about":[{"href":"https:\/\/analyse.optim.biz\/index.php?rest_route=\/wp\/v2\/types\/post"}],"author":[{"embeddable":true,"href":"https:\/\/analyse.optim.biz\/index.php?rest_route=\/wp\/v2\/users\/1"}],"replies":[{"embeddable":true,"href":"https:\/\/analyse.optim.biz\/index.php?rest_route=%2Fwp%2Fv2%2Fcomments&post=116708"}],"version-history":[{"count":0,"href":"https:\/\/analyse.optim.biz\/index.php?rest_route=\/wp\/v2\/posts\/116708\/revisions"}],"wp:featuredmedia":[{"embeddable":true,"href":"https:\/\/analyse.optim.biz\/index.php?rest_route=\/wp\/v2\/media\/116709"}],"wp:attachment":[{"href":"https:\/\/analyse.optim.biz\/index.php?rest_route=%2Fwp%2Fv2%2Fmedia&parent=116708"}],"wp:term":[{"taxonomy":"category","embeddable":true,"href":"https:\/\/analyse.optim.biz\/index.php?rest_route=%2Fwp%2Fv2%2Fcategories&post=116708"},{"taxonomy":"post_tag","embeddable":true,"href":"https:\/\/analyse.optim.biz\/index.php?rest_route=%2Fwp%2Fv2%2Ftags&post=116708"}],"curies":[{"name":"wp","href":"https:\/\/api.w.org\/{rel}","templated":true}]}}