{"id":116345,"date":"2018-06-08T21:47:59","date_gmt":"2018-06-08T18:47:59","guid":{"rendered":"https:\/\/analyse.optim.biz\/?p=116345"},"modified":"2018-06-08T21:47:59","modified_gmt":"2018-06-08T18:47:59","slug":"ciolos-pot-fi-atacuri-care-sa-l-determine-pe-iohannis-sa-accepte-orice-sper-sa-nu-se-ajunga-acolo","status":"publish","type":"post","link":"https:\/\/analyse.optim.biz\/?p=116345","title":{"rendered":"Ciolo\u015f: Pot fi atacuri care s\u0103-l determine pe Iohannis s\u0103 accepte orice. Sper s\u0103 nu se ajung\u0103 acolo"},"content":{"rendered":"<div class=\"entry data-app-meta data-app-meta-article\" data-embed-base-url-canonical=\"https:\/\/www.digi24.ro\/embed\/stiri\/actualitate\/politica\/ciolos-pot-fi-atacuri-care-sa-l-determine-pe-iohannis-sa-accepte-orice-sper-sa-nu-se-ajunga-acolo-943790\">\n<p data-index=\"1\"><strong>Pre\u015fedintele Klaus Iohannis nu ar trebui s\u0103 se lase influen\u0163at de amenin\u0163\u0103rile politice, el \u00eensu\u015fi av\u00e2nd rolul clar de a ap\u0103ra Constitu\u0163ia, a declarat la Digi24 fostul premier Dacian Ciolo\u015f. El a ad\u0103ugat c\u0103 doar \u015feful statului poate decide dac\u0103 ar fi sau nu oportun un referendum pe tema justi\u0163iei.<\/strong><\/p>\n<p data-index=\"2\">\u201e<span lang=\"ro-RO\">Deciziile CCR trebuie respectate. Orice amenin\u0163are politic\u0103 ar putea merge la adresa pre\u015fedintelui nu cred c\u0103 ar trebui s\u0103-l influen\u0163eze \u015fi sunt convins c\u0103 n-o s\u0103-l influen\u0163eze \u00een decizia de a respecta Constitu\u015fia. Pre\u015fedintele e una din institu\u0163iile prev\u0103zute de Constitu\u0163ie, cu rolul de a o ap\u0103ra. Pre\u015fedintele are un rol clar \u00een Constitu\u0163ie.<\/span><\/p>\n<p data-index=\"3\"><span lang=\"ro-RO\">Pot fi atacuri politice, intimid\u0103ri politice care s\u0103-l determine s\u0103 accepte orice, doar de team\u0103 de a r\u0103m\u00e2ne pe func\u0163ie. Sper s\u0103 nu se ajung\u0103 acolo. Sunt convins c\u0103 pre\u015fedintele \u015fi Administra\u0163ia Preziden\u0163ial\u0103 vor avea abilitatea de a respecta Constitu\u0163ia, de a g\u0103si formule prin care s\u0103 respecte CCR ca institu\u0163ie important\u0103 i\u00een stat, dar f\u0103r\u0103 s\u0103 afecteze independen\u0163a judec\u0103torilor.<br \/> Problema mea nu e legat\u0103 de o persoan\u0103 sau alta din CCR sau de CCR ca institu\u0163ie, ci de efectele pe care diferite decizii pot s\u0103 le aib\u0103 asupra independen\u0163ei justi\u0163iei, \u015fi m\u0103 g\u00e2ndesc la procurori \u00een general.\u201d, a declarat Dacian Ciolo\u015f.<\/span><\/p>\n<p data-index=\"4\"><span lang=\"ro-RO\">\u00centrebat dac\u0103 referendumul pe tema justi\u0163iei ar fi oportun, Ciolo\u015f a r\u0103spuns c\u0103 doar pre\u015fedintele poate decide \u015fi c\u0103 el ar trebui s\u0103 foloseasc\u0103 orice instrument legal pe care \u00eel are la dispozi\u0163ie.<\/span><\/p>\n<p data-index=\"5\"><a href=\"https:\/\/www.digi24.ro\/stiri\/actualitate\/justitie\/decizia-ccr-privind-revocarea-procurorului-sef-al-dna-a-fost-publicata-in-monitorul-oficial-943278\" data-skip-linkfix=\"1\"><strong>Motivarea deciziei Cur\u0163ii Constitu\u0163ionale<\/strong><\/a>care a constatat existen\u0163a unui conflict juridic de natur\u0103 constitu\u0163ional\u0103 \u00eentre ministrul Justi\u0163iei \u015fi pre\u015fedintele Klaus Iohannis, generat de refuzul \u015fefului statului de a da curs propunerii de revocare din func\u0163ie a procurorului-\u015fef al DNA, Laura Codru\u0163a K\u00f6vesi, \u015fi care stabile\u015fte c\u0103 pre\u015fedintele trebuie s\u0103 o revoce pe aceasta, a fost publicat\u0103 joi de pe site-ul Cur\u0163ii Constitu\u0163ionale.<\/p>\n<p data-index=\"6\">Pe l\u00e2ng\u0103 motivarea deciziei,\u00a0documentul publicat pe site-ul Cur\u0163ii Constitu\u0163ionale mai con\u0163ine o opinie concurent\u0103 a judec\u0103torilor constitu\u0163ionali Marian Enache \u015fi Simona-Maya Teodoroiu, precum \u015fi opinii separate semnate de Livia Stanciu, Daniel Morar \u015fi Mircea Minea.<\/p>\n<p data-index=\"7\">FOTO: INQUAM PHOTOS &#8211; Octav Ganea<\/p>\n<\/div>\n<p> Source URL: https:\/\/www.digi24.ro\/stiri\/actualitate\/politica\/ciolos-pot-fi-atacuri-care-sa-l-determine-pe-iohannis-sa-accepte-orice-sper-sa-nu-se-ajunga-acolo-943790<\/p>\n","protected":false},"excerpt":{"rendered":"<p>Pre\u015fedintele Klaus Iohannis nu ar trebui s\u0103 se lase influen\u0163at de amenin\u0163\u0103rile politice, el \u00eensu\u015fi av\u00e2nd rolul clar de a ap\u0103ra Constitu\u0163ia, a declarat la Digi24 fostul premier Dacian Ciolo\u015f. El a ad\u0103ugat c\u0103 doar \u015feful statului poate decide dac\u0103 ar fi sau nu oportun un referendum pe tema justi\u0163iei. \u201eDeciziile CCR trebuie respectate. Orice [&hellip;]<\/p>\n","protected":false},"author":1,"featured_media":116346,"comment_status":"open","ping_status":"","sticky":false,"template":"","format":"standard","meta":{"footnotes":""},"categories":[2],"tags":[11],"class_list":["post-116345","post","type-post","status-publish","format-standard","has-post-thumbnail","hentry","category-politics","tag-digi24"],"_links":{"self":[{"href":"https:\/\/analyse.optim.biz\/index.php?rest_route=\/wp\/v2\/posts\/116345","targetHints":{"allow":["GET"]}}],"collection":[{"href":"https:\/\/analyse.optim.biz\/index.php?rest_route=\/wp\/v2\/posts"}],"about":[{"href":"https:\/\/analyse.optim.biz\/index.php?rest_route=\/wp\/v2\/types\/post"}],"author":[{"embeddable":true,"href":"https:\/\/analyse.optim.biz\/index.php?rest_route=\/wp\/v2\/users\/1"}],"replies":[{"embeddable":true,"href":"https:\/\/analyse.optim.biz\/index.php?rest_route=%2Fwp%2Fv2%2Fcomments&post=116345"}],"version-history":[{"count":0,"href":"https:\/\/analyse.optim.biz\/index.php?rest_route=\/wp\/v2\/posts\/116345\/revisions"}],"wp:featuredmedia":[{"embeddable":true,"href":"https:\/\/analyse.optim.biz\/index.php?rest_route=\/wp\/v2\/media\/116346"}],"wp:attachment":[{"href":"https:\/\/analyse.optim.biz\/index.php?rest_route=%2Fwp%2Fv2%2Fmedia&parent=116345"}],"wp:term":[{"taxonomy":"category","embeddable":true,"href":"https:\/\/analyse.optim.biz\/index.php?rest_route=%2Fwp%2Fv2%2Fcategories&post=116345"},{"taxonomy":"post_tag","embeddable":true,"href":"https:\/\/analyse.optim.biz\/index.php?rest_route=%2Fwp%2Fv2%2Ftags&post=116345"}],"curies":[{"name":"wp","href":"https:\/\/api.w.org\/{rel}","templated":true}]}}