{"id":1163381,"date":"2014-08-18T08:52:23","date_gmt":"2014-08-18T05:52:23","guid":{"rendered":"https:\/\/analyse.optim.biz\/?p=1163381"},"modified":"2014-08-18T08:52:23","modified_gmt":"2014-08-18T05:52:23","slug":"sarbatoarea-de-sf-maria-celebrata-civilizat-si-in-siguranta-suceavalive","status":"publish","type":"post","link":"https:\/\/analyse.optim.biz\/?p=1163381","title":{"rendered":"S\u0103rb\u0103toarea de Sf. Maria, celebrat\u0103 civilizat \u0219i \u00een siguran\u021b\u0103 &#8211; SuceavaLIVE"},"content":{"rendered":"<article id=\"post-44075\" class=\"clearfix post-44075 post type-post status-publish format-standard has-post-thumbnail hentry category-comunicate tag-accidente tag-agresiuni tag-aparat-radar tag-certificat-de-inmatriculare tag-cultura-civica tag-flagrant tag-furt tag-infractiuni tag-inselaciune tag-ipj tag-lacas-de-cult tag-ordine-publica tag-pelerini tag-permis tag-politisti tag-risc-infractional tag-sf-maria tag-siguranta tag-suceava tag-suceavalive tag-talharie\">\n<header id=\"cb-standard-featured\">\n<div id=\"cb-fis-wrap\" class=\"cb-entry-header cb-fis cb-style-standard\"><span class=\"cb-title-fi\"><\/p>\n<h1 class=\"entry-title cb-entry-title cb-single-title\">S\u0103rb\u0103toarea de Sf. Maria, celebrat\u0103 civilizat \u0219i \u00een siguran\u021b\u0103<\/h1>\n<div class=\"cb-byline cb-font-header\">\n<div class=\"cb-date cb-byline-element\"><time datetime=\"2014-08-18\">18 august 2014<\/time><\/div>\n<\/div>\n<p><\/span><\/div>\n<div class=\"cb-mask\"><img decoding=\"async\" width=\"765\" height=\"615\" src=\"https:\/\/analyse.optim.biz\/wp-content\/uploads\/2025\/12\/foto-putna-1-1.jpg\" class=\"attachment-cb-full-full size-cb-full-full wp-post-image\" loading=\"lazy\" title=\"foto-putna-1-1\"><\/div>\n<\/header>\n<p>\u00cen baza m\u0103surilor dispuse la nivelul IPJ Suceava, pe raza jude\u021bului, poli\u021bi\u0219tii au ac\u0163ionat cu efective sporite \u015fi au organizat ac\u021biuni punctuale pentru asigurarea climatului de ordine \u0219i siguran\u021b\u0103 public\u0103. \u00a0<\/p>\n<section class=\"cb-entry-content entry-content clearfix\">\n<p>Prezen\u0163a activ\u0103 a poli\u0163i\u015ftilor \u00een zona loca\u0163iilor identificate cu risc infrac\u0163ional a dus la asigurarea unui climat de siguran\u0163\u0103 public\u0103 anul acesta, \u00een ziua de Sf\u00e2nta Maria ne\u00eenregistr\u00e2ndu-se infrac\u0163iuni de mare violen\u0163\u0103, infrac\u0163iuni de furt cu prejudiciu important sau decese ca urmare a unor agresiuni sau accidente rutiere.<\/p>\n<p>Mul\u0163umim pe aceast\u0103 cale cet\u0103\u0163enilor pentru c\u0103 au urmat recomand\u0103rile preventive transmise \u015fi pentru c\u0103 au dat dovad\u0103 de spirit \u015fi cultur\u0103 civic\u0103, respect\u00e2nd normele de convie\u0163uire social\u0103.<\/p>\n<p>Un num\u0103r de 616 poli\u0163i\u015fti de ordine public\u0103 au fost mobiliza\u0163i pentru a asigura ordinea \u015fi lini\u015ftea public\u0103. La ace\u015ftia s-au ad\u0103ugat 261 de poli\u0163i\u015fti din structurile rutiere \u015fi investiga\u0163ii criminale.<\/p>\n<p>Pentru realizarea activit\u0103\u0163ilor de patrulare \u015fi interven\u0163ie au fost mobilizate 295 de autospeciale ale poli\u0163iei.\u00a0 Zilnic au ac\u0163ionat 10 autospeciale de poli\u0163ie rutier\u0103 cu aparate radar, 108 de poli\u0163i\u015fti rutieri fiind prezen\u0163i pe drumurile jude\u0163ene, na\u0163ionale \u015fi europene, pentru a se asigura c\u0103 sucevenii \u015fi turi\u015ftii beneficiaz\u0103 de o c\u0103l\u0103torie f\u0103r\u0103 evenimente rutiere.<\/p>\n<p>Ac\u0163iunile de prevenire \u015fi descurajare a faptelor antisociale s-au concretizat \u015fi \u00een constatarea a 39 de infrac\u0163iuni, din care 18 la regimul circula\u0163iei rutiere, 19 judiciare \u015fi 2 de alt\u0103 natur\u0103. Datorit\u0103 prezen\u0163ei active a poli\u0163i\u015ftilor \u00een strad\u0103, 12 infrac\u0163iuni au fost constatate \u00een flagrant.<\/p>\n<p>Tot \u00een cadrul ac\u0163iunilor au fost re\u0163inute 26 permise de conducere\u00a0 \u015fi retrase 11 certificate de \u00eenmatriculare.<\/p>\n<p>Totodat\u0103, au fost aplicate un num\u0103r de 624 sanc\u0163iuni contraven\u0163ionale, \u00een valoare total\u0103 de 208.947 lei. Cele mai multe sanc\u0163iuni (497) au fost aplicate la regimul rutier, poli\u0163i\u015ftii fiind prezen\u0163i pe toate drumurile publice, aparatele radar fiind orientate c\u0103tre segmentele de drum identificate cu risc accidentogen.<\/p>\n<p>Ac\u0163iuni de prevenire \u015fi informare au organizat \u015fi poli\u0163i\u015ftii compartimentului de Analiz\u0103 \u015fi Prevenire a Criminalit\u0103\u0163ii din cadrul IPJ Suceava, cu sprijinul poli\u0163i\u015ftilor de ordine public\u0103 de la nivelul subunit\u0103\u0163ilor de poli\u0163ie. \u00a0Peste 2500 de materiale preventive au fost afi\u015fate \u00een loca\u0163ii care asigur\u0103 vizibilitatea sau au fost \u00eenm\u00e2nate direct cet\u0103\u0163enilor \u015fi pelerinilor \u00een zona l\u0103ca\u015felor de cult. Pliantele \u015fi scrisorile de informare au promovat recomand\u0103ri preventive pe linia prevenirii infrac\u0163iunilor de furt din gen\u0163i \u015fi buzunare, furt de \u015fi din auto, \u00een\u015fel\u0103ciune, dar \u015fi pentru prevenirea faptelor de t\u00e2lh\u0103rie. Din fericire, cet\u0103\u0163enii \u015fi-au \u00eensu\u015fit recomand\u0103rile \u015fi sfaturile poli\u0163i\u015ftilor, nefiind sesizate \u00een perioada 15-16 august asemenea fapte.<\/p>\n<p>De asemenea, \u00eembucur\u0103tor este faptul c\u0103 nu s-au \u00eenregistrat evenimente rutiere soldate cu decese sau persoane r\u0103nite grav, de\u015fi valorile de trafic au fost \u00een aceast\u0103 perioad\u0103 crescute.<\/p>\n<p><a href=\"http:\/\/suceavalive.ro\/wp-content\/uploads\/2014\/08\/Foto-Putna-41.jpg\"><img decoding=\"async\" loading=\"lazy\" class=\"alignleft size-thumbnail wp-image-44082\" src=\"https:\/\/analyse.optim.biz\/wp-content\/uploads\/2025\/12\/foto-putna-41-150x150-1.jpg\" alt=\"Foto Putna 4\" width=\"150\" height=\"150\" title=\"foto-putna-41-150x150-1\"><\/a><a href=\"http:\/\/suceavalive.ro\/wp-content\/uploads\/2014\/08\/foto-Putna-5.jpg\"><img decoding=\"async\" loading=\"lazy\" class=\"alignleft size-thumbnail wp-image-44080\" src=\"https:\/\/analyse.optim.biz\/wp-content\/uploads\/2025\/12\/foto-putna-5-150x150-1.jpg\" alt=\"foto Putna 5\" width=\"150\" height=\"150\" title=\"foto-putna-5-150x150-1\"><\/a><a href=\"http:\/\/suceavalive.ro\/wp-content\/uploads\/2014\/08\/foto-Putna-3.jpg\"><img decoding=\"async\" loading=\"lazy\" class=\"alignleft size-thumbnail wp-image-44078\" src=\"https:\/\/analyse.optim.biz\/wp-content\/uploads\/2025\/12\/foto-putna-3-150x150-1.jpg\" alt=\"foto Putna 3\" width=\"150\" height=\"150\" title=\"foto-putna-3-150x150-1\"><\/a><a href=\"http:\/\/suceavalive.ro\/wp-content\/uploads\/2014\/08\/foto-Putna-2.jpg\"><img decoding=\"async\" loading=\"lazy\" class=\"alignleft size-thumbnail wp-image-44077\" src=\"https:\/\/analyse.optim.biz\/wp-content\/uploads\/2025\/12\/foto-putna-2-150x150-1.jpg\" alt=\"foto Putna 2\" width=\"150\" height=\"150\" title=\"foto-putna-2-150x150-1\"><\/a><a href=\"http:\/\/suceavalive.ro\/wp-content\/uploads\/2014\/08\/Foto-Putna-6.jpg\"><img decoding=\"async\" loading=\"lazy\" class=\"alignleft size-thumbnail wp-image-44081\" src=\"https:\/\/analyse.optim.biz\/wp-content\/uploads\/2025\/12\/foto-putna-6-150x150-1.jpg\" alt=\"Foto Putna 6\" width=\"150\" height=\"150\" title=\"foto-putna-6-150x150-1\"><\/a><a href=\"http:\/\/suceavalive.ro\/wp-content\/uploads\/2014\/08\/foto-Putna-1.jpg\"><img decoding=\"async\" loading=\"lazy\" class=\"alignleft size-thumbnail wp-image-44076\" src=\"https:\/\/analyse.optim.biz\/wp-content\/uploads\/2025\/12\/foto-putna-1-150x150-1.jpg\" alt=\"foto Putna 1\" width=\"150\" height=\"150\" title=\"foto-putna-1-150x150-1\"><\/a><\/p>\n<\/section>\n<footer class=\"article-footer\">\n<p class=\"cb-tags\"><a href=\"https:\/\/suceavalive.ro\/tag\/accidente\/\" rel=\"tag\">accidente<\/a><a href=\"https:\/\/suceavalive.ro\/tag\/agresiuni\/\" rel=\"tag\">agresiuni<\/a><a href=\"https:\/\/suceavalive.ro\/tag\/aparat-radar\/\" rel=\"tag\">aparat radar<\/a><a href=\"https:\/\/suceavalive.ro\/tag\/certificat-de-inmatriculare\/\" rel=\"tag\">certificat de inmatriculare<\/a><a href=\"https:\/\/suceavalive.ro\/tag\/cultura-civica\/\" rel=\"tag\">cultura civica<\/a><a href=\"https:\/\/suceavalive.ro\/tag\/flagrant\/\" rel=\"tag\">flagrant<\/a><a href=\"https:\/\/suceavalive.ro\/tag\/furt\/\" rel=\"tag\">furt<\/a><a href=\"https:\/\/suceavalive.ro\/tag\/infractiuni\/\" rel=\"tag\">infractiuni<\/a><a href=\"https:\/\/suceavalive.ro\/tag\/inselaciune\/\" rel=\"tag\">inselaciune<\/a><a href=\"https:\/\/suceavalive.ro\/tag\/ipj\/\" rel=\"tag\">ipj<\/a><a href=\"https:\/\/suceavalive.ro\/tag\/lacas-de-cult\/\" rel=\"tag\">lacas de cult<\/a><a href=\"https:\/\/suceavalive.ro\/tag\/ordine-publica\/\" rel=\"tag\">ordine publica<\/a><a href=\"https:\/\/suceavalive.ro\/tag\/pelerini\/\" rel=\"tag\">pelerini<\/a><a href=\"https:\/\/suceavalive.ro\/tag\/permis\/\" rel=\"tag\">permis<\/a><a href=\"https:\/\/suceavalive.ro\/tag\/politisti\/\" rel=\"tag\">politisti<\/a><a href=\"https:\/\/suceavalive.ro\/tag\/risc-infractional\/\" rel=\"tag\">risc infractional<\/a><a href=\"https:\/\/suceavalive.ro\/tag\/sf-maria\/\" rel=\"tag\">sf maria<\/a><a href=\"https:\/\/suceavalive.ro\/tag\/siguranta\/\" rel=\"tag\">siguranta<\/a><a href=\"https:\/\/suceavalive.ro\/tag\/suceava\/\" rel=\"tag\">Suceava<\/a><a href=\"https:\/\/suceavalive.ro\/tag\/suceavalive\/\" rel=\"tag\">suceavalive<\/a><a href=\"https:\/\/suceavalive.ro\/tag\/talharie\/\" rel=\"tag\">talharie<\/a><\/p>\n<div class=\"cb-social-sharing cb-post-footer-block cb-beside clearfix\">\n<div class=\"cb-title-subtle\">Share On:<\/div>\n<div class=\"cb-twitter\"><a href=\"https:\/\/twitter.com\/share\" class=\"twitter-share-button\" data-dnt=\"true\" data-count=\"horizontal\">Tweet<\/a><\/div>\n<\/div>\n<div id=\"cb-previous-next-links\" class=\"cb-post-footer-block clearfix\">\n<div id=\"cb-previous-link\"><a href=\"https:\/\/suceavalive.ro\/neglijenta-costa-15-mii-de-lei\/\" rel=\"prev\">Neglijen\u021ba cost\u0103\u2026 15 mii de lei<\/a><\/div>\n<div id=\"cb-next-link\"><a href=\"https:\/\/suceavalive.ro\/furturi-italia-perchezitii-si-descinderi-suceava\/\" rel=\"next\">Furturi \u00een Italia, perchezi\u021bii \u0219i descinderi \u00een Suceava<\/a><\/div>\n<\/div>\n<div id=\"cb-author-box\" class=\"clearfix\">\n<h3 class=\"cb-block-title\">Despre autor<\/h3>\n<div class=\"cb-mask\"><a href=\"https:\/\/suceavalive.ro\/author\/luiza-loghin\/\"><img decoding=\"async\" src=\"https:\/\/analyse.optim.biz\/wp-content\/uploads\/2025\/12\/21ec5a38ee016d23a9c9d50ce3b4e9e7ef5b09765e70997405f8f9e4b1856ee7-11.jpg\" class=\"avatar avatar-120 photo\" height=\"120\" width=\"120\" loading=\"lazy\" title=\"21ec5a38ee016d23a9c9d50ce3b4e9e7ef5b09765e70997405f8f9e4b1856ee7-11\"><\/a><\/div>\n<div class=\"cb-meta\">\n<div class=\"cb-info\">\n<div class=\"cb-author-title vcard\"><a href=\"https:\/\/suceavalive.ro\/author\/luiza-loghin\/\"><span class=\"fn\">Luiza Loghin<\/span><\/a><\/div>\n<\/div>\n<\/div>\n<\/div>\n<div id=\"cb-related-posts\" class=\"cb-related-posts-block cb-post-end-block clearfix\">\n<h3 class=\"cb-block-title\">Postari asemanatoare<\/h3>\n<ul>\n<li class=\"cb-style-overlay cb-grid-entry cb-related-post no-1\">\n<div class=\"cb-mask\"><a href=\"https:\/\/suceavalive.ro\/calendarul-zilei-de-19-decembrie-2\/\"><img decoding=\"async\" width=\"360\" height=\"240\" src=\"https:\/\/analyse.optim.biz\/wp-content\/uploads\/2025\/12\/nae-lazarescu-360x240-7.jpg\" class=\"attachment-cb-360-240 size-cb-360-240 wp-post-image\" loading=\"lazy\" title=\"nae-lazarescu-360x240-7\"><\/a><\/div>\n<div class=\"cb-meta cb-article-meta\">\n<h4 class=\"h3 cb-post-title\"><a href=\"https:\/\/suceavalive.ro\/calendarul-zilei-de-19-decembrie-2\/\">Calendarul zilei de 19 decembrie<\/a><\/h4>\n<div class=\"cb-byline cb-font-header\">\n<div class=\"cb-date cb-byline-element\"><time datetime=\"2025-12-19\">19 decembrie 2025<\/time><\/div>\n<\/div>\n<\/div>\n<\/li>\n<li class=\"cb-style-overlay cb-grid-entry cb-related-post no-2\">\n<div class=\"cb-mask\"><a href=\"https:\/\/suceavalive.ro\/calendarul-zilei-de-18-decembrie-2\/\"><img decoding=\"async\" width=\"360\" height=\"240\" src=\"https:\/\/analyse.optim.biz\/wp-content\/uploads\/2025\/12\/stefan-banica-360x240-20.jpg\" class=\"attachment-cb-360-240 size-cb-360-240 wp-post-image\" loading=\"lazy\" title=\"stefan-banica-360x240-20\"><\/a><\/div>\n<div class=\"cb-meta cb-article-meta\">\n<h4 class=\"h3 cb-post-title\"><a href=\"https:\/\/suceavalive.ro\/calendarul-zilei-de-18-decembrie-2\/\">Calendarul zilei de 18 decembrie<\/a><\/h4>\n<div class=\"cb-byline cb-font-header\">\n<div class=\"cb-date cb-byline-element\"><time datetime=\"2025-12-18\">18 decembrie 2025<\/time><\/div>\n<\/div>\n<\/div>\n<\/li>\n<\/ul>\n<\/div>\n<\/footer>\n<div id=\"respond\" class=\"comment-respond\">\n<h3 id=\"reply-title\" class=\"comment-reply-title\">Lasa un raspuns <small><a rel=\"nofollow\" id=\"cancel-comment-reply-link\" href=\"https:\/\/suceavalive.ro\/sarbatoarea-de-sf-maria-celebrata-civilizat-si-siguranta\/#respond\">Anuleaza raspunsul<\/a><\/small><\/h3>\n<p class=\"comment-notes\">Adresa ta de email nu va fi publicat\u0103.<\/p>\n<\/div>\n<\/article>\n<p> Source URL: https:\/\/suceavalive.ro\/sarbatoarea-de-sf-maria-celebrata-civilizat-si-siguranta\/<\/p>\n","protected":false},"excerpt":{"rendered":"<p>S\u0103rb\u0103toarea de Sf. Maria, celebrat\u0103 civilizat \u0219i \u00een siguran\u021b\u0103 18 august 2014 \u00cen baza m\u0103surilor dispuse la nivelul IPJ Suceava, pe raza jude\u021bului, poli\u021bi\u0219tii au ac\u0163ionat cu efective sporite \u015fi au organizat ac\u021biuni punctuale pentru asigurarea climatului de ordine \u0219i siguran\u021b\u0103 public\u0103. \u00a0 Prezen\u0163a activ\u0103 a poli\u0163i\u015ftilor \u00een zona loca\u0163iilor identificate cu risc infrac\u0163ional a [&hellip;]<\/p>\n","protected":false},"author":1,"featured_media":1163382,"comment_status":"open","ping_status":"","sticky":false,"template":"","format":"standard","meta":{"footnotes":""},"categories":[89],"tags":[173],"class_list":["post-1163381","post","type-post","status-publish","format-standard","has-post-thumbnail","hentry","category-romania","tag-suceavalive-ro"],"_links":{"self":[{"href":"https:\/\/analyse.optim.biz\/index.php?rest_route=\/wp\/v2\/posts\/1163381","targetHints":{"allow":["GET"]}}],"collection":[{"href":"https:\/\/analyse.optim.biz\/index.php?rest_route=\/wp\/v2\/posts"}],"about":[{"href":"https:\/\/analyse.optim.biz\/index.php?rest_route=\/wp\/v2\/types\/post"}],"author":[{"embeddable":true,"href":"https:\/\/analyse.optim.biz\/index.php?rest_route=\/wp\/v2\/users\/1"}],"replies":[{"embeddable":true,"href":"https:\/\/analyse.optim.biz\/index.php?rest_route=%2Fwp%2Fv2%2Fcomments&post=1163381"}],"version-history":[{"count":0,"href":"https:\/\/analyse.optim.biz\/index.php?rest_route=\/wp\/v2\/posts\/1163381\/revisions"}],"wp:featuredmedia":[{"embeddable":true,"href":"https:\/\/analyse.optim.biz\/index.php?rest_route=\/wp\/v2\/media\/1163382"}],"wp:attachment":[{"href":"https:\/\/analyse.optim.biz\/index.php?rest_route=%2Fwp%2Fv2%2Fmedia&parent=1163381"}],"wp:term":[{"taxonomy":"category","embeddable":true,"href":"https:\/\/analyse.optim.biz\/index.php?rest_route=%2Fwp%2Fv2%2Fcategories&post=1163381"},{"taxonomy":"post_tag","embeddable":true,"href":"https:\/\/analyse.optim.biz\/index.php?rest_route=%2Fwp%2Fv2%2Ftags&post=1163381"}],"curies":[{"name":"wp","href":"https:\/\/api.w.org\/{rel}","templated":true}]}}