{"id":1163325,"date":"2015-10-13T04:45:43","date_gmt":"2015-10-13T01:45:43","guid":{"rendered":"https:\/\/analyse.optim.biz\/?p=1163325"},"modified":"2015-10-13T04:45:43","modified_gmt":"2015-10-13T01:45:43","slug":"ziua-informarii-preventive-suceavalive","status":"publish","type":"post","link":"https:\/\/analyse.optim.biz\/?p=1163325","title":{"rendered":"Ziua Inform\u0103rii Preventive &#8211; SuceavaLIVE"},"content":{"rendered":"<article id=\"post-64761\" class=\"clearfix post-64761 post type-post status-publish format-standard has-post-thumbnail hentry category-comunicate category-slide tag-data-de-13-octombrie-are-o-dubla-semnificatie-si-anume-este-ziua-internationala-pentru-reducerea-riscului-dezastrelor-naturale-si tag-i-g-s-u-a-identificat-oportunitatea-de-diseminare-a-informatiilor-cu-caracter-preventiv-prin-organizarea-zilei-informarii-preventive-in-fiecare-data-de-13-ce-cade-in-ziua-de-marti tag-in-anul-2015 tag-incepand-cu-anul-2011 tag-ziua-informarii-preventive\">\n<header id=\"cb-standard-featured\">\n<div id=\"cb-fis-wrap\" class=\"cb-entry-header cb-fis cb-style-standard\"><span class=\"cb-title-fi\"><\/p>\n<h1 class=\"entry-title cb-entry-title cb-single-title\">Ziua Inform\u0103rii Preventive<\/h1>\n<div class=\"cb-byline cb-font-header\">\n<div class=\"cb-date cb-byline-element\"><time datetime=\"2015-10-13\">13 octombrie 2015<\/time><\/div>\n<\/div>\n<p><\/span><\/div>\n<div class=\"cb-mask\"><img decoding=\"async\" width=\"677\" height=\"960\" src=\"https:\/\/analyse.optim.biz\/wp-content\/uploads\/2025\/12\/ziua-informarii-preventive-1.jpg\" class=\"attachment-cb-full-full size-cb-full-full wp-post-image\" loading=\"lazy\" title=\"ziua-informarii-preventive-1\"><\/div>\n<\/header>\n<p>\u00cen anul 2015, data de 13 octombrie are o dubl\u0103 semnifica\u0163ie \u2013 \u015fi anume este Ziua Interna\u0163ional\u0103 pentru Reducerea Riscului Dezastrelor Naturale \u015fi, \u00eencep\u00e2nd cu anul 2011, I.G.S.U. a identificat oportunitatea de diseminare a informa\u0163iilor cu caracter preventiv prin organizarea Zilei Inform\u0103rii Preventive \u00een fiecare dat\u0103 de 13 ce cade \u00een ziua de mar\u0163i.<\/p>\n<section class=\"cb-entry-content entry-content clearfix\">\n<p>S\u0103rb\u0103torit\u0103 \u00een fiecare an, \u00een ziua de 13 octombrie, Ziua Interna\u0163ional\u0103 pentru Reducerea Riscului Dezastrelor Naturale recunoa\u015fte \u00een acela\u015fi timp vulnerabilitatea popula\u0163iei, c\u00e2t \u015fi capacitatea acesteia de a face fa\u0163\u0103 dezastrelor. O surs\u0103 vital\u0103 a rezisten\u0163ei \u00een fa\u0163a dezastrelor o reprezint\u0103 progresele \u015ftiin\u0163ifice \u015fi tehnologice, precum \u015fi aplicarea acestora \u00een domeniul reducerii dezastrelor.<br \/>\nPrin Rezolu\u0163ia 64\/200 din 21 decembrie 2009, Adunarea General\u0103 a Organiza\u0163iei Na\u0163iunilor Unite a desemnat ziua de 13 octombrie, ca Ziua Interna\u0163ional\u0103 pentru Reducerea Riscului Dezastrelor Naturale (International Day for Natural Disaster Risk Reduction).<br \/>\nActivit\u0103\u0163ile cu ocazia s\u0103rb\u0103toririi acestei zile au fost coordonate \u00een fiecare an, \u00een perioada 1990-1999, de c\u0103tre Decada Interna\u0163ional\u0103 de Reducere a Dezastrelor Naturale.<br \/>\n\u00cen anul 2001 Adunarea General\u0103 a decis s\u0103 men\u0163in\u0103 sub observare cea de-a doua zi de miercuri din luna octombrie ca Ziua Interna\u0163ional\u0103 pentru Reducerea Riscului Dezastrelor Naturale (prin rezolu\u0163ia 56\/195 din 21 decembrie), ca instrument de promovare a unei culturi globale de reducere a riscului dezastrelor naturale, inclusiv prevenirea \u015fi diminuarea dezastrelor, dar \u015fi preg\u0103tirea pentru dezastru.<br \/>\nDesf\u0103\u015furate sub sloganul \u201ePreveni\u0163i ghinionul\u201d, av\u00e2nd ca logo pisica neagr\u0103, activit\u0103\u0163ile informativ-educative ce vor avea loc cu ocazia Zilei Inform\u0103rii Preventive, cu sprijinul E.ON Rom\u00e2nia, urm\u0103resc con\u015ftientizarea cet\u0103\u0163enilor asupra pericolelor la care se pot expune \u00een cazul nerespect\u0103rii m\u0103surilor \u015fi regulilor de comportare specifice tipurilor de situa\u0163ii de urgen\u0163\u0103.<\/p>\n<p>Din dorin\u0163a de a asigura diseminarea informa\u0163iilor preventive c\u0103tre c\u00e2t mai multe persoane \u015fi a asigura institu\u0163iei noastre o vizibilitate ridicat\u0103, la sediul Inspectoratului pentru Situa\u0163ii de Urgen\u0163\u0103 \u201eBucovina\u201d al jude\u0163ului Suceava \u015fi la Deta\u015famentul de Pompieri Suceava, Deta\u015famentul de Pompieri F\u0103lticeni \u015fi Garda de Interven\u0163ie Solca, Deta\u015famentul de Pompieri R\u0103d\u0103u\u0163i cu Garda de Interven\u0163ie Siret \u015fi Garda de Interven\u0163ie Vicovu de Sus, Deta\u015famentul de Pompieri C\u00e2mpulung Moldovenesc \u015fi Garda de Interven\u0163ie Gura Humorului \u015fi Deta\u015famentul de Pompieri Vatra Dornei, mar\u0163i, 13 octombrie, \u00eencep\u00e2nd cu orele 9:00, se va organiza Ziua por\u0163ilor deschise, oferind posibilitatea tuturor celor interesa\u0163i s\u0103 viziteze unit\u0103\u0163ile de pompieri. Se vor prezenta tehnica din dotare, se vor face exerci\u0163ii de simulare a unor interven\u0163ii, se vor distruibui materiale preventive, iar \u00een centrele comerciale mari vor fi amenajate puncte de informare preventiv\u0103., ocazie cu care se vor organiza o serie de activit\u0103\u0163i specifice cu caracter informativ-educativ.<\/p>\n<p>Scopul acestor activit\u0103\u0163i este de a promova o cultur\u0103 general\u0103 de reducere a riscului de dezastre naturale \u00een \u00eentreaga lume. Astfel, este un moment bun pentru to\u0163i cei implica\u0163i \u00een reducerea riscului de dezastre \u00een a eviden\u0163ia modul \u00een care foarte mici ac\u0163iuni de sensibilizare la nivel comunitar pot avea un impact mare \u00een atenuarea unui dezastru. \u015etim c\u0103 num\u0103rul dezastrelor naturale este \u00een continu\u0103 cre\u015ftere din cauza schimb\u0103rilor climatice majore, prin urmare, reducerea dezastrelor trebuie neap\u0103rat s\u0103 fie o chestiune aproape de inimile tuturor, doar \u00eempreun\u0103 vom reu\u015fi s\u0103 reducem efectele dezastrelor naturale. Ghinionul poate fi prevenit! Fi\u0163i prev\u0103z\u0103tori!<\/p>\n<\/section>\n<footer class=\"article-footer\">\n<p class=\"cb-tags\"><a href=\"https:\/\/suceavalive.ro\/tag\/data-de-13-octombrie-are-o-dubla-semnificatie-si-anume-este-ziua-internationala-pentru-reducerea-riscului-dezastrelor-naturale-si\/\" rel=\"tag\">data de 13 octombrie are o dubl\u0103 semnifica\u0163ie &#8211; \u015fi anume este Ziua Interna\u0163ional\u0103 pentru Reducerea Riscului Dezastrelor Naturale \u015fi<\/a><a href=\"https:\/\/suceavalive.ro\/tag\/i-g-s-u-a-identificat-oportunitatea-de-diseminare-a-informatiilor-cu-caracter-preventiv-prin-organizarea-zilei-informarii-preventive-in-fiecare-data-de-13-ce-cade-in-ziua-de-marti\/\" rel=\"tag\">I.G.S.U. a identificat oportunitatea de diseminare a informa\u0163iilor cu caracter preventiv prin organizarea Zilei Inform\u0103rii Preventive \u00een fiecare dat\u0103 de 13 ce cade \u00een ziua de mar\u0163i.<\/a><a href=\"https:\/\/suceavalive.ro\/tag\/in-anul-2015\/\" rel=\"tag\">\u00cen anul 2015<\/a><a href=\"https:\/\/suceavalive.ro\/tag\/incepand-cu-anul-2011\/\" rel=\"tag\">\u00eencep\u00e2nd cu anul 2011<\/a><a href=\"https:\/\/suceavalive.ro\/tag\/ziua-informarii-preventive\/\" rel=\"tag\">Ziua Inform\u0103rii Preventive<\/a><\/p>\n<div class=\"cb-social-sharing cb-post-footer-block cb-beside clearfix\">\n<div class=\"cb-title-subtle\">Share On:<\/div>\n<div class=\"cb-twitter\"><a href=\"https:\/\/twitter.com\/share\" class=\"twitter-share-button\" data-dnt=\"true\" data-count=\"horizontal\">Tweet<\/a><\/div>\n<\/div>\n<div id=\"cb-previous-next-links\" class=\"cb-post-footer-block clearfix\">\n<div id=\"cb-previous-link\"><a href=\"https:\/\/suceavalive.ro\/anunt-informativ-fondul-forestier-113\/\" rel=\"prev\">ANUN\u0162 INFORMATIV FONDUL FORESTIER<\/a><\/div>\n<div id=\"cb-next-link\"><a href=\"https:\/\/suceavalive.ro\/un-tanar-institutionalizat-a-fost-incadrat-bucatar\/\" rel=\"next\">Un t\u00e2n\u0103r institu\u021bionalizat a fost \u00eencadrat buc\u0103tar<\/a><\/div>\n<\/div>\n<div id=\"cb-author-box\" class=\"clearfix\">\n<h3 class=\"cb-block-title\">Despre autor<\/h3>\n<div class=\"cb-mask\"><a href=\"https:\/\/suceavalive.ro\/author\/suceavalive\/\"><img decoding=\"async\" src=\"https:\/\/analyse.optim.biz\/wp-content\/uploads\/2025\/12\/d542cd85af72d7d3afad0d26982263c9a64170e87d978956298bfb0122b00b8c-286.jpg\" class=\"avatar avatar-120 photo\" height=\"120\" width=\"120\" loading=\"lazy\" title=\"d542cd85af72d7d3afad0d26982263c9a64170e87d978956298bfb0122b00b8c-286\"><\/a><\/div>\n<div class=\"cb-meta\">\n<div class=\"cb-info\">\n<div class=\"cb-author-title vcard\"><a href=\"https:\/\/suceavalive.ro\/author\/suceavalive\/\"><span class=\"fn\">SuceavaLive<\/span><\/a><\/div>\n<\/div>\n<\/div>\n<\/div>\n<div id=\"cb-related-posts\" class=\"cb-related-posts-block cb-post-end-block clearfix\">\n<h3 class=\"cb-block-title\">Postari asemanatoare<\/h3>\n<ul>\n<li class=\"cb-style-overlay cb-grid-entry cb-related-post no-1\">\n<div class=\"cb-mask\"><a href=\"https:\/\/suceavalive.ro\/salariul-minim-creste-la-4-325-lei-brut-din-iulie-2026-cine-castiga-si-cine-pierde-proiectul-de-hg\/\"><img decoding=\"async\" width=\"360\" height=\"240\" src=\"https:\/\/analyse.optim.biz\/wp-content\/uploads\/2025\/12\/bani-360x240-24.jpg\" class=\"attachment-cb-360-240 size-cb-360-240 wp-post-image\" loading=\"lazy\" title=\"bani-360x240-24\"><\/a><\/div>\n<div class=\"cb-meta cb-article-meta\">\n<h4 class=\"h3 cb-post-title\"><a href=\"https:\/\/suceavalive.ro\/salariul-minim-creste-la-4-325-lei-brut-din-iulie-2026-cine-castiga-si-cine-pierde-proiectul-de-hg\/\">Salariul minim cre\u0219te la 4.325 lei brut din iulie 2026. Cine c\u00e2\u0219tig\u0103 \u0219i cine pierde \u2013 proiectul de HG<\/a><\/h4>\n<div class=\"cb-byline cb-font-header\">\n<div class=\"cb-date cb-byline-element\"><time datetime=\"2025-12-19\">19 decembrie 2025<\/time><\/div>\n<\/div>\n<\/div>\n<\/li>\n<li class=\"cb-style-overlay cb-grid-entry cb-related-post no-2\">\n<div class=\"cb-mask\"><a href=\"https:\/\/suceavalive.ro\/bolojan-vrea-reducerea-numarului-de-parlamentari-poti-sa-ai-500-poti-sa-ai-300-calitatea-este-importanta\/\"><img decoding=\"async\" width=\"360\" height=\"240\" src=\"https:\/\/analyse.optim.biz\/wp-content\/uploads\/2025\/12\/bolojan-3-360x240-25.jpg\" class=\"attachment-cb-360-240 size-cb-360-240 wp-post-image\" loading=\"lazy\" title=\"bolojan-3-360x240-25\"><\/a><\/div>\n<div class=\"cb-meta cb-article-meta\">\n<h4 class=\"h3 cb-post-title\"><a href=\"https:\/\/suceavalive.ro\/bolojan-vrea-reducerea-numarului-de-parlamentari-poti-sa-ai-500-poti-sa-ai-300-calitatea-este-importanta\/\">Bolojan vrea reducerea num\u0103rului de parlamentari: Po\u0163i s\u0103 ai 500, po\u0163i s\u0103 ai 300, calitatea este important\u0103<\/a><\/h4>\n<div class=\"cb-byline cb-font-header\">\n<div class=\"cb-date cb-byline-element\"><time datetime=\"2025-12-19\">19 decembrie 2025<\/time><\/div>\n<\/div>\n<\/div>\n<\/li>\n<\/ul>\n<\/div>\n<\/footer>\n<div id=\"respond\" class=\"comment-respond\">\n<h3 id=\"reply-title\" class=\"comment-reply-title\">Lasa un raspuns <small><a rel=\"nofollow\" id=\"cancel-comment-reply-link\" href=\"https:\/\/suceavalive.ro\/ziua-informarii-preventive\/#respond\">Anuleaza raspunsul<\/a><\/small><\/h3>\n<p class=\"comment-notes\">Adresa ta de email nu va fi publicat\u0103.<\/p>\n<\/div>\n<\/article>\n<p> Source URL: https:\/\/suceavalive.ro\/ziua-informarii-preventive\/<\/p>\n","protected":false},"excerpt":{"rendered":"<p>Ziua Inform\u0103rii Preventive 13 octombrie 2015 \u00cen anul 2015, data de 13 octombrie are o dubl\u0103 semnifica\u0163ie \u2013 \u015fi anume este Ziua Interna\u0163ional\u0103 pentru Reducerea Riscului Dezastrelor Naturale \u015fi, \u00eencep\u00e2nd cu anul 2011, I.G.S.U. a identificat oportunitatea de diseminare a informa\u0163iilor cu caracter preventiv prin organizarea Zilei Inform\u0103rii Preventive \u00een fiecare dat\u0103 de 13 ce [&hellip;]<\/p>\n","protected":false},"author":1,"featured_media":1163332,"comment_status":"open","ping_status":"","sticky":false,"template":"","format":"standard","meta":{"footnotes":""},"categories":[89],"tags":[173],"class_list":["post-1163325","post","type-post","status-publish","format-standard","has-post-thumbnail","hentry","category-romania","tag-suceavalive-ro"],"_links":{"self":[{"href":"https:\/\/analyse.optim.biz\/index.php?rest_route=\/wp\/v2\/posts\/1163325","targetHints":{"allow":["GET"]}}],"collection":[{"href":"https:\/\/analyse.optim.biz\/index.php?rest_route=\/wp\/v2\/posts"}],"about":[{"href":"https:\/\/analyse.optim.biz\/index.php?rest_route=\/wp\/v2\/types\/post"}],"author":[{"embeddable":true,"href":"https:\/\/analyse.optim.biz\/index.php?rest_route=\/wp\/v2\/users\/1"}],"replies":[{"embeddable":true,"href":"https:\/\/analyse.optim.biz\/index.php?rest_route=%2Fwp%2Fv2%2Fcomments&post=1163325"}],"version-history":[{"count":0,"href":"https:\/\/analyse.optim.biz\/index.php?rest_route=\/wp\/v2\/posts\/1163325\/revisions"}],"wp:featuredmedia":[{"embeddable":true,"href":"https:\/\/analyse.optim.biz\/index.php?rest_route=\/wp\/v2\/media\/1163332"}],"wp:attachment":[{"href":"https:\/\/analyse.optim.biz\/index.php?rest_route=%2Fwp%2Fv2%2Fmedia&parent=1163325"}],"wp:term":[{"taxonomy":"category","embeddable":true,"href":"https:\/\/analyse.optim.biz\/index.php?rest_route=%2Fwp%2Fv2%2Fcategories&post=1163325"},{"taxonomy":"post_tag","embeddable":true,"href":"https:\/\/analyse.optim.biz\/index.php?rest_route=%2Fwp%2Fv2%2Ftags&post=1163325"}],"curies":[{"name":"wp","href":"https:\/\/api.w.org\/{rel}","templated":true}]}}