{"id":1163318,"date":"2015-04-10T16:00:32","date_gmt":"2015-04-10T13:00:32","guid":{"rendered":"https:\/\/analyse.optim.biz\/?p=1163318"},"modified":"2015-04-10T16:00:32","modified_gmt":"2015-04-10T13:00:32","slug":"de-florii-in-patria-oualor-incondeiate-la-moldovita-suceavalive","status":"publish","type":"post","link":"https:\/\/analyse.optim.biz\/?p=1163318","title":{"rendered":"De Florii, \u00een patria ou\u0103lor \u00eencondeiate, la Moldovi\u021ba &#8211; SuceavaLIVE"},"content":{"rendered":"<article id=\"post-55982\" class=\"clearfix post-55982 post type-post status-publish format-standard has-post-thumbnail hentry category-hoinar category-slide category-categoria-social tag-ansamblu-plai-de-dor tag-arta-incondeierii-oualor tag-duminica-floriilor tag-etnia-hutula tag-felicia-oblezniuc tag-festival-national-de-oua-incondeiate tag-festivalul-oualor-incondeiate-moldovita tag-gastronomie tag-hoinar-in-bucovina tag-hutuli-moldovita tag-liceul-vasile-cocea-moldoita tag-mancare-traditionala tag-oua-incondeiate tag-paste-in-bucovina tag-patria-oualor-incondeiate tag-povesti-hutuli tag-stiri-suceava tag-suceava-live tag-traian-iliesi\">\n<header id=\"cb-standard-featured\">\n<div id=\"cb-fis-wrap\" class=\"cb-entry-header cb-fis cb-style-standard\"><span class=\"cb-title-fi\"><\/p>\n<h1 class=\"entry-title cb-entry-title cb-single-title\">De Florii, \u00een patria ou\u0103lor \u00eencondeiate, la Moldovi\u021ba<\/h1>\n<div class=\"cb-byline cb-font-header\">\n<div class=\"cb-date cb-byline-element\"><time datetime=\"2015-04-10\">10 aprilie 2015<\/time><\/div>\n<\/div>\n<p><\/span><\/div>\n<div class=\"cb-mask\"><img decoding=\"async\" width=\"960\" height=\"636\" src=\"https:\/\/analyse.optim.biz\/wp-content\/uploads\/2025\/12\/11102715_1423605401275437_4707914070839954202_n-1.jpg\" class=\"attachment-cb-full-full size-cb-full-full wp-post-image\" loading=\"lazy\" title=\"11102715_1423605401275437_4707914070839954202_n-1\"><\/div>\n<\/header>\n<p>\u00cen Duminica Floriilor, pe 5 aprilie, a avut loc la Moldovi\u021ba cea de-a IX-a edi\u021bie a Festivalului Ou\u0103lor \u00cencondeiate. Organizatorii promoveaz\u0103 an de an, unul dintre cele mai r\u0103sp\u00e2ndite \u015fi cunoscute me\u015fte\u015fuguri din zon\u0103, devenit  emblem\u0103 a localit\u0103\u0163ii.  <\/p>\n<section class=\"cb-entry-content entry-content clearfix\">\n<iframe loading=\"lazy\" src=\"https:\/\/www.youtube.com\/embed\/-ky1n1qYBTg?autoplay=1\" width=\"500\" height=\"315\" frameborder allowfullscreen=\"allowfullscreen\"><\/iframe>\n<\/section>\n<footer class=\"article-footer\">\n<p class=\"cb-tags\"><a href=\"https:\/\/suceavalive.ro\/tag\/ansamblu-plai-de-dor\/\" rel=\"tag\">ansamblu plai de dor<\/a><a href=\"https:\/\/suceavalive.ro\/tag\/arta-incondeierii-oualor\/\" rel=\"tag\">arta incondeierii oualor<\/a><a href=\"https:\/\/suceavalive.ro\/tag\/duminica-floriilor\/\" rel=\"tag\">duminica floriilor<\/a><a href=\"https:\/\/suceavalive.ro\/tag\/etnia-hutula\/\" rel=\"tag\">etnia hutula<\/a><a href=\"https:\/\/suceavalive.ro\/tag\/felicia-oblezniuc\/\" rel=\"tag\">felicia oblezniuc<\/a><a href=\"https:\/\/suceavalive.ro\/tag\/festival-national-de-oua-incondeiate\/\" rel=\"tag\">festival national de oua incondeiate<\/a><a href=\"https:\/\/suceavalive.ro\/tag\/festivalul-oualor-incondeiate-moldovita\/\" rel=\"tag\">festivalul oualor incondeiate moldovita<\/a><a href=\"https:\/\/suceavalive.ro\/tag\/gastronomie\/\" rel=\"tag\">gastronomie<\/a><a href=\"https:\/\/suceavalive.ro\/tag\/hoinar-in-bucovina\/\" rel=\"tag\">hoinar in bucovina<\/a><a href=\"https:\/\/suceavalive.ro\/tag\/hutuli-moldovita\/\" rel=\"tag\">hutuli moldovita<\/a><a href=\"https:\/\/suceavalive.ro\/tag\/liceul-vasile-cocea-moldoita\/\" rel=\"tag\">liceul vasile cocea moldoita<\/a><a href=\"https:\/\/suceavalive.ro\/tag\/mancare-traditionala\/\" rel=\"tag\">mancare traditionala<\/a><a href=\"https:\/\/suceavalive.ro\/tag\/oua-incondeiate\/\" rel=\"tag\">oua incondeiate<\/a><a href=\"https:\/\/suceavalive.ro\/tag\/paste-in-bucovina\/\" rel=\"tag\">PASTE IN BUCOVINA<\/a><a href=\"https:\/\/suceavalive.ro\/tag\/patria-oualor-incondeiate\/\" rel=\"tag\">patria oualor incondeiate<\/a><a href=\"https:\/\/suceavalive.ro\/tag\/povesti-hutuli\/\" rel=\"tag\">povesti hutuli<\/a><a href=\"https:\/\/suceavalive.ro\/tag\/stiri-suceava\/\" rel=\"tag\">stiri suceava<\/a><a href=\"https:\/\/suceavalive.ro\/tag\/suceava-live\/\" rel=\"tag\">suceava live<\/a><a href=\"https:\/\/suceavalive.ro\/tag\/traian-iliesi\/\" rel=\"tag\">traian iliesi<\/a><\/p>\n<div class=\"cb-social-sharing cb-post-footer-block cb-beside clearfix\">\n<div class=\"cb-title-subtle\">Share On:<\/div>\n<div class=\"cb-twitter\"><a href=\"https:\/\/twitter.com\/share\" class=\"twitter-share-button\" data-dnt=\"true\" data-count=\"horizontal\">Tweet<\/a><\/div>\n<\/div>\n<div id=\"cb-previous-next-links\" class=\"cb-post-footer-block clearfix\">\n<div id=\"cb-previous-link\"><a href=\"https:\/\/suceavalive.ro\/paula-seling-alaturi-de-cei-din-poiana-stampei\/\" rel=\"prev\">Paula Seling, al\u0103turi de cei din Poiana Stampei<\/a><\/div>\n<div id=\"cb-next-link\"><a href=\"https:\/\/suceavalive.ro\/sorin-onisorbucovina-este-o-tara-de-poveste\/\" rel=\"next\">Sorin Oni\u0219or:\u201dBucovina este o \u021bar\u0103 de poveste!\u201d<\/a><\/div>\n<\/div>\n<div id=\"cb-author-box\" class=\"clearfix\">\n<h3 class=\"cb-block-title\">Despre autor<\/h3>\n<div class=\"cb-mask\"><a href=\"https:\/\/suceavalive.ro\/author\/raluca-bercea\/\"><img decoding=\"async\" src=\"https:\/\/analyse.optim.biz\/wp-content\/uploads\/2025\/12\/d2573a985b95ae5f64fe07c99ef553f6000e91fbaab92d32f1607dea335f1b69-4.jpg\" class=\"avatar avatar-120 photo\" height=\"120\" width=\"120\" loading=\"lazy\" title=\"d2573a985b95ae5f64fe07c99ef553f6000e91fbaab92d32f1607dea335f1b69-4\"><\/a><\/div>\n<div class=\"cb-meta\">\n<div class=\"cb-info\">\n<div class=\"cb-author-title vcard\"><a href=\"https:\/\/suceavalive.ro\/author\/raluca-bercea\/\"><span class=\"fn\">Raluca Tilihoi<\/span><\/a><\/div>\n<\/div>\n<\/div>\n<\/div>\n<div id=\"cb-related-posts\" class=\"cb-related-posts-block cb-post-end-block clearfix\">\n<h3 class=\"cb-block-title\">Postari asemanatoare<\/h3>\n<ul>\n<li class=\"cb-style-overlay cb-grid-entry cb-related-post no-1\">\n<div class=\"cb-mask\"><a href=\"https:\/\/suceavalive.ro\/calendarul-zilei-de-17-decembrie\/\"><img decoding=\"async\" width=\"360\" height=\"240\" src=\"https:\/\/analyse.optim.biz\/wp-content\/uploads\/2025\/12\/regina-elisabeta-a-romaniei-360x240-30.jpg\" class=\"attachment-cb-360-240 size-cb-360-240 wp-post-image\" loading=\"lazy\" title=\"regina-elisabeta-a-romaniei-360x240-30\"><\/a><\/div>\n<div class=\"cb-meta cb-article-meta\">\n<h4 class=\"h3 cb-post-title\"><a href=\"https:\/\/suceavalive.ro\/calendarul-zilei-de-17-decembrie\/\">Calendarul zilei de 17 decembrie<\/a><\/h4>\n<div class=\"cb-byline cb-font-header\">\n<div class=\"cb-date cb-byline-element\"><time datetime=\"2025-12-17\">17 decembrie 2025<\/time><\/div>\n<\/div>\n<\/div>\n<\/li>\n<li class=\"cb-style-overlay cb-grid-entry cb-related-post no-2\">\n<div class=\"cb-mask\"><a href=\"https:\/\/suceavalive.ro\/calendarul-zilei-de-16-decembrie\/\"><img decoding=\"async\" width=\"360\" height=\"240\" src=\"https:\/\/analyse.optim.biz\/wp-content\/uploads\/2025\/12\/bethoven-360x240-25.jpg\" class=\"attachment-cb-360-240 size-cb-360-240 wp-post-image\" loading=\"lazy\" title=\"bethoven-360x240-25\"><\/a><\/div>\n<div class=\"cb-meta cb-article-meta\">\n<h4 class=\"h3 cb-post-title\"><a href=\"https:\/\/suceavalive.ro\/calendarul-zilei-de-16-decembrie\/\">Calendarul zilei de 16 decembrie<\/a><\/h4>\n<div class=\"cb-byline cb-font-header\">\n<div class=\"cb-date cb-byline-element\"><time datetime=\"2025-12-16\">16 decembrie 2025<\/time><\/div>\n<\/div>\n<\/div>\n<\/li>\n<\/ul>\n<\/div>\n<\/footer>\n<div id=\"respond\" class=\"comment-respond\">\n<h3 id=\"reply-title\" class=\"comment-reply-title\">Lasa un raspuns <small><a rel=\"nofollow\" id=\"cancel-comment-reply-link\" href=\"https:\/\/suceavalive.ro\/de-florii-in-patria-oualor-incondeiate-la-moldovita\/#respond\">Anuleaza raspunsul<\/a><\/small><\/h3>\n<p class=\"comment-notes\">Adresa ta de email nu va fi publicat\u0103.<\/p>\n<\/div>\n<\/article>\n<p> Source URL: https:\/\/suceavalive.ro\/de-florii-in-patria-oualor-incondeiate-la-moldovita\/<\/p>\n","protected":false},"excerpt":{"rendered":"<p>De Florii, \u00een patria ou\u0103lor \u00eencondeiate, la Moldovi\u021ba 10 aprilie 2015 \u00cen Duminica Floriilor, pe 5 aprilie, a avut loc la Moldovi\u021ba cea de-a IX-a edi\u021bie a Festivalului Ou\u0103lor \u00cencondeiate. Organizatorii promoveaz\u0103 an de an, unul dintre cele mai r\u0103sp\u00e2ndite \u015fi cunoscute me\u015fte\u015fuguri din zon\u0103, devenit emblem\u0103 a localit\u0103\u0163ii. ansamblu plai de dorarta incondeierii oualorduminica [&hellip;]<\/p>\n","protected":false},"author":1,"featured_media":1163319,"comment_status":"open","ping_status":"","sticky":false,"template":"","format":"standard","meta":{"footnotes":""},"categories":[89],"tags":[173],"class_list":["post-1163318","post","type-post","status-publish","format-standard","has-post-thumbnail","hentry","category-romania","tag-suceavalive-ro"],"_links":{"self":[{"href":"https:\/\/analyse.optim.biz\/index.php?rest_route=\/wp\/v2\/posts\/1163318","targetHints":{"allow":["GET"]}}],"collection":[{"href":"https:\/\/analyse.optim.biz\/index.php?rest_route=\/wp\/v2\/posts"}],"about":[{"href":"https:\/\/analyse.optim.biz\/index.php?rest_route=\/wp\/v2\/types\/post"}],"author":[{"embeddable":true,"href":"https:\/\/analyse.optim.biz\/index.php?rest_route=\/wp\/v2\/users\/1"}],"replies":[{"embeddable":true,"href":"https:\/\/analyse.optim.biz\/index.php?rest_route=%2Fwp%2Fv2%2Fcomments&post=1163318"}],"version-history":[{"count":0,"href":"https:\/\/analyse.optim.biz\/index.php?rest_route=\/wp\/v2\/posts\/1163318\/revisions"}],"wp:featuredmedia":[{"embeddable":true,"href":"https:\/\/analyse.optim.biz\/index.php?rest_route=\/wp\/v2\/media\/1163319"}],"wp:attachment":[{"href":"https:\/\/analyse.optim.biz\/index.php?rest_route=%2Fwp%2Fv2%2Fmedia&parent=1163318"}],"wp:term":[{"taxonomy":"category","embeddable":true,"href":"https:\/\/analyse.optim.biz\/index.php?rest_route=%2Fwp%2Fv2%2Fcategories&post=1163318"},{"taxonomy":"post_tag","embeddable":true,"href":"https:\/\/analyse.optim.biz\/index.php?rest_route=%2Fwp%2Fv2%2Ftags&post=1163318"}],"curies":[{"name":"wp","href":"https:\/\/api.w.org\/{rel}","templated":true}]}}