{"id":116317,"date":"2018-06-09T05:34:42","date_gmt":"2018-06-09T02:34:42","guid":{"rendered":"https:\/\/analyse.optim.biz\/?p=116317"},"modified":"2018-06-09T05:34:42","modified_gmt":"2018-06-09T02:34:42","slug":"dacian-ciolos-anunt-despre-candidatura-la-prezidentiale","status":"publish","type":"post","link":"https:\/\/analyse.optim.biz\/?p=116317","title":{"rendered":"Dacian Ciolo\u0219, anun\u021b despre candidatura la preziden\u021biale"},"content":{"rendered":"<div class=\"entry data-app-meta data-app-meta-article\" data-embed-base-url-canonical=\"https:\/\/www.digi24.ro\/embed\/stiri\/actualitate\/politica\/dacian-ciolos-anunt-despre-candidatura-la-prezidentiale-943879\">\n<p data-index=\"1\"><strong>Fostul premier Dacian Ciolo\u015f nu va candida \u00eempotriva lui Klaus Iohannis la alegerile preziden\u0163iale de anul viitor. Dacian Ciolo\u015f a f\u0103cut anun\u0163ul vineri sear\u0103, la Digi24. Proasp\u0103t fondator al unui partid politic, fostul comisar european mai spune c\u0103 forma\u0163iunea sa e \u00eenc\u0103 \u00een etapa de organizare.<\/strong><\/p>\n<p data-index=\"2\">\u00a0<\/p>\n<p data-index=\"3\">\u00centrebat dac\u0103 va candida la alegerile preziden\u021biale, Dacian Ciolo\u0219 a spus c\u0103 nu a discutat despre aceste lucruri \u00een partid, forma\u021biunea sa fiind, de altfel, \u00een curs de constituire. \u201eDup\u0103 ce vom alege organele de conducere \u0219i vom discuta strategia, modul \u00een care vom aborda aceste alegeri, atunci vom decide\u201d, a declarat fostul premier <a href=\"https:\/\/www.digi24.ro\/emisiuni\/24-7\/247-8-iunie-20-00-943803\" target=\"_blank\" rel=\"noopener\" data-skip-linkfix=\"1\">\u00een emisiunea \u201e24\/7\u201d de la Digi24.<\/a><\/p>\n<p data-index=\"4\">El a f\u0103cut, totu\u0219i, o precizare: \u201eUn lucru e clar: Mi\u0219carea Rom\u00e2nia \u00cempreun\u0103 va ac\u021biona \u00een a\u0219a fel \u00eenc\u00e2t la Pre\u0219edin\u021bia Rom\u00e2niei s\u0103 nu ajung\u0103 PSD. \u0218i oricum, PSD, a\u0219a cum se comport\u0103 \u00een momentul de fa\u021b\u0103, nu cred c\u0103 are ce c\u0103uta la conducerea Rom\u00e2niei sau oricum, ar fi d\u0103un\u0103tor pentru Rom\u00e2nia lucrul acesta\u201d, a afirmat Ciolo\u0219.<\/p>\n<p data-index=\"5\"><strong>Tudor Mu\u0219at, jurnalist Digi24<\/strong>: <em>\u0218ti\u021bi cum se vede lipsa aceasta, s\u0103 spunem, de pozi\u021bionare ferm\u0103? Ca un balet \u00een a\u0219teptarea unei decizii a pre\u0219edintelui Iohannis dac\u0103 va candida sau nu&#8230;<\/em><\/p>\n<p data-index=\"6\"><strong>Dacian Ciolo\u0219<\/strong>: \u0218i care e problema s\u0103 ne coordon\u0103m?<\/p>\n<p data-index=\"7\"><strong>Tudor Mu\u0219at<\/strong>: <em>A\u021bi candida \u00eempotriva lui Klaus Iohannis?<\/em><\/p>\n<p data-index=\"8\"><strong>Dacian Ciolo\u0219:<\/strong> Nu! Nu! Nu v\u0103d..<strong>. \u00cen condi\u021biile de fa\u021b\u0103, nu cred c\u0103 ar trebui s\u0103 ne concur\u0103m unul pe cel\u0103lalt, ci s\u0103 g\u0103sim modalitatea, \u00eempreun\u0103, \u0219i cu el, \u0219i cu celelalte for\u021be politice, s\u0103 g\u0103sim modalitatea cea mai bun\u0103 pentru a c\u00e2\u0219tiga alegerile preziden\u021biale.<\/strong><\/p>\n<p data-index=\"9\">Fostul premier a mai spus c\u0103 a r\u0103mas \u00een leg\u0103tur\u0103 cu pre\u0219edintele Iohannis \u0219i c\u0103 au vorbit \u00een mai multe ocazii.<\/p>\n<p data-index=\"10\">\u00centrebat dac\u0103 noul s\u0103u partid s-ar situa mai aproape de USR sau mai degrab\u0103 de PNL pe scena politic\u0103, Ciolo\u0219 a spus c\u0103 deocamdat\u0103 obiectivul este s\u0103-\u0219i structureze \u0219i s\u0103-\u0219i consolideze partidul. \u201eSuntem deschi\u0219i c\u0103tre to\u021bi cei care ne \u00eemp\u0103rt\u0103\u0219esc viziunea, dar deocamdat\u0103 nu ne punem problema de o colaborare formal\u0103. Avem consult\u0103ri periodice, avem u\u0219ile deschise \u0219i cu USR, \u0219i cu PNL, cu USR avem chiar c\u00e2teva proiecte concrete la care lucr\u0103m \u00eempreun\u0103, dar dincolo de asta, ne intereseaz\u0103 consolidarea partidului \u0219i a ac\u021biunii civice, s\u0103 vedem c\u00e2t mai mul\u021bi oameni implica\u021bi\u201d, a spus Dacian Ciolo\u0219.<\/p>\n<p data-index=\"11\">Excluderea posibilit\u0103\u021bii de a candida \u00eempotriva lui Klaus Iohannis pare s\u0103 vin\u0103 \u00een contradic\u021bie cu declara\u021biile de acum c\u00e2teva s\u0103pt\u0103m\u00e2ni, f\u0103cute, tot la Digi24, de Drago\u0219 P\u00eeslaru, fost ministru muncii \u00een Cabinetul Ciolo\u0219, \u00een prezent num\u0103r\u00e2ndu-se \u0219i el printre fondatorii noului partid. El spunea c\u0103\u00a0<strong>o candidatur\u0103 a pre\u0219edintelui Iohannis pentru un nou mandat nu ar exclude o candidatur\u0103 a lui Dacian Ciolo\u0219. \u201e<\/strong>Din acest punct de vedere, a r\u0103spuns Drago\u0219 P\u00eeslaru, ar trebui s\u0103 ne uit\u0103m la ce aduce pozitiv aceast\u0103 b\u0103t\u0103lie, \u00een condi\u021biile \u00een care trebuie s\u0103 fim siguri c\u0103 exist\u0103 un al doilea tur. (&#8230;)\u00a0,<strong>\u00a0trebuie s\u0103 te asiguri c\u0103 \u00een turul doi vom avea m\u0103car o op\u021biune pe care s\u0103 o putem considera ca alternativ\u0103\u201d,<\/strong>\u00a0explica Drago\u0219 P\u00eeslaru.<\/p>\n<p data-index=\"12\">Citi\u021bi \u0219i:\u00a0<a title=\"title\" href=\"https:\/\/www.digi24.ro\/stiri\/actualitate\/politica\/si-daca-ar-candida-si-ciolos-si-iohannis-ce-spune-dragos-pislaru-sustinator-al-fostului-premier-937201\" data-skip-linkfix=\"1\"><strong>\u0218i dac\u0103 ar candida \u0219i Ciolo\u0219, \u0219i Iohannis? Ce spune Drago\u0219 P\u00eeslaru, sus\u021bin\u0103tor al fostului premier<\/strong><\/a><\/p>\n<\/div>\n<p> Source URL: https:\/\/www.digi24.ro\/stiri\/actualitate\/politica\/dacian-ciolos-anunt-despre-candidatura-la-prezidentiale-943879<\/p>\n","protected":false},"excerpt":{"rendered":"<p>Fostul premier Dacian Ciolo\u015f nu va candida \u00eempotriva lui Klaus Iohannis la alegerile preziden\u0163iale de anul viitor. Dacian Ciolo\u015f a f\u0103cut anun\u0163ul vineri sear\u0103, la Digi24. Proasp\u0103t fondator al unui partid politic, fostul comisar european mai spune c\u0103 forma\u0163iunea sa e \u00eenc\u0103 \u00een etapa de organizare. \u00a0 \u00centrebat dac\u0103 va candida la alegerile preziden\u021biale, Dacian [&hellip;]<\/p>\n","protected":false},"author":1,"featured_media":116318,"comment_status":"open","ping_status":"","sticky":false,"template":"","format":"standard","meta":{"footnotes":""},"categories":[2],"tags":[11],"class_list":["post-116317","post","type-post","status-publish","format-standard","has-post-thumbnail","hentry","category-politics","tag-digi24"],"_links":{"self":[{"href":"https:\/\/analyse.optim.biz\/index.php?rest_route=\/wp\/v2\/posts\/116317","targetHints":{"allow":["GET"]}}],"collection":[{"href":"https:\/\/analyse.optim.biz\/index.php?rest_route=\/wp\/v2\/posts"}],"about":[{"href":"https:\/\/analyse.optim.biz\/index.php?rest_route=\/wp\/v2\/types\/post"}],"author":[{"embeddable":true,"href":"https:\/\/analyse.optim.biz\/index.php?rest_route=\/wp\/v2\/users\/1"}],"replies":[{"embeddable":true,"href":"https:\/\/analyse.optim.biz\/index.php?rest_route=%2Fwp%2Fv2%2Fcomments&post=116317"}],"version-history":[{"count":0,"href":"https:\/\/analyse.optim.biz\/index.php?rest_route=\/wp\/v2\/posts\/116317\/revisions"}],"wp:featuredmedia":[{"embeddable":true,"href":"https:\/\/analyse.optim.biz\/index.php?rest_route=\/wp\/v2\/media\/116318"}],"wp:attachment":[{"href":"https:\/\/analyse.optim.biz\/index.php?rest_route=%2Fwp%2Fv2%2Fmedia&parent=116317"}],"wp:term":[{"taxonomy":"category","embeddable":true,"href":"https:\/\/analyse.optim.biz\/index.php?rest_route=%2Fwp%2Fv2%2Fcategories&post=116317"},{"taxonomy":"post_tag","embeddable":true,"href":"https:\/\/analyse.optim.biz\/index.php?rest_route=%2Fwp%2Fv2%2Ftags&post=116317"}],"curies":[{"name":"wp","href":"https:\/\/api.w.org\/{rel}","templated":true}]}}