{"id":1162563,"date":"2014-03-23T08:56:17","date_gmt":"2014-03-23T05:56:17","guid":{"rendered":"https:\/\/analyse.optim.biz\/?p=1162563"},"modified":"2014-03-23T08:56:17","modified_gmt":"2014-03-23T05:56:17","slug":"premierele-saptamanii-din-21-martie-in-cinematografe","status":"publish","type":"post","link":"https:\/\/analyse.optim.biz\/?p=1162563","title":{"rendered":"Premierele s\u0103pt\u0103m\u00e2nii \u2013 din 21 martie \u00een cinematografe"},"content":{"rendered":"<article id=\"template-id-172790\" class=\"post-172790 tdb_templates type-tdb_templates status-publish post\">\n<div id=\"tdi_38\" class=\"tdc-zone\">\n<div class=\"tdc_zone tdi_39  wpb_row td-pb-row\">\n<div id=\"tdi_40\" class=\"tdc-row stretch_row_1400 td-stretch-content\">\n<div class=\"vc_row tdi_41  wpb_row td-pb-row tdc-element-style\">\n<div class=\"vc_column tdi_43  wpb_column vc_column_container tdc-column td-pb-span8\">\n<div class=\"wpb_wrapper\">\n<div class=\"td_block_wrap tdb_single_categories tdi_44 td-pb-border-top td_block_template_1 \" data-td-block-uid=\"tdi_44\">\n<div class=\"tdb-category td-fix-index\"><a class=\"tdb-entry-category\" href=\"https:\/\/voceatimisului.ro\/stiri-din-timisoara-si-timis\/\">\u0218tiri<\/a><a class=\"tdb-entry-category\" href=\"https:\/\/voceatimisului.ro\/timp-liber\/\">Timp Liber<\/a><a class=\"tdb-entry-category\" href=\"https:\/\/voceatimisului.ro\/timp-liber\/filmele-saptamanii\/\">Filmele S\u0103pt\u0103m\u00e2nii<\/a><\/div>\n<\/div>\n<div class=\"td_block_wrap tdb_title tdi_45 tdb-single-title td-pb-border-top td_block_template_1\" data-td-block-uid=\"tdi_45\">\n<div class=\"tdb-block-inner td-fix-index\">\n<h1 class=\"tdb-title-text\">Premierele s\u0103pt\u0103m\u00e2nii \u2013 din 21 martie \u00een cinematografe<\/h1>\n<\/div>\n<\/div>\n<div class=\"vc_row_inner tdi_48  vc_row vc_inner wpb_row td-pb-row\">\n<div class=\"vc_column_inner tdi_50  wpb_column vc_column_container tdc-inner-column td-pb-span6\">\n<div class=\"vc_column-inner\">\n<div class=\"wpb_wrapper\">\n<div class=\"td_block_wrap tdb_single_author tdi_51 td-pb-border-top td_block_template_1 tdb-post-meta\" data-td-block-uid=\"tdi_51\">\n<div class=\"tdb-block-inner td-fix-index\">\n<div class=\"tdb-author-name-wrap\"><span class=\"tdb-author-by\">Autor-<\/span><a class=\"tdb-author-name\" href=\"https:\/\/voceatimisului.ro\/author\/redactia\/\">Redac\u021bia<\/a><\/div>\n<\/div>\n<\/div>\n<div class=\"td_block_wrap tdb_single_date tdi_52 td-pb-border-top td_block_template_1 tdb-post-meta\" data-td-block-uid=\"tdi_52\">\n<div class=\"tdb-block-inner td-fix-index\"><time class=\"entry-date updated td-module-date\" datetime=\"2014-03-23T10:56:17+02:00\">23 martie 2014<\/time><\/div>\n<\/div>\n<div class=\"td_block_wrap tdb_single_comments_count tdi_53 td-pb-border-top td_block_template_1 tdb-post-meta\" data-td-block-uid=\"tdi_53\">\n<div class=\"tdb-block-inner td-fix-index\"><a href=\"https:\/\/voceatimisului.ro\/premierele-saptamanii-din-21-martie-cinematografe\/#respond\"><span>0<\/span><\/a><\/div>\n<\/div>\n<div class=\"td_block_wrap tdb_single_post_views tdi_54 td-pb-border-top td_block_template_1 tdb-post-meta\" data-td-block-uid=\"tdi_54\">\n<div class=\"tdb-block-inner td-fix-index\"><span class=\"tdb-add-text\">1<\/span><span class=\"td-nr-views-44740\">1561<\/span><\/div>\n<\/div>\n<\/div>\n<\/div>\n<\/div>\n<div class=\"vc_column_inner tdi_56  wpb_column vc_column_container tdc-inner-column td-pb-span6\">\n<div class=\"vc_column-inner\">\n<div class=\"wpb_wrapper\">\n<div class=\"td_block_wrap tdb_single_post_share tdi_57  td-pb-border-top td_block_template_1\" data-td-block-uid=\"tdi_57\">\n<div id=\"tdi_57\" class=\"td-post-sharing tdb-block td-ps-bg td-ps-notext td-post-sharing-style1 \">\n<div class=\"td-post-sharing-visible\"><a class=\"td-social-sharing-button td-social-sharing-button-js td-social-network td-social-facebook\" href=\"https:\/\/www.facebook.com\/sharer.php?u=https%3A%2F%2Fvoceatimisului.ro%2Fpremierele-saptamanii-din-21-martie-cinematografe%2F\" title=\"Facebook\" rel=\"noopener\"><\/p>\n<div class=\"td-social-but-text\">Facebook<\/div>\n<p><\/a><a class=\"td-social-sharing-button td-social-sharing-button-js td-social-network td-social-twitter\" href=\"https:\/\/twitter.com\/intent\/tweet?text=Premierele+s%C4%83pt%C4%83m%C3%A2nii+%E2%80%93+din+21+martie+%C3%AEn+cinematografe&amp;url=https%3A%2F%2Fvoceatimisului.ro%2Fpremierele-saptamanii-din-21-martie-cinematografe%2F&amp;via=Vocea+Timisului\" title=\"Twitter\" rel=\"noopener\"><\/p>\n<div class=\"td-social-but-text\">Twitter<\/div>\n<p><\/a><a class=\"td-social-sharing-button td-social-sharing-button-js td-social-network td-social-pinterest\" href=\"https:\/\/pinterest.com\/pin\/create\/button\/?url=https:\/\/voceatimisului.ro\/premierele-saptamanii-din-21-martie-cinematografe\/&amp;media=https:\/\/voceatimisului.ro\/wp-content\/uploads\/2014\/03\/Premierele-saptamanii-%E2%80%93-din-21-martie-jpg.webp&amp;description=Premierele+s%C4%83pt%C4%83m%C3%A2nii+%E2%80%93+din+21+martie+%C3%AEn+cinematografe\" title=\"Pinterest\" rel=\"noopener\"><\/p>\n<div class=\"td-social-but-text\">Pinterest<\/div>\n<p><\/a><a class=\"td-social-sharing-button td-social-sharing-button-js td-social-network td-social-whatsapp\" href=\"https:\/\/api.whatsapp.com\/send?text=Premierele+s%C4%83pt%C4%83m%C3%A2nii+%E2%80%93+din+21+martie+%C3%AEn+cinematografe%20%0A%0A%20https:\/\/voceatimisului.ro\/premierele-saptamanii-din-21-martie-cinematografe\/\" title=\"WhatsApp\" rel=\"noopener\"><\/p>\n<div class=\"td-social-but-text\">WhatsApp<\/div>\n<p><\/a><a class=\"td-social-sharing-button td-social-sharing-button-js td-social-network td-social-linkedin\" href=\"https:\/\/www.linkedin.com\/shareArticle?mini=true&amp;url=https:\/\/voceatimisului.ro\/premierele-saptamanii-din-21-martie-cinematografe\/&amp;title=Premierele+s%C4%83pt%C4%83m%C3%A2nii+%E2%80%93+din+21+martie+%C3%AEn+cinematografe\" title=\"Linkedin\" rel=\"noopener\"><\/p>\n<div class=\"td-social-but-text\">Linkedin<\/div>\n<p><\/a><a class=\"td-social-sharing-button td-social-sharing-button-js td-social-network td-social-copy_url\" href=\"https:\/\/voceatimisului.ro\/premierele-saptamanii-din-21-martie-cinematografe\/\" title=\"Copy URL\" rel=\"noopener\"><\/p>\n<div class=\"td-social-but-text\">Copy URL<\/div>\n<p><\/a><\/div>\n<\/div>\n<\/div>\n<\/div>\n<\/div>\n<\/div>\n<\/div>\n<div class=\"td_block_wrap tdb_single_featured_image tdi_58 tdb-content-horiz-left td-pb-border-top td_block_template_1\" data-td-block-uid=\"tdi_58\">\n<div class=\"tdb-block-inner td-fix-index\">\n<figure><img fetchpriority=\"high\" decoding=\"async\" width=\"696\" height=\"522\" class=\"entry-thumb\" src=\"https:\/\/analyse.optim.biz\/wp-content\/uploads\/2025\/12\/premierele-saptamanii-e28093-din-21-martie-jpg-696x522-1.webp\" alt=\"Premierele saptamanii \u2013 din 21 martie jpg\" title=\"Premierele saptamanii \u2013 din 21 martie jpg\" loading=\"eager\"><figcaption class=\"tdb-caption-text\">Premierele saptamanii \u2013 din 21 martie jpg<\/figcaption><\/figure>\n<\/div>\n<\/div>\n<div class=\"vc_row_inner tdi_60  vc_row vc_inner wpb_row td-pb-row\">\n<div class=\"vc_column_inner tdi_62  wpb_column vc_column_container tdc-inner-column td-pb-span4 td-is-sticky\">\n<div class=\"vc_column-inner\">\n<div class=\"wpb_wrapper\" data-sticky-enabled-on=\"W3RydWUsdHJ1ZSx0cnVlLHRydWVd\" data-sticky-offset=\"20\" data-sticky-is-width-auto=\"W2ZhbHNlLGZhbHNlLGZhbHNlLGZhbHNlXQ==\">\n<div class=\"td_block_wrap td_flex_block_1 tdi_63 td-pb-border-top td_block_template_1 td_ajax_preloading_preload td_flex_block\" data-td-block-uid=\"tdi_63\">\n<div id=\"tdi_63\" class=\"td_block_inner td-mc1-wrap\">\n<div class=\"td_module_flex td_module_flex_1 td_module_wrap td-animation-stack td-meta-info-hide td-cpt-post\">\n<div class=\"td-module-container td-category-pos-image\">\n<div class=\"td-module-meta-info\">\n<h3 class=\"entry-title td-module-title\"><a href=\"https:\/\/voceatimisului.ro\/premii-de-sarbatori-la-iulius-mall-campania-un-craciun-high-definition-si-a-desemnat-castigatorii\/\" rel=\"bookmark\" title=\"Premii de s\u0103rb\u0103tori, la Iulius Mall: campania \u201eUn Cr\u0103ciun High Definition\u201d \u0219i-a desemnat c\u00e2\u0219tig\u0103torii\">Premii de s\u0103rb\u0103tori, la Iulius Mall: campania \u201eUn Cr\u0103ciun High Definition\u201d \u0219i-a desemnat c\u00e2\u0219tig\u0103torii<\/a><\/h3>\n<\/div>\n<\/div>\n<\/div>\n<div class=\"td_module_flex td_module_flex_1 td_module_wrap td-animation-stack td-meta-info-hide td-cpt-post\">\n<div class=\"td-module-container td-category-pos-image\">\n<div class=\"td-module-meta-info\">\n<h3 class=\"entry-title td-module-title\"><a href=\"https:\/\/voceatimisului.ro\/iulius-mall-timisoara-a-pregatit-un-program-special-in-prima-zi-de-craciun\/\" rel=\"bookmark\" title=\"Iulius Mall Timi\u0219oara a preg\u0103tit un program special \u00een prima zi de Cr\u0103ciun\">Iulius Mall Timi\u0219oara a preg\u0103tit un program special \u00een prima zi de Cr\u0103ciun<\/a><\/h3>\n<\/div>\n<\/div>\n<\/div>\n<div class=\"td_module_flex td_module_flex_1 td_module_wrap td-animation-stack td-meta-info-hide td-cpt-post\">\n<div class=\"td-module-container td-category-pos-image\">\n<div class=\"td-module-meta-info\">\n<h3 class=\"entry-title td-module-title\"><a href=\"https:\/\/voceatimisului.ro\/ingerii-galbeni-au-concurenta-un-agent-de-la-iulius-mall-s-a-dat-lovit-dupa-ce-a-spart-parbrizul-unei-masini\/\" rel=\"bookmark\" title=\"\u00cengerii Galbeni au \u201dconcuren\u021b\u0103\u201d. Un \u201dagent\u201d de la Iulius Mall s-a dat \u201dlovit\u201d dup\u0103 ce a spart parbrizul unei ma\u0219ini\">\u00cengerii Galbeni au \u201dconcuren\u021b\u0103\u201d. Un \u201dagent\u201d de la Iulius Mall s-a dat \u201dlovit\u201d dup\u0103 ce a spart parbrizul unei ma\u0219ini<\/a><\/h3>\n<\/div>\n<\/div>\n<\/div>\n<div class=\"td_module_flex td_module_flex_1 td_module_wrap td-animation-stack td-meta-info-hide td-cpt-post\">\n<div class=\"td-module-container td-category-pos-image\">\n<div class=\"td-module-meta-info\">\n<h3 class=\"entry-title td-module-title\"><a href=\"https:\/\/voceatimisului.ro\/in-premiera-filarmonica-banatul-timisoara-va-sustine-la-iulius-mall-un-concert-extraordinar-de-sarbatori\/\" rel=\"bookmark\" title=\"\u00cen premier\u0103, Filarmonica \u201eBanatul\u201d Timi\u015foara va sus\u0163ine la Iulius Mall un concert extraordinar de s\u0103rb\u0103tori\">\u00cen premier\u0103, Filarmonica \u201eBanatul\u201d Timi\u015foara va sus\u0163ine la Iulius Mall un concert extraordinar de s\u0103rb\u0103tori<\/a><\/h3>\n<\/div>\n<\/div>\n<\/div>\n<\/div>\n<\/div>\n<div class=\"tdb-author-box td_block_wrap tdb_single_author_box tdi_68 tdb-content-vert-top td-pb-border-top td_block_template_1\" data-td-block-uid=\"tdi_68\">\n<div class=\"tdb-block-inner td-fix-index\">\n<div class=\"tdb-author-info\"><a href=\"https:\/\/voceatimisului.ro\/author\/redactia\/\" class=\"tdb-author-name\">Redac\u021bia<\/a><\/p>\n<div class=\"tdb-author-descr\">\u00centreaga responsabilitate a comentariilor l\u0103sate de dumneavoastr\u0103 v\u0103 apar\u021bine!<br \/>\nClick <a href=\"https:\/\/voceatimisului.ro\/termeni-si-conditii\/\">aici<\/a>-citeste condi\u0163iile de utilizare ale site-ului www.voceatimisului.ro<\/div>\n<\/div>\n<\/div>\n<\/div>\n<\/div>\n<\/div>\n<\/div>\n<div class=\"vc_column_inner tdi_70  wpb_column vc_column_container tdc-inner-column td-pb-span8\">\n<div class=\"vc_column-inner\">\n<div class=\"wpb_wrapper\">\n<div class=\"td_block_wrap tdb_single_content tdi_71 td-pb-border-top td_block_template_1 td-post-content tagdiv-type\" data-td-block-uid=\"tdi_71\">\n<div class=\"tdb-block-inner td-fix-index\">\n<p><em><strong>Divergent<\/strong><\/em><\/p>\n<p>Bazat pe bestseller-ul omonim, semnat de Veronica Roth, filmul Divergent aduce pe marile ecrane lupta \u00eencr\u00e2ncenat\u0103 a unei adolescente de a-\u015fi descoperi adev\u0103rata identitate, \u00een ciuda legilor foarte stricte dup\u0103 care lumea se ghideaz\u0103.<\/p>\n<p>\u00centr-un viitor nu foarte \u00eendep\u0103rtat, societatea este \u00eemp\u0103r\u0163it\u0103 \u00een categorii clar delimitate \u00een func\u0163ie de personalitatea dominant\u0103 a fiec\u0103rui individ. De\u015fi pare o fat\u0103 obi\u015fnuit\u0103, Tris Prior afl\u0103 c\u0103 nu \u00eei poate\u2026<\/p>\n<p>[responsive_youtube <\/p>\n<p><strong><em>The Grand Budapest Hotel<\/em><\/strong><\/p>\n<p>The Grand Budapest Hotel descrie aventurile lui Gustave H (Ralph Fiennes), un legendar portar la un mare hotel european din perioada interbelic\u0103, \u015fi ale lui Zero Moustafa, hamalul hotelului, care devine cel mai bun prieten al s\u0103u. Povestea include un furt de propor\u0163ii \u015fi recuperarea unei picturi renascentiste, dar \u015fi lupta pentru o avere de familie, totul pe fundalul schimb\u0103rilor bru\u015fte \u015fi dramatice ce afecteaz\u0103 via\u0163a pe continent.<\/p>\n<p>[responsive_youtube <\/p>\n<p>sursa:<a href=\"https:\/\/www.cinemagia.ro\/\" target=\"_blank\" rel=\"noopener\">cinemagia.ro<\/a><\/p>\n<\/div>\n<\/div>\n<div class=\"td_block_wrap tdb_single_tags tdi_74 td-pb-border-top td_block_template_1\" data-td-block-uid=\"tdi_74\">\n<div class=\"tdb-block-inner td-fix-index\">\n<ul class=\"tdb-tags\">\n<li><span>Tags<\/span><\/li>\n<li><a href=\"https:\/\/voceatimisului.ro\/tag\/cinemacity\/\">CinemaCity<\/a><\/li>\n<li><a href=\"https:\/\/voceatimisului.ro\/tag\/filmele-saptamanii-2\/\">filmele saptamanii<\/a><\/li>\n<li><a href=\"https:\/\/voceatimisului.ro\/tag\/iulius-mall-timisoara\/\">iulius mall timisoara<\/a><\/li>\n<li><a href=\"https:\/\/voceatimisului.ro\/tag\/premiere-martie\/\">premiere martie<\/a><\/li>\n<li><a href=\"https:\/\/voceatimisului.ro\/tag\/the-grand-budapest-hotel\/\">The Grand Budapest Hotel<\/a><\/li>\n<li><a href=\"https:\/\/voceatimisului.ro\/tag\/timp-liber-2\/\">timp liber<\/a><\/li>\n<\/ul>\n<\/div>\n<\/div>\n<div class=\"td_block_wrap tdb_single_post_share tdi_75  td-pb-border-top td_block_template_1\" data-td-block-uid=\"tdi_75\">\n<div id=\"tdi_75\" class=\"td-post-sharing tdb-block td-ps-bg td-ps-notext td-post-sharing-style1 \">\n<div class=\"td-post-sharing-visible\"><a class=\"td-social-sharing-button td-social-sharing-button-js td-social-network td-social-facebook\" href=\"https:\/\/www.facebook.com\/sharer.php?u=https%3A%2F%2Fvoceatimisului.ro%2Fpremierele-saptamanii-din-21-martie-cinematografe%2F\" title=\"Facebook\" rel=\"noopener\"><\/p>\n<div class=\"td-social-but-text\">Facebook<\/div>\n<p><\/a><a class=\"td-social-sharing-button td-social-sharing-button-js td-social-network td-social-twitter\" href=\"https:\/\/twitter.com\/intent\/tweet?text=Premierele+s%C4%83pt%C4%83m%C3%A2nii+%E2%80%93+din+21+martie+%C3%AEn+cinematografe&amp;url=https%3A%2F%2Fvoceatimisului.ro%2Fpremierele-saptamanii-din-21-martie-cinematografe%2F&amp;via=Vocea+Timisului\" title=\"Twitter\" rel=\"noopener\"><\/p>\n<div class=\"td-social-but-text\">Twitter<\/div>\n<p><\/a><a class=\"td-social-sharing-button td-social-sharing-button-js td-social-network td-social-pinterest\" href=\"https:\/\/pinterest.com\/pin\/create\/button\/?url=https:\/\/voceatimisului.ro\/premierele-saptamanii-din-21-martie-cinematografe\/&amp;media=https:\/\/voceatimisului.ro\/wp-content\/uploads\/2014\/03\/Premierele-saptamanii-%E2%80%93-din-21-martie-jpg.webp&amp;description=Premierele+s%C4%83pt%C4%83m%C3%A2nii+%E2%80%93+din+21+martie+%C3%AEn+cinematografe\" title=\"Pinterest\" rel=\"noopener\"><\/p>\n<div class=\"td-social-but-text\">Pinterest<\/div>\n<p><\/a><a class=\"td-social-sharing-button td-social-sharing-button-js td-social-network td-social-whatsapp\" href=\"https:\/\/api.whatsapp.com\/send?text=Premierele+s%C4%83pt%C4%83m%C3%A2nii+%E2%80%93+din+21+martie+%C3%AEn+cinematografe%20%0A%0A%20https:\/\/voceatimisului.ro\/premierele-saptamanii-din-21-martie-cinematografe\/\" title=\"WhatsApp\" rel=\"noopener\"><\/p>\n<div class=\"td-social-but-text\">WhatsApp<\/div>\n<p><\/a><a class=\"td-social-sharing-button td-social-sharing-button-js td-social-network td-social-linkedin\" href=\"https:\/\/www.linkedin.com\/shareArticle?mini=true&amp;url=https:\/\/voceatimisului.ro\/premierele-saptamanii-din-21-martie-cinematografe\/&amp;title=Premierele+s%C4%83pt%C4%83m%C3%A2nii+%E2%80%93+din+21+martie+%C3%AEn+cinematografe\" title=\"Linkedin\" rel=\"noopener\"><\/p>\n<div class=\"td-social-but-text\">Linkedin<\/div>\n<p><\/a><a class=\"td-social-sharing-button td-social-sharing-button-js td-social-network td-social-copy_url\" href=\"https:\/\/voceatimisului.ro\/premierele-saptamanii-din-21-martie-cinematografe\/\" title=\"Copy URL\" rel=\"noopener\"><\/p>\n<div class=\"td-social-but-text\">Copy URL<\/div>\n<p><\/a><\/div>\n<\/div>\n<\/div>\n<div class=\"td_block_wrap tdb_single_next_prev tdi_76 td-animation-stack td-next-prev-img-on td-pb-border-top td_block_template_1\" data-td-block-uid=\"tdi_76\">\n<div class=\"tdb-block-inner td-fix-index\">\n<div class=\"tdb-next-post tdb-next-post-bg tdb-post-prev\"><span>Articolul precedent<\/span><\/p>\n<div class=\"td-module-container\">\n<div class=\"td-image-container\"><a class=\"td-image-wrap\" href=\"https:\/\/voceatimisului.ro\/leii-au-halit-ursii-bc-timisoara-103-58-timba-timisoara\/\"><img loading=\"lazy\" decoding=\"async\" class=\"td-next-prev-image td-fix-index td-lazy-img\" title=\"Leii au \u201ehalit\u201d ur\u015fii! BC Timi\u015foara 103-58 Timba Timi\u015foara\" width=\"696\" height=\"464\" src=\"https:\/\/analyse.optim.biz\/wp-content\/uploads\/2025\/12\/bc-timisoara-timba-timisoara1-jpg-696x464-1.webp\"><\/a><\/div>\n<div class=\"next-prev-title\"><a href=\"https:\/\/voceatimisului.ro\/leii-au-halit-ursii-bc-timisoara-103-58-timba-timisoara\/\">Leii au \u201ehalit\u201d ur\u015fii! BC Timi\u015foara 103-58 Timba Timi\u015foara<\/a><\/div>\n<\/div>\n<\/div>\n<div class=\"tdb-next-post tdb-next-post-bg tdb-post-next\"><span>Articolul urm\u0103tor<\/span><\/p>\n<div class=\"td-module-container\">\n<div class=\"td-image-container\"><a class=\"td-image-wrap\" href=\"https:\/\/voceatimisului.ro\/traian-basescu-daca-pmp-nu-trimite-candidat-la-prezindentiale-nu-sunt-urmasii-mei\/\"><img loading=\"lazy\" decoding=\"async\" class=\"td-next-prev-image td-fix-index td-lazy-img\" title=\"Leii au \u201ehalit\u201d ur\u015fii! BC Timi\u015foara 103-58 Timba Timi\u015foara\" width=\"696\" height=\"464\" src=\"https:\/\/analyse.optim.biz\/wp-content\/uploads\/2025\/12\/bc-timisoara-timba-timisoara1-jpg-696x464-1.webp\"><\/a><\/div>\n<div class=\"next-prev-title\"><a href=\"https:\/\/voceatimisului.ro\/traian-basescu-daca-pmp-nu-trimite-candidat-la-prezindentiale-nu-sunt-urmasii-mei\/\">Traian B\u0103sescu: Dac\u0103 PMP nu trimite candidat la prezinden\u021biale, nu sunt \u201eurma\u0219ii\u201d mei<\/a><\/div>\n<\/div>\n<\/div>\n<\/div>\n<\/div>\n<\/div>\n<\/div>\n<\/div>\n<\/div>\n<div class=\"vc_row_inner tdi_86  vc_row vc_inner wpb_row td-pb-row\">\n<div class=\"vc_column_inner tdi_88  wpb_column vc_column_container tdc-inner-column td-pb-span4 td-is-sticky\">\n<div class=\"vc_column-inner\">\n<div class=\"wpb_wrapper\" data-sticky-enabled-on=\"W3RydWUsdHJ1ZSx0cnVlLHRydWVd\" data-sticky-offset=\"20\" data-sticky-is-width-auto=\"W2ZhbHNlLGZhbHNlLGZhbHNlLGZhbHNlXQ==\">\n<div class=\"td_block_wrap tdb_single_related tdi_89 td_with_ajax_pagination td-pb-border-top td_block_template_1 tdb-single-related-posts\" data-td-block-uid=\"tdi_89\">\n<div id=\"tdi_89\" class=\"td_block_inner tdb-block-inner td-fix-index\">\n<div class=\"tdb_module_related td_module_wrap td-animation-stack td-meta-info-hide\">\n<div class=\"td-module-container td-category-pos-image\">\n<div class=\"td-module-meta-info\">\n<h3 class=\"entry-title td-module-title\"><a href=\"https:\/\/voceatimisului.ro\/expo-medica-tm-2015-sub-sloganul-targul-sanatatii-tale-la-iulius-mall\/\" rel=\"bookmark\" title=\"EXPO Medica TM 2015, sub sloganul \u201eT\u00e2rgul s\u0103n\u0103t\u0103\u021bii tale\u201d, la Iulius Mall\">EXPO Medica TM 2015, sub sloganul \u201eT\u00e2rgul s\u0103n\u0103t\u0103\u021bii tale\u201d, la Iulius Mall<\/a><\/h3>\n<\/div>\n<\/div>\n<\/div>\n<div class=\"tdb_module_related td_module_wrap td-animation-stack td-meta-info-hide\">\n<div class=\"td-module-container td-category-pos-image\">\n<div class=\"td-module-meta-info\">\n<h3 class=\"entry-title td-module-title\"><a href=\"https:\/\/voceatimisului.ro\/atelier-inedit-de-pictura-pe-basorelief-in-weekend-la-iulius-mall-2\/\" rel=\"bookmark\" title=\"Atelier INEDIT de pictur\u0103 pe basorelief, \u00een weekend, la Iulius Mall\">Atelier INEDIT de pictur\u0103 pe basorelief, \u00een weekend, la Iulius Mall<\/a><\/h3>\n<\/div>\n<\/div>\n<\/div>\n<div class=\"tdb_module_related td_module_wrap td-animation-stack td-meta-info-hide\">\n<div class=\"td-module-container td-category-pos-image\">\n<div class=\"td-module-meta-info\">\n<h3 class=\"entry-title td-module-title\"><a href=\"https:\/\/voceatimisului.ro\/ziua-armatei-romane-sarbatorita-cu-fast-la-iulius-mall-cine-va-fi-vedeta-paradei\/\" rel=\"bookmark\" title=\"Ziua Armatei Rom\u00e2ne, s\u0103rb\u0103torit\u0103 cu fast la Iulius Mall. Cine va fi \u201evedeta\u201d paradei\">Ziua Armatei Rom\u00e2ne, s\u0103rb\u0103torit\u0103 cu fast la Iulius Mall. Cine va fi \u201evedeta\u201d paradei<\/a><\/h3>\n<\/div>\n<\/div>\n<\/div>\n<\/div>\n<\/div>\n<\/div>\n<\/div>\n<\/div>\n<div class=\"vc_column_inner tdi_91  wpb_column vc_column_container tdc-inner-column td-pb-span8\">\n<div class=\"vc_column-inner\">\n<div class=\"wpb_wrapper\">\n<div class=\"td_block_wrap tdb_single_comments tdi_92 tdb-comm-layout2 td-pb-border-top td_block_template_2\" data-td-block-uid=\"tdi_92\">\n<div class=\"tdb-block-inner td-fix-index\">\n<div class=\"comments\" id=\"comments\">\n<div id=\"respond\" class=\"comment-respond\">\n<h3 id=\"reply-title\" class=\"comment-reply-title\">L\u0102SA\u021aI UN MESAJ <small><a rel=\"nofollow\" id=\"cancel-comment-reply-link\" href=\"https:\/\/voceatimisului.ro\/premierele-saptamanii-din-21-martie-cinematografe\/#respond\">Renun\u021ba\u021bi la r\u0103spuns<\/a><\/small><\/h3>\n<div class=\"comment-form-input-wrap td-form-comment\">\n<div class=\"td-warning-comment\">V\u0103 rug\u0103m s\u0103 introduce\u021bi comentariul dvs.!<\/div>\n<\/div>\n<div class=\"comment-form-input-wrap td-form-author\">\n<div class=\"td-warning-author\">Introduce\u021bi aici numele dvs.<\/div>\n<\/div>\n<div class=\"comment-form-input-wrap td-form-email\">\n<div class=\"td-warning-email-error\">A\u021bi introdus o adres\u0103 de e-mail incorect\u0103!<\/div>\n<div class=\"td-warning-email\">V\u0103 rug\u0103m s\u0103 introduce\u021bi adresa dvs. de e-mail aici<\/div>\n<\/div>\n<\/div>\n<\/div>\n<\/div>\n<\/div>\n<\/div>\n<\/div>\n<\/div>\n<\/div>\n<\/div>\n<\/div>\n<div class=\"vc_column tdi_94  wpb_column vc_column_container tdc-column td-pb-span4 td-is-sticky\">\n<div class=\"wpb_wrapper\" data-sticky-enabled-on=\"W3RydWUsdHJ1ZSx0cnVlLHRydWVd\" data-sticky-offset=\"20\" data-sticky-is-width-auto=\"W2ZhbHNlLGZhbHNlLGZhbHNlLGZhbHNlXQ==\">\n<div class=\"vc_row_inner tdi_96  vc_row vc_inner wpb_row td-pb-row\">\n<div class=\"vc_column_inner tdi_98  wpb_column vc_column_container tdc-inner-column td-pb-span12\">\n<div class=\"vc_column-inner\">\n<div class=\"wpb_wrapper\">\n<div class=\"td_block_wrap td_block_title tdi_99 td-pb-border-top td_block_template_11 td-fix-index\" data-td-block-uid=\"tdi_99\">\n<div class=\"td-block-title-wrap\">\n<h4 class=\"td-block-title\"><span class=\"td-pulldown-size\">ANUN\u021aURI \u0218I PUBLICITATE<\/span><\/h4>\n<\/div>\n<\/div>\n<\/div>\n<\/div>\n<\/div>\n<\/div>\n<div class=\"wpb_wrapper td_block_wrap vc_widget_sidebar tdi_101 \">\n<aside id=\"block-10\" class=\"td_block_template_1 widget block-10 widget_block widget_media_image\">\n<figure class=\"wp-block-image size-full\"><a href=\"https:\/\/adpghiroda.ro\/index.html\" target=\"_blank\" rel=\" noreferrer noopener\"><img decoding=\"async\" loading=\"lazy\" width=\"960\" height=\"960\" src=\"https:\/\/analyse.optim.biz\/wp-content\/uploads\/2025\/12\/adp-ghiroda2-112.jpg\" class=\"wp-image-171492\" title=\"adp-ghiroda2-112\"><\/a><\/figure>\n<\/aside>\n<aside id=\"block-11\" class=\"td_block_template_1 widget block-11 widget_block widget_media_image\">\n<figure class=\"wp-block-image size-full\"><a href=\"https:\/\/adpghiroda.ro\/index.html\" target=\"_blank\" rel=\" noreferrer noopener\"><img decoding=\"async\" loading=\"lazy\" width=\"960\" height=\"960\" src=\"https:\/\/analyse.optim.biz\/wp-content\/uploads\/2025\/12\/adp-ghiroda1-109.jpg\" class=\"wp-image-171491\" title=\"adp-ghiroda1-109\"><\/a><\/figure>\n<\/aside>\n<aside id=\"block-17\" class=\"td_block_template_1 widget block-17 widget_block widget_media_image\">\n<figure class=\"wp-block-image size-large is-resized\"><a href=\"https:\/\/verde.events\/\" target=\"_blank\" rel=\" noreferrer noopener\"><img decoding=\"async\" loading=\"lazy\" width=\"1024\" height=\"683\" src=\"https:\/\/analyse.optim.biz\/wp-content\/uploads\/2025\/12\/verde-events-24-1024x683-107-1.jpg\" alt=\"Verde Events\" class=\"wp-image-174395\" title=\"verde-events-24-1024x683-107-1\"><\/a><figcaption class=\"wp-element-caption\"><strong><em>O experien\u021b\u0103 unic\u0103 pentru orice tip de eveniment<\/em><\/strong><\/figcaption><\/figure>\n<\/aside>\n<\/div>\n<div class=\"td_block_wrap td_flex_block_1 tdi_107 td-pb-border-top td_block_template_1 td_ajax_preloading_preload td_flex_block\" data-td-block-uid=\"tdi_107\">\n<div id=\"tdi_107\" class=\"td_block_inner td-mc1-wrap\">\n<div class=\"td_module_flex td_module_flex_1 td_module_wrap td-animation-stack td-meta-info-hide td-cpt-post\">\n<div class=\"td-module-container td-category-pos-image\">\n<div class=\"td-module-meta-info\">\n<h3 class=\"entry-title td-module-title\"><a href=\"https:\/\/voceatimisului.ro\/openville-incepe-sa-prinda-contur-cum-va-arata-la-final-investitia-de-220-de-milioane-de-euro-din-inima-timisoarei\/\" rel=\"bookmark\" title=\"Openville \u00ceNCEPE s\u0103 prind\u0103 contur. Cum va ar\u0103ta la final investi\u021bia de 220 de milioane de euro din inima Timi\u0219oarei\">Openville \u00ceNCEPE s\u0103 prind\u0103 contur. Cum va ar\u0103ta la final investi\u021bia de 220 de milioane de euro din inima Timi\u0219oarei<\/a><\/h3>\n<\/div>\n<\/div>\n<\/div>\n<div class=\"td_module_flex td_module_flex_1 td_module_wrap td-animation-stack td-meta-info-hide td-cpt-post\">\n<div class=\"td-module-container td-category-pos-image\">\n<div class=\"td-module-meta-info\">\n<h3 class=\"entry-title td-module-title\"><a href=\"https:\/\/voceatimisului.ro\/fosile-de-dinozaur-meteoriti-si-amoniti-uriasi-la-iulius-mall-timisoara\/\" rel=\"bookmark\" title=\"Fosile de DINOZAUR, meteori\u021bi \u0219i amoni\u021bi URIA\u0218I la Iulius Mall Timi\u0219oara\">Fosile de DINOZAUR, meteori\u021bi \u0219i amoni\u021bi URIA\u0218I la Iulius Mall Timi\u0219oara<\/a><\/h3>\n<\/div>\n<\/div>\n<\/div>\n<div class=\"td_module_flex td_module_flex_1 td_module_wrap td-animation-stack td-meta-info-hide td-cpt-post\">\n<div class=\"td-module-container td-category-pos-image\">\n<div class=\"td-module-meta-info\">\n<h3 class=\"entry-title td-module-title\"><a href=\"https:\/\/voceatimisului.ro\/openville-timisoara-o-oaza-de-verdeata-in-mijlocul-orasului\/\" rel=\"bookmark\" title=\"OPENVILLE TIMI\u015eOARA o oaz\u0103 de verdea\u0163\u0103 \u00een mijlocul ora\u015fului\">OPENVILLE TIMI\u015eOARA o oaz\u0103 de verdea\u0163\u0103 \u00een mijlocul ora\u015fului<\/a><\/h3>\n<\/div>\n<\/div>\n<\/div>\n<div class=\"td_module_flex td_module_flex_1 td_module_wrap td-animation-stack td-meta-info-hide td-cpt-post\">\n<div class=\"td-module-container td-category-pos-image\">\n<div class=\"td-module-meta-info\">\n<h3 class=\"entry-title td-module-title\"><a href=\"https:\/\/voceatimisului.ro\/compania-iulius-management-center-va-investi-peste-220-milioane-de-euro-intr-un-proiect-multifunctional-de-regenerare-urbana\/\" rel=\"bookmark\" title=\"Compania Iulius Management Center va investi peste 220 milioane de euro \u00eentr-un proiect multifunc\u0163ional de regenerare urban\u0103\">Compania Iulius Management Center va investi peste 220 milioane de euro \u00eentr-un proiect multifunc\u0163ional de regenerare urban\u0103<\/a><\/h3>\n<\/div>\n<\/div>\n<\/div>\n<div class=\"td_module_flex td_module_flex_1 td_module_wrap td-animation-stack td-meta-info-hide td-cpt-post\">\n<div class=\"td-module-container td-category-pos-image\">\n<div class=\"td-module-meta-info\">\n<h3 class=\"entry-title td-module-title\"><a href=\"https:\/\/voceatimisului.ro\/premiile-oscar-se-acorda-in-aceasta-noapte-vezi-nominalizarile\/\" rel=\"bookmark\" title=\"Premiile OSCAR se acord\u0103 \u00een aceast\u0103 noapte. Vezi nominaliz\u0103rile!\">Premiile OSCAR se acord\u0103 \u00een aceast\u0103 noapte. Vezi nominaliz\u0103rile!<\/a><\/h3>\n<\/div>\n<\/div>\n<\/div>\n<\/div>\n<\/div>\n<\/div>\n<\/div>\n<\/div>\n<\/div>\n<\/div>\n<\/div>\n<p><span class=\"td-page-meta\"><\/span><span class=\"td-page-meta\"><span class=\"td-page-meta\"><\/span><\/span><span class=\"td-page-meta\"><\/span><\/article>\n<p> Source URL: https:\/\/voceatimisului.ro\/premierele-saptamanii-din-21-martie-cinematografe\/<\/p>\n","protected":false},"excerpt":{"rendered":"<p>\u0218tiriTimp LiberFilmele S\u0103pt\u0103m\u00e2nii Premierele s\u0103pt\u0103m\u00e2nii \u2013 din 21 martie \u00een cinematografe Autor-Redac\u021bia 23 martie 2014 0 11561 Facebook Twitter Pinterest WhatsApp Linkedin Copy URL Premierele saptamanii \u2013 din 21 martie jpg Premii de s\u0103rb\u0103tori, la Iulius Mall: campania \u201eUn Cr\u0103ciun High Definition\u201d \u0219i-a desemnat c\u00e2\u0219tig\u0103torii Iulius Mall Timi\u0219oara a preg\u0103tit un program special \u00een prima [&hellip;]<\/p>\n","protected":false},"author":1,"featured_media":1162564,"comment_status":"open","ping_status":"","sticky":false,"template":"","format":"standard","meta":{"footnotes":""},"categories":[89],"tags":[199],"class_list":["post-1162563","post","type-post","status-publish","format-standard","has-post-thumbnail","hentry","category-romania","tag-voceatimisului-ro"],"_links":{"self":[{"href":"https:\/\/analyse.optim.biz\/index.php?rest_route=\/wp\/v2\/posts\/1162563","targetHints":{"allow":["GET"]}}],"collection":[{"href":"https:\/\/analyse.optim.biz\/index.php?rest_route=\/wp\/v2\/posts"}],"about":[{"href":"https:\/\/analyse.optim.biz\/index.php?rest_route=\/wp\/v2\/types\/post"}],"author":[{"embeddable":true,"href":"https:\/\/analyse.optim.biz\/index.php?rest_route=\/wp\/v2\/users\/1"}],"replies":[{"embeddable":true,"href":"https:\/\/analyse.optim.biz\/index.php?rest_route=%2Fwp%2Fv2%2Fcomments&post=1162563"}],"version-history":[{"count":0,"href":"https:\/\/analyse.optim.biz\/index.php?rest_route=\/wp\/v2\/posts\/1162563\/revisions"}],"wp:featuredmedia":[{"embeddable":true,"href":"https:\/\/analyse.optim.biz\/index.php?rest_route=\/wp\/v2\/media\/1162564"}],"wp:attachment":[{"href":"https:\/\/analyse.optim.biz\/index.php?rest_route=%2Fwp%2Fv2%2Fmedia&parent=1162563"}],"wp:term":[{"taxonomy":"category","embeddable":true,"href":"https:\/\/analyse.optim.biz\/index.php?rest_route=%2Fwp%2Fv2%2Fcategories&post=1162563"},{"taxonomy":"post_tag","embeddable":true,"href":"https:\/\/analyse.optim.biz\/index.php?rest_route=%2Fwp%2Fv2%2Ftags&post=1162563"}],"curies":[{"name":"wp","href":"https:\/\/api.w.org\/{rel}","templated":true}]}}