{"id":116070,"date":"2018-06-08T14:05:25","date_gmt":"2018-06-08T11:05:25","guid":{"rendered":"https:\/\/analyse.optim.biz\/?p=116070"},"modified":"2018-06-08T14:05:25","modified_gmt":"2018-06-08T11:05:25","slug":"fc-u-craiova-ar-putea-sa-nu-mai-joace-meciul-cu-jiul-podari","status":"publish","type":"post","link":"https:\/\/analyse.optim.biz\/?p=116070","title":{"rendered":"FC U Craiova ar putea s\u0103 nu mai joace meciul cu Jiul Podari"},"content":{"rendered":"<div class=\"entry data-app-meta data-app-meta-article\" data-embed-base-url-canonical=\"https:\/\/www.digi24.ro\/embed\/stiri\/actualitate\/politica\/fc-u-craiova-nu-mai-joaca-ultimul-meci-din-play-off-ul-ligii-a-4-a-echipa-adversa-e-plecata-la-mitingul-psd-943582\">\n<p data-index=\"1\"><strong>FC U Craiova, echipa aflat\u0103 sub patronajul lui Adrian Mititelu, ar putea s\u0103 nu mai dispute ultima etap\u0103 din play-off-ul Ligii a 4-a Dolj, care urma s\u0103 aib\u0103 loc pe terenul celor de la Jiul Podari.\u00a0<\/strong><\/p>\n<figure class=\"article-thumb\"><img decoding=\"async\" src=\"https:\/\/analyse.optim.biz\/wp-content\/uploads\/2024\/09\/emm9mszoyxnoptkwmzqwyjc4zmvhmwuyyta2nmy5owexmdvjowmzyjaz-thumb_.jpg\" alt=\"170225_PSD_MITING_TARGOVISTE_28_INQUAM_PHOTOS_Octav_Ganea\" data-skip-htmlfix=\"1\" title=\"emm9mszoyxnoptkwmzqwyjc4zmvhmwuyyta2nmy5owexmdvjowmzyjaz-thumb_\"><figcaption> Foto: Inquam Photos \/ Octav Ganea <\/figcaption><\/figure>\n<p data-index=\"2\"><strong>UPDATE.<\/strong> \u00cen urma apari\u021biei informa\u021biilor din pres\u0103, Jiul Podari s-ar fi r\u0103zg\u00e2ndit, iar meciul ar putea avea loc m\u00e2ine.\u00a0\u00a0<\/p>\n<p data-index=\"3\"><em> \u201cEchipa Jiul Podari a introdus ast\u0103zi (ieri) la AJF Dolj o cerere prin care arat\u0103 c\u0103 este \u00een imposibilitatea s\u0103 organizeze partid\u0103 de acas\u0103 dintre Jiul Podari \u0219i FC U Craiova, motiv pentru care meciul se va c\u00e2\u0219tiga la masa verde.\u00a0 Cu aceast\u0103 ocazie anun\u021b\u0103m suporterii no\u0219trii c\u0103 urm\u0103toarea partid\u0103 va fi la Cornesti pe 16 iunie la orele 18.00, meciul \u021bur din barajul de promovare \u00een Liga a 3-a. <\/em><\/p>\n<p data-index=\"4\"><em>Am rug\u0103mintea, nu numai eu, ci \u0219i clubul \u0219i echipa, s\u0103 ne \u00eenso\u021bi\u021bi \u00een num\u0103r c\u00e2t mai mare la Corne\u0219ti, pentru a reu\u0219i \u0219i a tran\u0219a calificarea \u00een Liga a 3-a \u00eenc\u0103 din meciul tur\u201d, scrisese pe<\/em>\u00a0Facebook Marcel Iancu, Pre\u0219edintele Clubului FC U Craiova.<\/p>\n<p data-index=\"5\">Pe <a href=\"http:\/\/mitingcujapca.ro\" data-skip-linkfix=\"1\">mitingcujapca.ro<\/a>, site-ul creat de grupul civic Geeks for Democracy, pentru raportarea abuzurilor, exist\u0103 un mesaj \u00een care este semnalat faptul c\u0103 echipa de fotbal trebuie s\u0103 participe la miting: <em>\u201e\u00cen urm\u0103 cu 2 zile juc\u0103torii echipei Podari au fost anun\u021ba\u021bi de c\u0103tre antrenor \u0219i primar c\u0103 \u00een data de 9 iunie nu vor disputa meciul cu echipa FC Universitatea Craiova. \u00cen ciuda comunicatului asocia\u021biei jude\u021bene de fotbal cu privire la data \u0219i ora disput\u0103rii etapei de fotbal, ace\u0219tia (primarul \u0219i antrenorul) ne-au comunicat: nu st\u0103m \u00eentr-un comunicat cu privire la data \u0219i ora disput\u0103rii partidei! Putem s\u0103 juc\u0103m \u0219i duminic\u0103 \u0219i dac\u0103 nu&#8230;nu juc\u0103m! Trebuie s\u0103 fim al\u0103turi de ceilal\u021bi participan\u021bi la miting. O s\u0103 fim \u00een jur de 50 de mii de oameni care vom pleca din Dolj\u201d.<\/em><\/p>\n<\/div>\n<p> Source URL: https:\/\/www.digi24.ro\/stiri\/actualitate\/politica\/fc-u-craiova-nu-mai-joaca-ultimul-meci-din-play-off-ul-ligii-a-4-a-echipa-adversa-e-plecata-la-mitingul-psd-943582<\/p>\n","protected":false},"excerpt":{"rendered":"<p>FC U Craiova, echipa aflat\u0103 sub patronajul lui Adrian Mititelu, ar putea s\u0103 nu mai dispute ultima etap\u0103 din play-off-ul Ligii a 4-a Dolj, care urma s\u0103 aib\u0103 loc pe terenul celor de la Jiul Podari.\u00a0 Foto: Inquam Photos \/ Octav Ganea UPDATE. \u00cen urma apari\u021biei informa\u021biilor din pres\u0103, Jiul Podari s-ar fi r\u0103zg\u00e2ndit, iar [&hellip;]<\/p>\n","protected":false},"author":1,"featured_media":116071,"comment_status":"open","ping_status":"","sticky":false,"template":"","format":"standard","meta":{"footnotes":""},"categories":[2],"tags":[11],"class_list":["post-116070","post","type-post","status-publish","format-standard","has-post-thumbnail","hentry","category-politics","tag-digi24"],"_links":{"self":[{"href":"https:\/\/analyse.optim.biz\/index.php?rest_route=\/wp\/v2\/posts\/116070","targetHints":{"allow":["GET"]}}],"collection":[{"href":"https:\/\/analyse.optim.biz\/index.php?rest_route=\/wp\/v2\/posts"}],"about":[{"href":"https:\/\/analyse.optim.biz\/index.php?rest_route=\/wp\/v2\/types\/post"}],"author":[{"embeddable":true,"href":"https:\/\/analyse.optim.biz\/index.php?rest_route=\/wp\/v2\/users\/1"}],"replies":[{"embeddable":true,"href":"https:\/\/analyse.optim.biz\/index.php?rest_route=%2Fwp%2Fv2%2Fcomments&post=116070"}],"version-history":[{"count":0,"href":"https:\/\/analyse.optim.biz\/index.php?rest_route=\/wp\/v2\/posts\/116070\/revisions"}],"wp:featuredmedia":[{"embeddable":true,"href":"https:\/\/analyse.optim.biz\/index.php?rest_route=\/wp\/v2\/media\/116071"}],"wp:attachment":[{"href":"https:\/\/analyse.optim.biz\/index.php?rest_route=%2Fwp%2Fv2%2Fmedia&parent=116070"}],"wp:term":[{"taxonomy":"category","embeddable":true,"href":"https:\/\/analyse.optim.biz\/index.php?rest_route=%2Fwp%2Fv2%2Fcategories&post=116070"},{"taxonomy":"post_tag","embeddable":true,"href":"https:\/\/analyse.optim.biz\/index.php?rest_route=%2Fwp%2Fv2%2Ftags&post=116070"}],"curies":[{"name":"wp","href":"https:\/\/api.w.org\/{rel}","templated":true}]}}