{"id":116067,"date":"2018-06-08T14:50:54","date_gmt":"2018-06-08T11:50:54","guid":{"rendered":"https:\/\/analyse.optim.biz\/?p=116067"},"modified":"2018-06-08T14:50:54","modified_gmt":"2018-06-08T11:50:54","slug":"reactia-primarului-din-podari-dupa-ce-echipa-localitatii-ar-fi-renuntat-la-meciul-cu-fc-u-craiova-pentru-a-merge-la-mitingul-psd","status":"publish","type":"post","link":"https:\/\/analyse.optim.biz\/?p=116067","title":{"rendered":"Reac\u021bia primarului din Podari, dup\u0103 ce echipa localit\u0103\u021bii ar fi renun\u021bat la meciul cu FC U Craiova pentru a merge la mitingul PSD"},"content":{"rendered":"<div class=\"entry data-app-meta data-app-meta-article\" data-embed-base-url-canonical=\"https:\/\/www.digi24.ro\/embed\/stiri\/actualitate\/politica\/reactia-primarului-din-podari-dupa-ce-echipa-localitatii-ar-fi-renuntat-la-meciul-cu-fc-u-craiova-pentru-a-merge-la-mitingul-psd-943624\">\n<p data-index=\"1\"><strong>Dup\u0103 ce <a href=\"https:\/\/www.digi24.ro\/stiri\/actualitate\/politica\/fc-u-craiova-nu-mai-joaca-ultimul-meci-din-play-off-ul-ligii-a-4-a-echipa-adversa-e-plecata-la-mitingul-psd-943582\" data-skip-linkfix=\"1\">meciul din ultima etap\u0103 a play-off-ului Ligii a 4-a dintre FC U Craiova \u0219i Jiul Podari a fost anulat<\/a>, pe motiv c\u0103 echipa Jiul ar pleca la mitingul PSD de s\u00e2mb\u0103t\u0103, primarul localit\u0103\u021bii Podari, Gheorghi\u021b\u0103 Constantin, a negat acuza\u021biile \u0219i a venit cu o explica\u021bie pentru anularea partidei.<\/strong><\/p>\n<p data-index=\"2\"><a href=\"https:\/\/s.iw.ro\/gateway\/g\/ZmlsZVNvdXJjZT1odHRwcyUzQSUyRiUy\/RndlYmFkbWRpZ2kyNC5yY3MtcmRzLnJv\/JTJGd3AtY29udGVudCUyRnVwbG9hZHMl\/MkYyMDEzJTJGMDglMkY1MjA0YWRhZjk1\/ZjljZjBkNGIwMDAwMDAuanBnJmhhc2g9\/ZWFiZTczNGQ5NmMyNmNkNmMyYzc4YjE3MGViMjllNDU=.jpg\" data-skip-linkfix=\"1\" target=\"_blank\" rel=\"noopener\"><img loading=\"lazy\" decoding=\"async\" class=\"alignnone size-full wp-image-103586\" src=\"https:\/\/analyse.optim.biz\/wp-content\/uploads\/2024\/09\/jmhhc2g9zgq0ytvhmjg0mzyynjnhzgm1zwnjmjnjzgqxndhhzwu-thumb_.jpg\" width=\"704\" height=\"576\" data-skip-htmlfix=\"1\" title=\"jmhhc2g9zgq0ytvhmjg0mzyynjnhzgm1zwnjmjnjzgqxndhhzwu-thumb_\"><\/a><\/p>\n<p data-index=\"3\">Primarul a afirmat c\u0103 a luat decizia ca meciul cu FC U Craiova s\u0103 nu se joace pentru c\u0103&#8230;\u00eei este fric\u0103 de suporterii echipei lui Adrian Mititelu.<\/p>\n<p data-index=\"4\"><em>&#8220;Pute\u021bi s\u0103 vede\u021bi m\u00e2ine, c\u00e2nd se pleac\u0103 la miting, c\u0103 nu va pleca niciun fotbalist. Sunt ni\u0219te scleroza\u021bi. Nu exist\u0103 a\u0219a ceva, antrenorul \u0219i primarul nu au mers la juc\u0103tori. Numai prostii! Asta-i opozi\u021bia nenorocit\u0103 de la noi. Un lucru neadev\u0103rat, necinstit! Primarul \u0219i antrenorul n-au avut nicio treab\u0103. N-o sa mearga niciun juc\u0103tor la miting.<\/em><\/p>\n<p data-index=\"5\"><em>Noi am mai jucat cu Universitatea, iar galeria lor, c\u00e2nd a venit ultima dat\u0103, ne-a distrus gardul, au distrus tot, tot, tot! Au rupt \u00een picioare \u0219i gardul! Ce s\u0103 facem, s\u0103 ne judec\u0103m cu ei? Cum s\u0103 mai joci cu ei? Nici nu ne mai interesa acest meci, nu vede\u021bi c\u00e2t de r\u0103i sunt?&#8221;,<\/em> a spus Gheorghi\u021b\u0103 Constantin pentru <a href=\"http:\/\/www.ziare.com\/psd\/miting\/un-meci-din-liga-a-4-a-s-a-amanat-sunt-obligati-fotbalistii-sa-mearga-la-mitingul-psd-1516754\" data-skip-linkfix=\"1\"><strong>Ziare.com<\/strong><\/a>.<\/p>\n<p data-index=\"6\">Totu\u0219i, primarul a recunoscut c\u0103 100 de oameni din localitate vor participa la miting \u0219i c\u0103 finan\u021barea o vor face organiza\u021biile PSD, ad\u0103ug\u00e2nd c\u0103 nu va pune la dispozi\u021bia manifestan\u021bilor autobuzul de deplas\u0103ri al fotbali\u0219tilor.<\/p>\n<\/div>\n<p> Source URL: https:\/\/www.digi24.ro\/stiri\/actualitate\/politica\/reactia-primarului-din-podari-dupa-ce-echipa-localitatii-ar-fi-renuntat-la-meciul-cu-fc-u-craiova-pentru-a-merge-la-mitingul-psd-943624<\/p>\n","protected":false},"excerpt":{"rendered":"<p>Dup\u0103 ce meciul din ultima etap\u0103 a play-off-ului Ligii a 4-a dintre FC U Craiova \u0219i Jiul Podari a fost anulat, pe motiv c\u0103 echipa Jiul ar pleca la mitingul PSD de s\u00e2mb\u0103t\u0103, primarul localit\u0103\u021bii Podari, Gheorghi\u021b\u0103 Constantin, a negat acuza\u021biile \u0219i a venit cu o explica\u021bie pentru anularea partidei. Primarul a afirmat c\u0103 a [&hellip;]<\/p>\n","protected":false},"author":1,"featured_media":116068,"comment_status":"open","ping_status":"","sticky":false,"template":"","format":"standard","meta":{"footnotes":""},"categories":[2],"tags":[11],"class_list":["post-116067","post","type-post","status-publish","format-standard","has-post-thumbnail","hentry","category-politics","tag-digi24"],"_links":{"self":[{"href":"https:\/\/analyse.optim.biz\/index.php?rest_route=\/wp\/v2\/posts\/116067","targetHints":{"allow":["GET"]}}],"collection":[{"href":"https:\/\/analyse.optim.biz\/index.php?rest_route=\/wp\/v2\/posts"}],"about":[{"href":"https:\/\/analyse.optim.biz\/index.php?rest_route=\/wp\/v2\/types\/post"}],"author":[{"embeddable":true,"href":"https:\/\/analyse.optim.biz\/index.php?rest_route=\/wp\/v2\/users\/1"}],"replies":[{"embeddable":true,"href":"https:\/\/analyse.optim.biz\/index.php?rest_route=%2Fwp%2Fv2%2Fcomments&post=116067"}],"version-history":[{"count":0,"href":"https:\/\/analyse.optim.biz\/index.php?rest_route=\/wp\/v2\/posts\/116067\/revisions"}],"wp:featuredmedia":[{"embeddable":true,"href":"https:\/\/analyse.optim.biz\/index.php?rest_route=\/wp\/v2\/media\/116068"}],"wp:attachment":[{"href":"https:\/\/analyse.optim.biz\/index.php?rest_route=%2Fwp%2Fv2%2Fmedia&parent=116067"}],"wp:term":[{"taxonomy":"category","embeddable":true,"href":"https:\/\/analyse.optim.biz\/index.php?rest_route=%2Fwp%2Fv2%2Fcategories&post=116067"},{"taxonomy":"post_tag","embeddable":true,"href":"https:\/\/analyse.optim.biz\/index.php?rest_route=%2Fwp%2Fv2%2Ftags&post=116067"}],"curies":[{"name":"wp","href":"https:\/\/api.w.org\/{rel}","templated":true}]}}