{"id":1156218,"date":"2025-12-20T00:35:05","date_gmt":"2025-12-19T21:35:05","guid":{"rendered":"https:\/\/analyse.optim.biz\/?p=1156218"},"modified":"2025-12-20T00:35:05","modified_gmt":"2025-12-19T21:35:05","slug":"foto-accident-grav-in-aceasta-seara-un-barbat-a-fost-ranit","status":"publish","type":"post","link":"https:\/\/analyse.optim.biz\/?p=1156218","title":{"rendered":"FOTO Accident grav \u00een aceast\u0103 sear\u0103! Un b\u0103rbat a fost r\u0103nit"},"content":{"rendered":"<div class=\"entry-content\">\n<p><a href=\"https:\/\/www.botosaninews.ro\/wp-content\/uploads\/2025\/12\/accident-noapte-orice-3.jpeg\"><img decoding=\"async\" loading=\"lazy\" class=\"alignright size-medium wp-image-714029\" src=\"https:\/\/analyse.optim.biz\/wp-content\/uploads\/2025\/12\/accident-noapte-orice-3-300x197-1.jpeg\" width=\"300\" height=\"197\" title=\"accident-noapte-orice-3-300x197-1\"><\/a>Un grav accident rutier a avut loc vineri sear\u0103, pe raza localit\u0103\u021bii sucevene D\u0103rm\u0103ne\u0219ti. Este vorba despre un accident rutier \u00eentre un autotren \u0219i un autoturism, conduc\u0103torul autoturismului fiind \u00eencarcerat.<\/p>\n<p>Au intervenit pompierii militari din cadrul Deta\u0219amentului Suceava cu o autospecial\u0103 pentru descarcerare, o autospecial\u0103 de stingere, o ambulan\u021b\u0103 SMURD B2, cu sprijinul unui echipaj SAJ cu medic.<\/p>\n<p><em><strong>\u201eCu eforturi sus\u021binute pompierii militari au extras victima dintre fiarele contorsionate ale autoturismului, este vorba despre un b\u0103rbat, con\u0219tient, cu multiple traumatisme. Victima a fost predat\u0103 echipajul SAJ cu medic, va fi stabilizat\u0103 \u0219i ulterior transportat\u0103 la UPU Suceava<\/strong><\/em>\u201d, anun\u021b\u0103 reprezentan\u021bii Inspectoratului pentru Situa\u021bii de Urgen\u021b\u0103 Suceava.<\/p>\n<div id=\"gallery-1\" class=\"gallery galleryid-318378 gallery-columns-3 gallery-size-thumbnail\">\n<dl class=\"gallery-item\">\n<dt class=\"gallery-icon landscape\"><a href=\"https:\/\/suceavanews.ro\/wp-content\/uploads\/2025\/12\/accident-noapte-orice-1.jpeg\"><img decoding=\"async\" width=\"150\" height=\"150\" src=\"https:\/\/analyse.optim.biz\/wp-content\/uploads\/2025\/12\/accident-noapte-orice-1-150x150-2.jpeg\" class=\"attachment-thumbnail size-thumbnail\" loading=\"lazy\" title=\"accident-noapte-orice-1-150x150-2\"><\/a><\/dt>\n<\/dl>\n<dl class=\"gallery-item\">\n<dt class=\"gallery-icon landscape\"><a href=\"https:\/\/suceavanews.ro\/wp-content\/uploads\/2025\/12\/accident-noapte-orice-2.jpeg\"><img decoding=\"async\" width=\"150\" height=\"150\" src=\"https:\/\/analyse.optim.biz\/wp-content\/uploads\/2025\/12\/accident-noapte-orice-2-150x150-2.jpeg\" class=\"attachment-thumbnail size-thumbnail\" loading=\"lazy\" title=\"accident-noapte-orice-2-150x150-2\"><\/a><\/dt>\n<\/dl>\n<dl class=\"gallery-item\">\n<dt class=\"gallery-icon landscape\"><a href=\"https:\/\/suceavanews.ro\/wp-content\/uploads\/2025\/12\/accident-noapte-orice-3.jpeg\"><img decoding=\"async\" width=\"150\" height=\"150\" src=\"https:\/\/analyse.optim.biz\/wp-content\/uploads\/2025\/12\/accident-noapte-orice-3-150x150-2.jpeg\" class=\"attachment-thumbnail size-thumbnail\" loading=\"lazy\" title=\"accident-noapte-orice-3-150x150-2\"><\/a><\/dt>\n<\/dl>\n<p><\/div>\n<\/div>\n","protected":false},"excerpt":{"rendered":"<p>Un grav accident rutier a avut loc vineri sear\u0103, pe raza localit\u0103\u021bii sucevene D\u0103rm\u0103ne\u0219ti. Este vorba despre un accident rutier \u00eentre un autotren \u0219i un autoturism, conduc\u0103torul autoturismului fiind \u00eencarcerat. Au intervenit pompierii militari din cadrul Deta\u0219amentului Suceava cu o autospecial\u0103 pentru descarcerare, o autospecial\u0103 de stingere, o ambulan\u021b\u0103 SMURD B2, cu sprijinul unui echipaj [&hellip;]<\/p>\n","protected":false},"author":1,"featured_media":1156219,"comment_status":"open","ping_status":"","sticky":false,"template":"","format":"standard","meta":{"footnotes":""},"categories":[89],"tags":[174],"class_list":["post-1156218","post","type-post","status-publish","format-standard","has-post-thumbnail","hentry","category-romania","tag-suceavanews-ro"],"_links":{"self":[{"href":"https:\/\/analyse.optim.biz\/index.php?rest_route=\/wp\/v2\/posts\/1156218","targetHints":{"allow":["GET"]}}],"collection":[{"href":"https:\/\/analyse.optim.biz\/index.php?rest_route=\/wp\/v2\/posts"}],"about":[{"href":"https:\/\/analyse.optim.biz\/index.php?rest_route=\/wp\/v2\/types\/post"}],"author":[{"embeddable":true,"href":"https:\/\/analyse.optim.biz\/index.php?rest_route=\/wp\/v2\/users\/1"}],"replies":[{"embeddable":true,"href":"https:\/\/analyse.optim.biz\/index.php?rest_route=%2Fwp%2Fv2%2Fcomments&post=1156218"}],"version-history":[{"count":0,"href":"https:\/\/analyse.optim.biz\/index.php?rest_route=\/wp\/v2\/posts\/1156218\/revisions"}],"wp:featuredmedia":[{"embeddable":true,"href":"https:\/\/analyse.optim.biz\/index.php?rest_route=\/wp\/v2\/media\/1156219"}],"wp:attachment":[{"href":"https:\/\/analyse.optim.biz\/index.php?rest_route=%2Fwp%2Fv2%2Fmedia&parent=1156218"}],"wp:term":[{"taxonomy":"category","embeddable":true,"href":"https:\/\/analyse.optim.biz\/index.php?rest_route=%2Fwp%2Fv2%2Fcategories&post=1156218"},{"taxonomy":"post_tag","embeddable":true,"href":"https:\/\/analyse.optim.biz\/index.php?rest_route=%2Fwp%2Fv2%2Ftags&post=1156218"}],"curies":[{"name":"wp","href":"https:\/\/api.w.org\/{rel}","templated":true}]}}