{"id":1155494,"date":"2014-07-24T05:02:53","date_gmt":"2014-07-24T02:02:53","guid":{"rendered":"https:\/\/analyse.optim.biz\/?p=1155494"},"modified":"2014-07-24T05:02:53","modified_gmt":"2014-07-24T02:02:53","slug":"premierele-saptamanii-din-25-iulie-in-cinematografe","status":"publish","type":"post","link":"https:\/\/analyse.optim.biz\/?p=1155494","title":{"rendered":"Premierele s\u0103pt\u0103m\u00e2nii \u2013 din 25 iulie \u00een cinematografe"},"content":{"rendered":"<article id=\"template-id-172790\" class=\"post-172790 tdb_templates type-tdb_templates status-publish post\">\n<div id=\"tdi_38\" class=\"tdc-zone\">\n<div class=\"tdc_zone tdi_39  wpb_row td-pb-row\">\n<div id=\"tdi_40\" class=\"tdc-row stretch_row_1400 td-stretch-content\">\n<div class=\"vc_row tdi_41  wpb_row td-pb-row tdc-element-style\">\n<div class=\"vc_column tdi_43  wpb_column vc_column_container tdc-column td-pb-span8\">\n<div class=\"wpb_wrapper\">\n<div class=\"td_block_wrap tdb_single_categories tdi_44 td-pb-border-top td_block_template_1 \" data-td-block-uid=\"tdi_44\">\n<div class=\"tdb-category td-fix-index\"><a class=\"tdb-entry-category\" href=\"https:\/\/voceatimisului.ro\/stiri-din-timisoara-si-timis\/\">\u0218tiri<\/a><a class=\"tdb-entry-category\" href=\"https:\/\/voceatimisului.ro\/timp-liber\/\">Timp Liber<\/a><a class=\"tdb-entry-category\" href=\"https:\/\/voceatimisului.ro\/timp-liber\/filmele-saptamanii\/\">Filmele S\u0103pt\u0103m\u00e2nii<\/a><\/div>\n<\/div>\n<div class=\"td_block_wrap tdb_title tdi_45 tdb-single-title td-pb-border-top td_block_template_1\" data-td-block-uid=\"tdi_45\">\n<div class=\"tdb-block-inner td-fix-index\">\n<h1 class=\"tdb-title-text\">Premierele s\u0103pt\u0103m\u00e2nii \u2013 din 25 iulie \u00een cinematografe<\/h1>\n<\/div>\n<\/div>\n<div class=\"vc_row_inner tdi_48  vc_row vc_inner wpb_row td-pb-row\">\n<div class=\"vc_column_inner tdi_50  wpb_column vc_column_container tdc-inner-column td-pb-span6\">\n<div class=\"vc_column-inner\">\n<div class=\"wpb_wrapper\">\n<div class=\"td_block_wrap tdb_single_author tdi_51 td-pb-border-top td_block_template_1 tdb-post-meta\" data-td-block-uid=\"tdi_51\">\n<div class=\"tdb-block-inner td-fix-index\">\n<div class=\"tdb-author-name-wrap\"><span class=\"tdb-author-by\">Autor-<\/span><a class=\"tdb-author-name\" href=\"https:\/\/voceatimisului.ro\/author\/redactia\/\">Redac\u021bia<\/a><\/div>\n<\/div>\n<\/div>\n<div class=\"td_block_wrap tdb_single_date tdi_52 td-pb-border-top td_block_template_1 tdb-post-meta\" data-td-block-uid=\"tdi_52\">\n<div class=\"tdb-block-inner td-fix-index\"><time class=\"entry-date updated td-module-date\" datetime=\"2014-07-24T08:02:53+03:00\">24 iulie 2014<\/time><\/div>\n<\/div>\n<div class=\"td_block_wrap tdb_single_comments_count tdi_53 td-pb-border-top td_block_template_1 tdb-post-meta\" data-td-block-uid=\"tdi_53\">\n<div class=\"tdb-block-inner td-fix-index\"><a href=\"https:\/\/voceatimisului.ro\/premierele-saptamanii-din-25-iulie-cinematografe\/#respond\"><span>0<\/span><\/a><\/div>\n<\/div>\n<div class=\"td_block_wrap tdb_single_post_views tdi_54 td-pb-border-top td_block_template_1 tdb-post-meta\" data-td-block-uid=\"tdi_54\">\n<div class=\"tdb-block-inner td-fix-index\"><span class=\"tdb-add-text\">1<\/span><span class=\"td-nr-views-55567\">2023<\/span><\/div>\n<\/div>\n<\/div>\n<\/div>\n<\/div>\n<div class=\"vc_column_inner tdi_56  wpb_column vc_column_container tdc-inner-column td-pb-span6\">\n<div class=\"vc_column-inner\">\n<div class=\"wpb_wrapper\">\n<div class=\"td_block_wrap tdb_single_post_share tdi_57  td-pb-border-top td_block_template_1\" data-td-block-uid=\"tdi_57\">\n<div id=\"tdi_57\" class=\"td-post-sharing tdb-block td-ps-bg td-ps-notext td-post-sharing-style1 \">\n<div class=\"td-post-sharing-visible\"><a class=\"td-social-sharing-button td-social-sharing-button-js td-social-network td-social-facebook\" href=\"https:\/\/www.facebook.com\/sharer.php?u=https%3A%2F%2Fvoceatimisului.ro%2Fpremierele-saptamanii-din-25-iulie-cinematografe%2F\" title=\"Facebook\" rel=\"noopener\"><\/p>\n<div class=\"td-social-but-text\">Facebook<\/div>\n<p><\/a><a class=\"td-social-sharing-button td-social-sharing-button-js td-social-network td-social-twitter\" href=\"https:\/\/twitter.com\/intent\/tweet?text=Premierele+s%C4%83pt%C4%83m%C3%A2nii+%E2%80%93+din+25+iulie+%C3%AEn+cinematografe&amp;url=https%3A%2F%2Fvoceatimisului.ro%2Fpremierele-saptamanii-din-25-iulie-cinematografe%2F&amp;via=Vocea+Timisului\" title=\"Twitter\" rel=\"noopener\"><\/p>\n<div class=\"td-social-but-text\">Twitter<\/div>\n<p><\/a><a class=\"td-social-sharing-button td-social-sharing-button-js td-social-network td-social-pinterest\" href=\"https:\/\/pinterest.com\/pin\/create\/button\/?url=https:\/\/voceatimisului.ro\/premierele-saptamanii-din-25-iulie-cinematografe\/&amp;media=https:\/\/voceatimisului.ro\/wp-content\/uploads\/2014\/07\/Premierele-s%C4%83pt%C4%83m%C3%A2nii-%E2%80%93-din-25-iulie-jpg.webp&amp;description=Premierele+s%C4%83pt%C4%83m%C3%A2nii+%E2%80%93+din+25+iulie+%C3%AEn+cinematografe\" title=\"Pinterest\" rel=\"noopener\"><\/p>\n<div class=\"td-social-but-text\">Pinterest<\/div>\n<p><\/a><a class=\"td-social-sharing-button td-social-sharing-button-js td-social-network td-social-whatsapp\" href=\"https:\/\/api.whatsapp.com\/send?text=Premierele+s%C4%83pt%C4%83m%C3%A2nii+%E2%80%93+din+25+iulie+%C3%AEn+cinematografe%20%0A%0A%20https:\/\/voceatimisului.ro\/premierele-saptamanii-din-25-iulie-cinematografe\/\" title=\"WhatsApp\" rel=\"noopener\"><\/p>\n<div class=\"td-social-but-text\">WhatsApp<\/div>\n<p><\/a><a class=\"td-social-sharing-button td-social-sharing-button-js td-social-network td-social-linkedin\" href=\"https:\/\/www.linkedin.com\/shareArticle?mini=true&amp;url=https:\/\/voceatimisului.ro\/premierele-saptamanii-din-25-iulie-cinematografe\/&amp;title=Premierele+s%C4%83pt%C4%83m%C3%A2nii+%E2%80%93+din+25+iulie+%C3%AEn+cinematografe\" title=\"Linkedin\" rel=\"noopener\"><\/p>\n<div class=\"td-social-but-text\">Linkedin<\/div>\n<p><\/a><a class=\"td-social-sharing-button td-social-sharing-button-js td-social-network td-social-copy_url\" href=\"https:\/\/voceatimisului.ro\/premierele-saptamanii-din-25-iulie-cinematografe\/\" title=\"Copy URL\" rel=\"noopener\"><\/p>\n<div class=\"td-social-but-text\">Copy URL<\/div>\n<p><\/a><\/div>\n<\/div>\n<\/div>\n<\/div>\n<\/div>\n<\/div>\n<\/div>\n<div class=\"td_block_wrap tdb_single_featured_image tdi_58 tdb-content-horiz-left td-pb-border-top td_block_template_1\" data-td-block-uid=\"tdi_58\">\n<div class=\"tdb-block-inner td-fix-index\">\n<figure><img fetchpriority=\"high\" decoding=\"async\" width=\"696\" height=\"522\" class=\"entry-thumb\" src=\"https:\/\/analyse.optim.biz\/wp-content\/uploads\/2025\/12\/premierele-sc483ptc483mc3a2nii-e28093-din-25-iulie-jpg-696x522-1.webp\" alt=\"Premierele s\u0103pt\u0103m\u00e2nii \u2013 din 25 iulie jpg\" title=\"Premierele s\u0103pt\u0103m\u00e2nii \u2013 din 25 iulie jpg\" loading=\"eager\"><figcaption class=\"tdb-caption-text\">Premierele s\u0103pt\u0103m\u00e2nii \u2013 din 25 iulie jpg<\/figcaption><\/figure>\n<\/div>\n<\/div>\n<div class=\"vc_row_inner tdi_60  vc_row vc_inner wpb_row td-pb-row\">\n<div class=\"vc_column_inner tdi_62  wpb_column vc_column_container tdc-inner-column td-pb-span4 td-is-sticky\">\n<div class=\"vc_column-inner\">\n<div class=\"wpb_wrapper\" data-sticky-enabled-on=\"W3RydWUsdHJ1ZSx0cnVlLHRydWVd\" data-sticky-offset=\"20\" data-sticky-is-width-auto=\"W2ZhbHNlLGZhbHNlLGZhbHNlLGZhbHNlXQ==\">\n<div class=\"td_block_wrap td_flex_block_1 tdi_63 td-pb-border-top td_block_template_1 td_ajax_preloading_preload td_flex_block\" data-td-block-uid=\"tdi_63\">\n<div id=\"tdi_63\" class=\"td_block_inner td-mc1-wrap\">\n<div class=\"td_module_flex td_module_flex_1 td_module_wrap td-animation-stack td-meta-info-hide td-cpt-post\">\n<div class=\"td-module-container td-category-pos-image\">\n<div class=\"td-module-meta-info\">\n<h3 class=\"entry-title td-module-title\"><a href=\"https:\/\/voceatimisului.ro\/primaria-timisoara-trece-la-executare-silita-pentru-recupera-cinematografele-de-la-radef-cum-vor-fi-valorificate\/\" rel=\"bookmark\" title=\"Prim\u0103ria Timi\u015foara trece la executare silit\u0103, pentru a recupera cinematografele de la RADEF. Cum vor fi valorificate\">Prim\u0103ria Timi\u015foara trece la executare silit\u0103, pentru a recupera cinematografele de la RADEF. Cum vor fi valorificate<\/a><\/h3>\n<\/div>\n<\/div>\n<\/div>\n<div class=\"td_module_flex td_module_flex_1 td_module_wrap td-animation-stack td-meta-info-hide td-cpt-post\">\n<div class=\"td-module-container td-category-pos-image\">\n<div class=\"td-module-meta-info\">\n<h3 class=\"entry-title td-module-title\"><a href=\"https:\/\/voceatimisului.ro\/sentinta-definitiva-cinematografele-timisoarei-revin-patrimoniul-primariei\/\" rel=\"bookmark\" title=\"SENTIN\u0162\u0102 DEFINITIV\u0102 Cinematografele Timi\u015foarei revin \u00een patrimoniul prim\u0103riei\">SENTIN\u0162\u0102 DEFINITIV\u0102 Cinematografele Timi\u015foarei revin \u00een patrimoniul prim\u0103riei<\/a><\/h3>\n<\/div>\n<\/div>\n<\/div>\n<div class=\"td_module_flex td_module_flex_1 td_module_wrap td-animation-stack td-meta-info-hide td-cpt-post\">\n<div class=\"td-module-container td-category-pos-image\">\n<div class=\"td-module-meta-info\">\n<h3 class=\"entry-title td-module-title\"><a href=\"https:\/\/voceatimisului.ro\/cinema-studio-ar-putea-reveni-in-proprietatea-primariei-timisoara\/\" rel=\"bookmark\" title=\"Cinema Studio ar putea reveni \u00een proprietatea Prim\u0103riei Timi\u0219oara\">Cinema Studio ar putea reveni \u00een proprietatea Prim\u0103riei Timi\u0219oara<\/a><\/h3>\n<\/div>\n<\/div>\n<\/div>\n<div class=\"td_module_flex td_module_flex_1 td_module_wrap td-animation-stack td-meta-info-hide td-cpt-post\">\n<div class=\"td-module-container td-category-pos-image\">\n<div class=\"td-module-meta-info\">\n<h3 class=\"entry-title td-module-title\"><a href=\"https:\/\/voceatimisului.ro\/primaria-aproape-de-a-si-adjudeca-cinematografele-istorice-din-timisoara-ce-vrea-primarul-sa-faca-cu-ele-video\/\" rel=\"bookmark\" title=\"Prim\u0103ria, aproape de a-\u0219i \u201dadjudeca\u201d cinematografele istorice din Timi\u0219oara. Ce vrea primarul s\u0103 fac\u0103 cu ele VIDEO\">Prim\u0103ria, aproape de a-\u0219i \u201dadjudeca\u201d cinematografele istorice din Timi\u0219oara. Ce vrea primarul s\u0103 fac\u0103 cu ele VIDEO<\/a><\/h3>\n<\/div>\n<\/div>\n<\/div>\n<\/div>\n<\/div>\n<div class=\"tdb-author-box td_block_wrap tdb_single_author_box tdi_68 tdb-content-vert-top td-pb-border-top td_block_template_1\" data-td-block-uid=\"tdi_68\">\n<div class=\"tdb-block-inner td-fix-index\">\n<div class=\"tdb-author-info\"><a href=\"https:\/\/voceatimisului.ro\/author\/redactia\/\" class=\"tdb-author-name\">Redac\u021bia<\/a><\/p>\n<div class=\"tdb-author-descr\">\u00centreaga responsabilitate a comentariilor l\u0103sate de dumneavoastr\u0103 v\u0103 apar\u021bine!<br \/>\nClick <a href=\"https:\/\/voceatimisului.ro\/termeni-si-conditii\/\">aici<\/a>-citeste condi\u0163iile de utilizare ale site-ului www.voceatimisului.ro<\/div>\n<\/div>\n<\/div>\n<\/div>\n<\/div>\n<\/div>\n<\/div>\n<div class=\"vc_column_inner tdi_70  wpb_column vc_column_container tdc-inner-column td-pb-span8\">\n<div class=\"vc_column-inner\">\n<div class=\"wpb_wrapper\">\n<div class=\"td_block_wrap tdb_single_content tdi_71 td-pb-border-top td_block_template_1 td-post-content tagdiv-type\" data-td-block-uid=\"tdi_71\">\n<div class=\"tdb-block-inner td-fix-index\">\n<p><span>Hercules<\/span><\/p>\n<p><span>Chinuit de amintirea unui p\u0103cat din trecut, Hercule devine mercenar. Al\u0103turi de cinci camarazi devota\u0163i, porne\u015fte spre vechea Grecie pun\u00e2ndu-se \u00een slujba celor boga\u0163i \u015fi folosindu-se de reputa\u0163ia sa legendar\u0103 pentru a-\u015fi intimida du\u015fmanii. Dar c\u00e2nd m\u0103rinimosul conduc\u0103tor al Traciei \u015fi fiica sa \u00eei cer ajutorul pentru a \u00eenvinge un s\u0103lbatic \u015fi \u00eensp\u0103im\u00e2nt\u0103tor comandat militar, Hercule vede \u00een asta o ocazie de face ca binele s\u0103 triumfe \u015fi dreptatea s\u0103 ias\u0103 la iveal\u0103\u2026 el trebuie s\u0103 redevin\u0103 eroul de alt\u0103dat\u0103\u2026 trebuie s\u0103 se ridice la nivelul propriei legende\u2026 trebuie s\u0103 fie Hercule.<\/span><\/p>\n<p><span>Mea culpa<\/span><\/p>\n<p><span>Poli\u0163i\u015fti \u00een Toulon, Simon \u015fi Franck s\u0103rb\u0103toresc sf\u00e2r\u015fitul unei misiuni. La \u00eentoarcerea spre cas\u0103 se ciocnesc de o ma\u015fin\u0103. Bilan\u0163: dou\u0103 victime dintre care un copil. Franck iese nev\u0103t\u0103mat. Simon, care era la volan \u015fi b\u0103use, iese grav r\u0103nit. Va pierde totul. Via\u0163a de familie. Slujba de poli\u0163ai. \u015ease ani mai t\u00e2rziu, divor\u0163at de so\u0163ia lui Alice, Simon a devenit \u00eenso\u0163itor de fonduri \u015fi se chinuie s\u0103-\u015fi \u00eendeplineasc\u0103 rolul de tat\u0103 fa\u0163\u0103 de fiul lui, Th\u00e9o care a \u00eemplinit deja 9 ani. Franck, tot poli\u0163ist, vegheaz\u0103 de la distan\u0163\u0103 asupra lui. \u00cen timpul unei coride, micu\u0163ul Th\u00e9o va fi, f\u0103r\u0103 voia lui, martorul unei regl\u0103ri de conturi mafiote. Foarte cur\u00e2nd va fi supus unor amenin\u0163\u0103ri. Simon va face totul pentru a-\u015fi proteja fiul \u015fi a-i g\u0103si pe urm\u0103ritori. Parteneriatul cu Franck se va reface \u00een acela\u015fi timp. Dar aceasta va fi pentru ei ocazia de a reveni \u00een zone \u00eentunecate din trecutul lor comun.<\/span><\/p>\n<\/div>\n<\/div>\n<div class=\"td_block_wrap tdb_single_tags tdi_74 td-pb-border-top td_block_template_1\" data-td-block-uid=\"tdi_74\">\n<div class=\"tdb-block-inner td-fix-index\">\n<ul class=\"tdb-tags\">\n<li><span>Tags<\/span><\/li>\n<li><a href=\"https:\/\/voceatimisului.ro\/tag\/cinema-city-timisoara\/\">cinema city timisoara<\/a><\/li>\n<li><a href=\"https:\/\/voceatimisului.ro\/tag\/cinematografe\/\">cinematografe<\/a><\/li>\n<li><a href=\"https:\/\/voceatimisului.ro\/tag\/filmele-saptamanii-2\/\">filmele saptamanii<\/a><\/li>\n<li><a href=\"https:\/\/voceatimisului.ro\/tag\/premierele-saptamanii\/\">Premierele s\u0103pt\u0103m\u00e2nii<\/a><\/li>\n<\/ul>\n<\/div>\n<\/div>\n<div class=\"td_block_wrap tdb_single_post_share tdi_75  td-pb-border-top td_block_template_1\" data-td-block-uid=\"tdi_75\">\n<div id=\"tdi_75\" class=\"td-post-sharing tdb-block td-ps-bg td-ps-notext td-post-sharing-style1 \">\n<div class=\"td-post-sharing-visible\"><a class=\"td-social-sharing-button td-social-sharing-button-js td-social-network td-social-facebook\" href=\"https:\/\/www.facebook.com\/sharer.php?u=https%3A%2F%2Fvoceatimisului.ro%2Fpremierele-saptamanii-din-25-iulie-cinematografe%2F\" title=\"Facebook\" rel=\"noopener\"><\/p>\n<div class=\"td-social-but-text\">Facebook<\/div>\n<p><\/a><a class=\"td-social-sharing-button td-social-sharing-button-js td-social-network td-social-twitter\" href=\"https:\/\/twitter.com\/intent\/tweet?text=Premierele+s%C4%83pt%C4%83m%C3%A2nii+%E2%80%93+din+25+iulie+%C3%AEn+cinematografe&amp;url=https%3A%2F%2Fvoceatimisului.ro%2Fpremierele-saptamanii-din-25-iulie-cinematografe%2F&amp;via=Vocea+Timisului\" title=\"Twitter\" rel=\"noopener\"><\/p>\n<div class=\"td-social-but-text\">Twitter<\/div>\n<p><\/a><a class=\"td-social-sharing-button td-social-sharing-button-js td-social-network td-social-pinterest\" href=\"https:\/\/pinterest.com\/pin\/create\/button\/?url=https:\/\/voceatimisului.ro\/premierele-saptamanii-din-25-iulie-cinematografe\/&amp;media=https:\/\/voceatimisului.ro\/wp-content\/uploads\/2014\/07\/Premierele-s%C4%83pt%C4%83m%C3%A2nii-%E2%80%93-din-25-iulie-jpg.webp&amp;description=Premierele+s%C4%83pt%C4%83m%C3%A2nii+%E2%80%93+din+25+iulie+%C3%AEn+cinematografe\" title=\"Pinterest\" rel=\"noopener\"><\/p>\n<div class=\"td-social-but-text\">Pinterest<\/div>\n<p><\/a><a class=\"td-social-sharing-button td-social-sharing-button-js td-social-network td-social-whatsapp\" href=\"https:\/\/api.whatsapp.com\/send?text=Premierele+s%C4%83pt%C4%83m%C3%A2nii+%E2%80%93+din+25+iulie+%C3%AEn+cinematografe%20%0A%0A%20https:\/\/voceatimisului.ro\/premierele-saptamanii-din-25-iulie-cinematografe\/\" title=\"WhatsApp\" rel=\"noopener\"><\/p>\n<div class=\"td-social-but-text\">WhatsApp<\/div>\n<p><\/a><a class=\"td-social-sharing-button td-social-sharing-button-js td-social-network td-social-linkedin\" href=\"https:\/\/www.linkedin.com\/shareArticle?mini=true&amp;url=https:\/\/voceatimisului.ro\/premierele-saptamanii-din-25-iulie-cinematografe\/&amp;title=Premierele+s%C4%83pt%C4%83m%C3%A2nii+%E2%80%93+din+25+iulie+%C3%AEn+cinematografe\" title=\"Linkedin\" rel=\"noopener\"><\/p>\n<div class=\"td-social-but-text\">Linkedin<\/div>\n<p><\/a><a class=\"td-social-sharing-button td-social-sharing-button-js td-social-network td-social-copy_url\" href=\"https:\/\/voceatimisului.ro\/premierele-saptamanii-din-25-iulie-cinematografe\/\" title=\"Copy URL\" rel=\"noopener\"><\/p>\n<div class=\"td-social-but-text\">Copy URL<\/div>\n<p><\/a><\/div>\n<\/div>\n<\/div>\n<div class=\"td_block_wrap tdb_single_next_prev tdi_76 td-animation-stack td-next-prev-img-on td-pb-border-top td_block_template_1\" data-td-block-uid=\"tdi_76\">\n<div class=\"tdb-block-inner td-fix-index\">\n<div class=\"tdb-next-post tdb-next-post-bg tdb-post-prev\"><span>Articolul precedent<\/span><\/p>\n<div class=\"td-module-container\">\n<div class=\"td-image-container\"><a class=\"td-image-wrap\" href=\"https:\/\/voceatimisului.ro\/bc-timisoara-si-stabilit-programul-vezi-ce-super-meciuri-amicale-vor-juca-leii-din-banat\/\"><img loading=\"lazy\" decoding=\"async\" class=\"td-next-prev-image td-fix-index td-lazy-img\" title=\"BC Timi\u0219oara \u0219i-a stabilit programul. Vezi ce super-meciuri amicale vor juca Leii din Banat\" width=\"696\" height=\"465\" src=\"https:\/\/analyse.optim.biz\/wp-content\/uploads\/2025\/12\/bc-timisoara-696x465-1.jpg\"><\/a><\/div>\n<div class=\"next-prev-title\"><a href=\"https:\/\/voceatimisului.ro\/bc-timisoara-si-stabilit-programul-vezi-ce-super-meciuri-amicale-vor-juca-leii-din-banat\/\">BC Timi\u0219oara \u0219i-a stabilit programul. Vezi ce super-meciuri amicale vor juca Leii din Banat<\/a><\/div>\n<\/div>\n<\/div>\n<div class=\"tdb-next-post tdb-next-post-bg tdb-post-next\"><span>Articolul urm\u0103tor<\/span><\/p>\n<div class=\"td-module-container\">\n<div class=\"td-image-container\"><a class=\"td-image-wrap\" href=\"https:\/\/voceatimisului.ro\/ca-n-vestu-salbatic-24-de-ore-de-arest-pentru-pistolarul-de-la-stadionul-dan-paltinisanu\/\"><img loading=\"lazy\" decoding=\"async\" class=\"td-next-prev-image td-fix-index td-lazy-img\" title=\"Ca-n Vestu\u2019 S\u0103lbatic! 24 de ore de AREST pentru pistolarul de la stadionul Dan P\u0103ltini\u0219anu\" width=\"696\" height=\"464\" src=\"https:\/\/analyse.optim.biz\/wp-content\/uploads\/2025\/12\/pistol-tragere-arma-jpg-696x464-1.webp\"><\/a><\/div>\n<div class=\"next-prev-title\"><a href=\"https:\/\/voceatimisului.ro\/ca-n-vestu-salbatic-24-de-ore-de-arest-pentru-pistolarul-de-la-stadionul-dan-paltinisanu\/\">Ca-n Vestu\u2019 S\u0103lbatic! 24 de ore de AREST pentru pistolarul de la stadionul Dan P\u0103ltini\u0219anu<\/a><\/div>\n<\/div>\n<\/div>\n<\/div>\n<\/div>\n<\/div>\n<\/div>\n<\/div>\n<\/div>\n<div class=\"vc_row_inner tdi_86  vc_row vc_inner wpb_row td-pb-row\">\n<div class=\"vc_column_inner tdi_88  wpb_column vc_column_container tdc-inner-column td-pb-span4 td-is-sticky\">\n<div class=\"vc_column-inner\">\n<div class=\"wpb_wrapper\" data-sticky-enabled-on=\"W3RydWUsdHJ1ZSx0cnVlLHRydWVd\" data-sticky-offset=\"20\" data-sticky-is-width-auto=\"W2ZhbHNlLGZhbHNlLGZhbHNlLGZhbHNlXQ==\">\n<div class=\"td_block_wrap tdb_single_related tdi_89 td_with_ajax_pagination td-pb-border-top td_block_template_1 tdb-single-related-posts\" data-td-block-uid=\"tdi_89\">\n<div id=\"tdi_89\" class=\"td_block_inner tdb-block-inner td-fix-index\">\n<div class=\"tdb_module_related td_module_wrap td-animation-stack td-meta-info-hide\">\n<div class=\"td-module-container td-category-pos-image\">\n<div class=\"td-module-meta-info\">\n<h3 class=\"entry-title td-module-title\"><a href=\"https:\/\/voceatimisului.ro\/filmele-saptamanii-din-2-ianuarie-cinematografe\/\" rel=\"bookmark\" title=\"Filmele s\u0103pt\u0103m\u00e2nii \u2013 din 2 ianuarie \u00een cinematografe\">Filmele s\u0103pt\u0103m\u00e2nii \u2013 din 2 ianuarie \u00een cinematografe<\/a><\/h3>\n<\/div>\n<\/div>\n<\/div>\n<div class=\"tdb_module_related td_module_wrap td-animation-stack td-meta-info-hide\">\n<div class=\"td-module-container td-category-pos-image\">\n<div class=\"td-module-meta-info\">\n<h3 class=\"entry-title td-module-title\"><a href=\"https:\/\/voceatimisului.ro\/filmele-saptamanii-din-26-decembrie-cinematografe\/\" rel=\"bookmark\" title=\"Filmele s\u0103pt\u0103m\u00e2nii \u2013 din 26 decembrie \u00een cinematografe\">Filmele s\u0103pt\u0103m\u00e2nii \u2013 din 26 decembrie \u00een cinematografe<\/a><\/h3>\n<\/div>\n<\/div>\n<\/div>\n<div class=\"tdb_module_related td_module_wrap td-animation-stack td-meta-info-hide\">\n<div class=\"td-module-container td-category-pos-image\">\n<div class=\"td-module-meta-info\">\n<h3 class=\"entry-title td-module-title\"><a href=\"https:\/\/voceatimisului.ro\/filmele-saptamanii-din-5-decembrie-cinematografe\/\" rel=\"bookmark\" title=\"Filmele s\u0103pt\u0103m\u00e2nii \u2013 din 5 decembrie \u00een cinematografe\">Filmele s\u0103pt\u0103m\u00e2nii \u2013 din 5 decembrie \u00een cinematografe<\/a><\/h3>\n<\/div>\n<\/div>\n<\/div>\n<\/div>\n<\/div>\n<\/div>\n<\/div>\n<\/div>\n<div class=\"vc_column_inner tdi_91  wpb_column vc_column_container tdc-inner-column td-pb-span8\">\n<div class=\"vc_column-inner\">\n<div class=\"wpb_wrapper\">\n<div class=\"td_block_wrap tdb_single_comments tdi_92 tdb-comm-layout2 td-pb-border-top td_block_template_2\" data-td-block-uid=\"tdi_92\">\n<div class=\"tdb-block-inner td-fix-index\">\n<div class=\"comments\" id=\"comments\">\n<div id=\"respond\" class=\"comment-respond\">\n<h3 id=\"reply-title\" class=\"comment-reply-title\">L\u0102SA\u021aI UN MESAJ <small><a rel=\"nofollow\" id=\"cancel-comment-reply-link\" href=\"https:\/\/voceatimisului.ro\/premierele-saptamanii-din-25-iulie-cinematografe\/#respond\">Renun\u021ba\u021bi la r\u0103spuns<\/a><\/small><\/h3>\n<div class=\"comment-form-input-wrap td-form-comment\">\n<div class=\"td-warning-comment\">V\u0103 rug\u0103m s\u0103 introduce\u021bi comentariul dvs.!<\/div>\n<\/div>\n<div class=\"comment-form-input-wrap td-form-author\">\n<div class=\"td-warning-author\">Introduce\u021bi aici numele dvs.<\/div>\n<\/div>\n<div class=\"comment-form-input-wrap td-form-email\">\n<div class=\"td-warning-email-error\">A\u021bi introdus o adres\u0103 de e-mail incorect\u0103!<\/div>\n<div class=\"td-warning-email\">V\u0103 rug\u0103m s\u0103 introduce\u021bi adresa dvs. de e-mail aici<\/div>\n<\/div>\n<\/div>\n<\/div>\n<\/div>\n<\/div>\n<\/div>\n<\/div>\n<\/div>\n<\/div>\n<\/div>\n<\/div>\n<div class=\"vc_column tdi_94  wpb_column vc_column_container tdc-column td-pb-span4 td-is-sticky\">\n<div class=\"wpb_wrapper\" data-sticky-enabled-on=\"W3RydWUsdHJ1ZSx0cnVlLHRydWVd\" data-sticky-offset=\"20\" data-sticky-is-width-auto=\"W2ZhbHNlLGZhbHNlLGZhbHNlLGZhbHNlXQ==\">\n<div class=\"vc_row_inner tdi_96  vc_row vc_inner wpb_row td-pb-row\">\n<div class=\"vc_column_inner tdi_98  wpb_column vc_column_container tdc-inner-column td-pb-span12\">\n<div class=\"vc_column-inner\">\n<div class=\"wpb_wrapper\">\n<div class=\"td_block_wrap td_block_title tdi_99 td-pb-border-top td_block_template_11 td-fix-index\" data-td-block-uid=\"tdi_99\">\n<div class=\"td-block-title-wrap\">\n<h4 class=\"td-block-title\"><span class=\"td-pulldown-size\">ANUN\u021aURI \u0218I PUBLICITATE<\/span><\/h4>\n<\/div>\n<\/div>\n<\/div>\n<\/div>\n<\/div>\n<\/div>\n<div class=\"wpb_wrapper td_block_wrap vc_widget_sidebar tdi_101 \">\n<aside id=\"block-10\" class=\"td_block_template_1 widget block-10 widget_block widget_media_image\">\n<figure class=\"wp-block-image size-full\"><a href=\"https:\/\/adpghiroda.ro\/index.html\" target=\"_blank\" rel=\" noreferrer noopener\"><img decoding=\"async\" loading=\"eager\" width=\"960\" height=\"960\" src=\"https:\/\/analyse.optim.biz\/wp-content\/uploads\/2025\/12\/adp-ghiroda2-108.jpg\" class=\"wp-image-171492\" title=\"adp-ghiroda2-108\"><\/a><\/figure>\n<\/aside>\n<aside id=\"block-11\" class=\"td_block_template_1 widget block-11 widget_block widget_media_image\">\n<figure class=\"wp-block-image size-full\"><a href=\"https:\/\/adpghiroda.ro\/index.html\" target=\"_blank\" rel=\" noreferrer noopener\"><img decoding=\"async\" loading=\"eager\" width=\"960\" height=\"960\" src=\"https:\/\/analyse.optim.biz\/wp-content\/uploads\/2025\/12\/adp-ghiroda1-106.jpg\" class=\"wp-image-171491\" title=\"adp-ghiroda1-106\"><\/a><\/figure>\n<\/aside>\n<aside id=\"block-17\" class=\"td_block_template_1 widget block-17 widget_block widget_media_image\">\n<figure class=\"wp-block-image size-large is-resized\"><a href=\"https:\/\/verde.events\/\" target=\"_blank\" rel=\" noreferrer noopener\"><img decoding=\"async\" loading=\"lazy\" width=\"1024\" height=\"683\" src=\"https:\/\/analyse.optim.biz\/wp-content\/uploads\/2025\/12\/verde-events-24-1024x683-105.jpg\" alt=\"Verde Events\" class=\"wp-image-174395\" title=\"verde-events-24-1024x683-105\"><\/a><figcaption class=\"wp-element-caption\"><strong><em>O experien\u021b\u0103 unic\u0103 pentru orice tip de eveniment<\/em><\/strong><\/figcaption><\/figure>\n<\/aside>\n<\/div>\n<div class=\"td_block_wrap td_flex_block_1 tdi_107 td-pb-border-top td_block_template_1 td_ajax_preloading_preload td_flex_block\" data-td-block-uid=\"tdi_107\">\n<div id=\"tdi_107\" class=\"td_block_inner td-mc1-wrap\">\n<div class=\"td_module_flex td_module_flex_1 td_module_wrap td-animation-stack td-meta-info-hide td-cpt-post\">\n<div class=\"td-module-container td-category-pos-image\">\n<div class=\"td-module-meta-info\">\n<h3 class=\"entry-title td-module-title\"><a href=\"https:\/\/voceatimisului.ro\/filmele-saptamanii-din-28-noiembrie-cinematografe\/\" rel=\"bookmark\" title=\"Filmele s\u0103pt\u0103m\u00e2nii \u2013 din 28 noiembrie \u00een cinematografe\">Filmele s\u0103pt\u0103m\u00e2nii \u2013 din 28 noiembrie \u00een cinematografe<\/a><\/h3>\n<\/div>\n<\/div>\n<\/div>\n<div class=\"td_module_flex td_module_flex_1 td_module_wrap td-animation-stack td-meta-info-hide td-cpt-post\">\n<div class=\"td-module-container td-category-pos-image\">\n<div class=\"td-module-meta-info\">\n<h3 class=\"entry-title td-module-title\"><a href=\"https:\/\/voceatimisului.ro\/filmele-saptamanii-din-31-octombrie-cinematografe\/\" rel=\"bookmark\" title=\"Filmele s\u0103pt\u0103m\u00e2nii \u2013 din 31 octombrie \u00een cinematografe\">Filmele s\u0103pt\u0103m\u00e2nii \u2013 din 31 octombrie \u00een cinematografe<\/a><\/h3>\n<\/div>\n<\/div>\n<\/div>\n<div class=\"td_module_flex td_module_flex_1 td_module_wrap td-animation-stack td-meta-info-hide td-cpt-post\">\n<div class=\"td-module-container td-category-pos-image\">\n<div class=\"td-module-meta-info\">\n<h3 class=\"entry-title td-module-title\"><a href=\"https:\/\/voceatimisului.ro\/premierele-saptamanii-din-24-octombrie-cinematografe\/\" rel=\"bookmark\" title=\"Premierele s\u0103pt\u0103m\u00e2nii \u2013 din 24 octombrie \u00een cinematografe\">Premierele s\u0103pt\u0103m\u00e2nii \u2013 din 24 octombrie \u00een cinematografe<\/a><\/h3>\n<\/div>\n<\/div>\n<\/div>\n<div class=\"td_module_flex td_module_flex_1 td_module_wrap td-animation-stack td-meta-info-hide td-cpt-post\">\n<div class=\"td-module-container td-category-pos-image\">\n<div class=\"td-module-meta-info\">\n<h3 class=\"entry-title td-module-title\"><a href=\"https:\/\/voceatimisului.ro\/premierele-saptamanii-din-17-octombrie-cinematografe\/\" rel=\"bookmark\" title=\"Premierele s\u0103pt\u0103m\u00e2nii \u2013 din 17 octombrie \u00een cinematografe\">Premierele s\u0103pt\u0103m\u00e2nii \u2013 din 17 octombrie \u00een cinematografe<\/a><\/h3>\n<\/div>\n<\/div>\n<\/div>\n<div class=\"td_module_flex td_module_flex_1 td_module_wrap td-animation-stack td-meta-info-hide td-cpt-post\">\n<div class=\"td-module-container td-category-pos-image\">\n<div class=\"td-module-meta-info\">\n<h3 class=\"entry-title td-module-title\"><a href=\"https:\/\/voceatimisului.ro\/premierele-saptamanii-din-3-octombrie-cinematografe\/\" rel=\"bookmark\" title=\"Premierele s\u0103pt\u0103m\u00e2nii \u2013 din 3 octombrie \u00een cinematografe\">Premierele s\u0103pt\u0103m\u00e2nii \u2013 din 3 octombrie \u00een cinematografe<\/a><\/h3>\n<\/div>\n<\/div>\n<\/div>\n<\/div>\n<\/div>\n<\/div>\n<\/div>\n<\/div>\n<\/div>\n<\/div>\n<\/div>\n<p><span class=\"td-page-meta\"><\/span><span class=\"td-page-meta\"><span class=\"td-page-meta\"><\/span><\/span><span class=\"td-page-meta\"><\/span><\/article>\n<p> Source URL: https:\/\/voceatimisului.ro\/premierele-saptamanii-din-25-iulie-cinematografe\/<\/p>\n","protected":false},"excerpt":{"rendered":"<p>\u0218tiriTimp LiberFilmele S\u0103pt\u0103m\u00e2nii Premierele s\u0103pt\u0103m\u00e2nii \u2013 din 25 iulie \u00een cinematografe Autor-Redac\u021bia 24 iulie 2014 0 12023 Facebook Twitter Pinterest WhatsApp Linkedin Copy URL Premierele s\u0103pt\u0103m\u00e2nii \u2013 din 25 iulie jpg Prim\u0103ria Timi\u015foara trece la executare silit\u0103, pentru a recupera cinematografele de la RADEF. Cum vor fi valorificate SENTIN\u0162\u0102 DEFINITIV\u0102 Cinematografele Timi\u015foarei revin \u00een patrimoniul [&hellip;]<\/p>\n","protected":false},"author":1,"featured_media":1155495,"comment_status":"open","ping_status":"","sticky":false,"template":"","format":"standard","meta":{"footnotes":""},"categories":[89],"tags":[199],"class_list":["post-1155494","post","type-post","status-publish","format-standard","has-post-thumbnail","hentry","category-romania","tag-voceatimisului-ro"],"_links":{"self":[{"href":"https:\/\/analyse.optim.biz\/index.php?rest_route=\/wp\/v2\/posts\/1155494","targetHints":{"allow":["GET"]}}],"collection":[{"href":"https:\/\/analyse.optim.biz\/index.php?rest_route=\/wp\/v2\/posts"}],"about":[{"href":"https:\/\/analyse.optim.biz\/index.php?rest_route=\/wp\/v2\/types\/post"}],"author":[{"embeddable":true,"href":"https:\/\/analyse.optim.biz\/index.php?rest_route=\/wp\/v2\/users\/1"}],"replies":[{"embeddable":true,"href":"https:\/\/analyse.optim.biz\/index.php?rest_route=%2Fwp%2Fv2%2Fcomments&post=1155494"}],"version-history":[{"count":0,"href":"https:\/\/analyse.optim.biz\/index.php?rest_route=\/wp\/v2\/posts\/1155494\/revisions"}],"wp:featuredmedia":[{"embeddable":true,"href":"https:\/\/analyse.optim.biz\/index.php?rest_route=\/wp\/v2\/media\/1155495"}],"wp:attachment":[{"href":"https:\/\/analyse.optim.biz\/index.php?rest_route=%2Fwp%2Fv2%2Fmedia&parent=1155494"}],"wp:term":[{"taxonomy":"category","embeddable":true,"href":"https:\/\/analyse.optim.biz\/index.php?rest_route=%2Fwp%2Fv2%2Fcategories&post=1155494"},{"taxonomy":"post_tag","embeddable":true,"href":"https:\/\/analyse.optim.biz\/index.php?rest_route=%2Fwp%2Fv2%2Ftags&post=1155494"}],"curies":[{"name":"wp","href":"https:\/\/api.w.org\/{rel}","templated":true}]}}