{"id":1155469,"date":"2014-08-17T07:10:41","date_gmt":"2014-08-17T04:10:41","guid":{"rendered":"https:\/\/analyse.optim.biz\/?p=1155469"},"modified":"2014-08-17T07:10:41","modified_gmt":"2014-08-17T04:10:41","slug":"premierele-saptamanii-din-15-august-in-cinematografe","status":"publish","type":"post","link":"https:\/\/analyse.optim.biz\/?p=1155469","title":{"rendered":"Premierele s\u0103pt\u0103m\u00e2nii \u2013 din 15 august \u00een cinematografe"},"content":{"rendered":"<article id=\"template-id-172790\" class=\"post-172790 tdb_templates type-tdb_templates status-publish post\">\n<div id=\"tdi_38\" class=\"tdc-zone\">\n<div class=\"tdc_zone tdi_39  wpb_row td-pb-row\">\n<div id=\"tdi_40\" class=\"tdc-row stretch_row_1400 td-stretch-content\">\n<div class=\"vc_row tdi_41  wpb_row td-pb-row tdc-element-style\">\n<div class=\"vc_column tdi_43  wpb_column vc_column_container tdc-column td-pb-span8\">\n<div class=\"wpb_wrapper\">\n<div class=\"td_block_wrap tdb_single_categories tdi_44 td-pb-border-top td_block_template_1 \" data-td-block-uid=\"tdi_44\">\n<div class=\"tdb-category td-fix-index\"><a class=\"tdb-entry-category\" href=\"https:\/\/voceatimisului.ro\/stiri-din-timisoara-si-timis\/\">\u0218tiri<\/a><a class=\"tdb-entry-category\" href=\"https:\/\/voceatimisului.ro\/timp-liber\/\">Timp Liber<\/a><a class=\"tdb-entry-category\" href=\"https:\/\/voceatimisului.ro\/timp-liber\/filmele-saptamanii\/\">Filmele S\u0103pt\u0103m\u00e2nii<\/a><\/div>\n<\/div>\n<div class=\"td_block_wrap tdb_title tdi_45 tdb-single-title td-pb-border-top td_block_template_1\" data-td-block-uid=\"tdi_45\">\n<div class=\"tdb-block-inner td-fix-index\">\n<h1 class=\"tdb-title-text\">Premierele s\u0103pt\u0103m\u00e2nii \u2013 din 15 august \u00een cinematografe<\/h1>\n<\/div>\n<\/div>\n<div class=\"vc_row_inner tdi_48  vc_row vc_inner wpb_row td-pb-row\">\n<div class=\"vc_column_inner tdi_50  wpb_column vc_column_container tdc-inner-column td-pb-span6\">\n<div class=\"vc_column-inner\">\n<div class=\"wpb_wrapper\">\n<div class=\"td_block_wrap tdb_single_author tdi_51 td-pb-border-top td_block_template_1 tdb-post-meta\" data-td-block-uid=\"tdi_51\">\n<div class=\"tdb-block-inner td-fix-index\">\n<div class=\"tdb-author-name-wrap\"><span class=\"tdb-author-by\">Autor-<\/span><a class=\"tdb-author-name\" href=\"https:\/\/voceatimisului.ro\/author\/redactia\/\">Redac\u021bia<\/a><\/div>\n<\/div>\n<\/div>\n<div class=\"td_block_wrap tdb_single_date tdi_52 td-pb-border-top td_block_template_1 tdb-post-meta\" data-td-block-uid=\"tdi_52\">\n<div class=\"tdb-block-inner td-fix-index\"><time class=\"entry-date updated td-module-date\" datetime=\"2014-08-17T10:10:41+03:00\">17 august 2014<\/time><\/div>\n<\/div>\n<div class=\"td_block_wrap tdb_single_comments_count tdi_53 td-pb-border-top td_block_template_1 tdb-post-meta\" data-td-block-uid=\"tdi_53\">\n<div class=\"tdb-block-inner td-fix-index\"><a href=\"https:\/\/voceatimisului.ro\/premierele-saptamanii-din-15-august-cinematografe\/#respond\"><span>0<\/span><\/a><\/div>\n<\/div>\n<div class=\"td_block_wrap tdb_single_post_views tdi_54 td-pb-border-top td_block_template_1 tdb-post-meta\" data-td-block-uid=\"tdi_54\">\n<div class=\"tdb-block-inner td-fix-index\"><span class=\"tdb-add-text\">1<\/span><span class=\"td-nr-views-57297\">2336<\/span><\/div>\n<\/div>\n<\/div>\n<\/div>\n<\/div>\n<div class=\"vc_column_inner tdi_56  wpb_column vc_column_container tdc-inner-column td-pb-span6\">\n<div class=\"vc_column-inner\">\n<div class=\"wpb_wrapper\">\n<div class=\"td_block_wrap tdb_single_post_share tdi_57  td-pb-border-top td_block_template_1\" data-td-block-uid=\"tdi_57\">\n<div id=\"tdi_57\" class=\"td-post-sharing tdb-block td-ps-bg td-ps-notext td-post-sharing-style1 \">\n<div class=\"td-post-sharing-visible\"><a class=\"td-social-sharing-button td-social-sharing-button-js td-social-network td-social-facebook\" href=\"https:\/\/www.facebook.com\/sharer.php?u=https%3A%2F%2Fvoceatimisului.ro%2Fpremierele-saptamanii-din-15-august-cinematografe%2F\" title=\"Facebook\" rel=\"noopener\"><\/p>\n<div class=\"td-social-but-text\">Facebook<\/div>\n<p><\/a><a class=\"td-social-sharing-button td-social-sharing-button-js td-social-network td-social-twitter\" href=\"https:\/\/twitter.com\/intent\/tweet?text=Premierele+s%C4%83pt%C4%83m%C3%A2nii+%E2%80%93+din+15+august+%C3%AEn+cinematografe&amp;url=https%3A%2F%2Fvoceatimisului.ro%2Fpremierele-saptamanii-din-15-august-cinematografe%2F&amp;via=Vocea+Timisului\" title=\"Twitter\" rel=\"noopener\"><\/p>\n<div class=\"td-social-but-text\">Twitter<\/div>\n<p><\/a><a class=\"td-social-sharing-button td-social-sharing-button-js td-social-network td-social-pinterest\" href=\"https:\/\/pinterest.com\/pin\/create\/button\/?url=https:\/\/voceatimisului.ro\/premierele-saptamanii-din-15-august-cinematografe\/&amp;media=https:\/\/analyse.optim.biz\/wp-content\/uploads\/2025\/12\/premierele-saptamanii-jpg-1.webp&amp;description=Premierele+s%C4%83pt%C4%83m%C3%A2nii+%E2%80%93+din+15+august+%C3%AEn+cinematografe\" title=\"Pinterest\" rel=\"noopener\"><\/p>\n<div class=\"td-social-but-text\">Pinterest<\/div>\n<p><\/a><a class=\"td-social-sharing-button td-social-sharing-button-js td-social-network td-social-whatsapp\" href=\"https:\/\/api.whatsapp.com\/send?text=Premierele+s%C4%83pt%C4%83m%C3%A2nii+%E2%80%93+din+15+august+%C3%AEn+cinematografe%20%0A%0A%20https:\/\/voceatimisului.ro\/premierele-saptamanii-din-15-august-cinematografe\/\" title=\"WhatsApp\" rel=\"noopener\"><\/p>\n<div class=\"td-social-but-text\">WhatsApp<\/div>\n<p><\/a><a class=\"td-social-sharing-button td-social-sharing-button-js td-social-network td-social-linkedin\" href=\"https:\/\/www.linkedin.com\/shareArticle?mini=true&amp;url=https:\/\/voceatimisului.ro\/premierele-saptamanii-din-15-august-cinematografe\/&amp;title=Premierele+s%C4%83pt%C4%83m%C3%A2nii+%E2%80%93+din+15+august+%C3%AEn+cinematografe\" title=\"Linkedin\" rel=\"noopener\"><\/p>\n<div class=\"td-social-but-text\">Linkedin<\/div>\n<p><\/a><a class=\"td-social-sharing-button td-social-sharing-button-js td-social-network td-social-copy_url\" href=\"https:\/\/voceatimisului.ro\/premierele-saptamanii-din-15-august-cinematografe\/\" title=\"Copy URL\" rel=\"noopener\"><\/p>\n<div class=\"td-social-but-text\">Copy URL<\/div>\n<p><\/a><\/div>\n<\/div>\n<\/div>\n<\/div>\n<\/div>\n<\/div>\n<\/div>\n<div class=\"td_block_wrap tdb_single_featured_image tdi_58 tdb-content-horiz-left td-pb-border-top td_block_template_1\" data-td-block-uid=\"tdi_58\">\n<div class=\"tdb-block-inner td-fix-index\">\n<figure><img fetchpriority=\"high\" decoding=\"async\" width=\"696\" height=\"522\" class=\"entry-thumb\" src=\"https:\/\/analyse.optim.biz\/wp-content\/uploads\/2025\/12\/premierele-saptamanii-jpg-696x522-1.webp\" alt=\"Premierele saptamanii jpg\" title=\"Premierele saptamanii jpg\" loading=\"eager\"><figcaption class=\"tdb-caption-text\">Premierele saptamanii jpg<\/figcaption><\/figure>\n<\/div>\n<\/div>\n<div class=\"vc_row_inner tdi_60  vc_row vc_inner wpb_row td-pb-row\">\n<div class=\"vc_column_inner tdi_62  wpb_column vc_column_container tdc-inner-column td-pb-span4 td-is-sticky\">\n<div class=\"vc_column-inner\">\n<div class=\"wpb_wrapper\" data-sticky-enabled-on=\"W3RydWUsdHJ1ZSx0cnVlLHRydWVd\" data-sticky-offset=\"20\" data-sticky-is-width-auto=\"W2ZhbHNlLGZhbHNlLGZhbHNlLGZhbHNlXQ==\">\n<div class=\"td_block_wrap td_flex_block_1 tdi_63 td-pb-border-top td_block_template_1 td_ajax_preloading_preload td_flex_block\" data-td-block-uid=\"tdi_63\">\n<div id=\"tdi_63\" class=\"td_block_inner td-mc1-wrap\">\n<div class=\"td_module_flex td_module_flex_1 td_module_wrap td-animation-stack td-meta-info-hide td-cpt-post\">\n<div class=\"td-module-container td-category-pos-image\">\n<div class=\"td-module-meta-info\">\n<h3 class=\"entry-title td-module-title\"><a href=\"https:\/\/voceatimisului.ro\/un-obsedat-sexual-la-medic\/\" rel=\"bookmark\" title=\"Un obsedat sexual la medic\">Un obsedat sexual la medic<\/a><\/h3>\n<\/div>\n<\/div>\n<\/div>\n<div class=\"td_module_flex td_module_flex_1 td_module_wrap td-animation-stack td-meta-info-hide td-cpt-post\">\n<div class=\"td-module-container td-category-pos-image\">\n<div class=\"td-module-meta-info\">\n<h3 class=\"entry-title td-module-title\"><a href=\"https:\/\/voceatimisului.ro\/bancul-zilei-de-ce-teoristii-nu-vizeaza-romania\/\" rel=\"bookmark\" title=\"Bancul zilei \u2013 De ce terori\u0219tii nu vizeaz\u0103 Rom\u00e2nia\">Bancul zilei \u2013 De ce terori\u0219tii nu vizeaz\u0103 Rom\u00e2nia<\/a><\/h3>\n<\/div>\n<\/div>\n<\/div>\n<div class=\"td_module_flex td_module_flex_1 td_module_wrap td-animation-stack td-meta-info-hide td-cpt-post\">\n<div class=\"td-module-container td-category-pos-image\">\n<div class=\"td-module-meta-info\">\n<h3 class=\"entry-title td-module-title\"><a href=\"https:\/\/voceatimisului.ro\/filmele-saptamanii-din-30-ianuarie-cinematografe\/\" rel=\"bookmark\" title=\"Filmele s\u0103pt\u0103m\u00e2nii \u2013 din 30 ianuarie \u00een cinematografe\">Filmele s\u0103pt\u0103m\u00e2nii \u2013 din 30 ianuarie \u00een cinematografe<\/a><\/h3>\n<\/div>\n<\/div>\n<\/div>\n<div class=\"td_module_flex td_module_flex_1 td_module_wrap td-animation-stack td-meta-info-hide td-cpt-post\">\n<div class=\"td-module-container td-category-pos-image\">\n<div class=\"td-module-meta-info\">\n<h3 class=\"entry-title td-module-title\"><a href=\"https:\/\/voceatimisului.ro\/filmele-saptamanii-din-2-ianuarie-cinematografe\/\" rel=\"bookmark\" title=\"Filmele s\u0103pt\u0103m\u00e2nii \u2013 din 2 ianuarie \u00een cinematografe\">Filmele s\u0103pt\u0103m\u00e2nii \u2013 din 2 ianuarie \u00een cinematografe<\/a><\/h3>\n<\/div>\n<\/div>\n<\/div>\n<\/div>\n<\/div>\n<div class=\"tdb-author-box td_block_wrap tdb_single_author_box tdi_68 tdb-content-vert-top td-pb-border-top td_block_template_1\" data-td-block-uid=\"tdi_68\">\n<div class=\"tdb-block-inner td-fix-index\">\n<div class=\"tdb-author-info\"><a href=\"https:\/\/voceatimisului.ro\/author\/redactia\/\" class=\"tdb-author-name\">Redac\u021bia<\/a><\/p>\n<div class=\"tdb-author-descr\">\u00centreaga responsabilitate a comentariilor l\u0103sate de dumneavoastr\u0103 v\u0103 apar\u021bine!<br \/>\nClick <a href=\"https:\/\/voceatimisului.ro\/termeni-si-conditii\/\">aici<\/a>-citeste condi\u0163iile de utilizare ale site-ului www.voceatimisului.ro<\/div>\n<\/div>\n<\/div>\n<\/div>\n<\/div>\n<\/div>\n<\/div>\n<div class=\"vc_column_inner tdi_70  wpb_column vc_column_container tdc-inner-column td-pb-span8\">\n<div class=\"vc_column-inner\">\n<div class=\"wpb_wrapper\">\n<div class=\"td_block_wrap tdb_single_content tdi_71 td-pb-border-top td_block_template_1 td-post-content tagdiv-type\" data-td-block-uid=\"tdi_71\">\n<div class=\"tdb-block-inner td-fix-index\">\n<p><span>Deliver Us from Evil<\/span><\/p>\n<p>Un p\u00e2lc de palmieri \u00een de\u015fertul irakian, \u00een anul 2010.\u00a0 Trei pu\u015fca\u015fi marini americani coboar\u0103 \u00eentr-o \u00eenc\u0103pere subteran\u0103, ne\u015ftiind c\u0103 acolo \u00eei a\u015fteapt\u0103 ceva \u015fi mai terifiant dec\u00e2t pe c\u00e2mpul de lupt\u0103 de deasupra\u2026Patru ani mai t\u00e2rziu, la New York, o mam\u0103, aflat\u0103 \u00een trans\u0103, \u00ee\u015fi azv\u00e2rle b\u0103ie\u0163elul \u00een cu\u015fca leului din gr\u0103dina zoologic\u0103, \u00een timp ce \u00een apropiere vegheaz\u0103 o figur\u0103 sinistr\u0103 cu gluga tras\u0103 pe ochi\u2026Zgomote ciudate se aud din subsol, iar fenomene inexplicabile sperie o familie care locuie\u015fte \u00een plin ora\u015f\u2026O scriere \u00een latina arhaic\u0103 \u015fi alte simboluri stranii sunt descoperite \u00een loca\u0163ii diferite, ad\u00e2ncind un mister care e prea \u00eenfrico\u015f\u0103tor pentru a fi dezv\u0103luit\u2026Sunt acestea doar coinciden\u0163e?\u00a0 C\u00e2t din ele este rodul imagina\u0163iei?\u00a0 \u015ei ce leag\u0103 zalele acestui lan\u0163 sinistru care se \u00eentinde de la un cap\u0103t al lumii la cel\u0103lalt?<\/p>\n<p>Sergentul Ralph Sarchie (ERIC BANA) de la NYPD a v\u0103zut multe lucruri groaznice pe str\u0103zile din sudul Bronx-ului.\u00a0 El lucreaz\u0103 la sec\u0163ia 46 de poli\u0163ie, \u00eentr-unul\u00a0 dintre cele mai dure cartiere ale ora\u015fului. Sarchie a v\u0103zut multe groz\u0103vii \u015fi comportamente inumane, iar asta a inceput s\u0103-i am\u0103rasc\u0103 sufletul \u00eentr-o asemenea m\u0103sur\u0103 \u00eenc\u00e2t \u00eei pune \u00een pericol rela\u0163ia cu so\u0163ia lui, Jen (OLIVIA MUNN) \u015fi fiica lor, Christina (LULU WILSON).<\/p>\n<p>[responsive_youtube <\/p>\n<p><span>Let\u2019s Be Cops<\/span><\/p>\n<p>Este cea mai tare comedie cu poli\u0163i\u015fti, doar c\u0103\u2026 eroii sunt impostori! Doi prieteni la cataram\u0103 (Damon Wayans Jr. \u015fi Jake Johnson) se g\u00e2ndesc serios s\u0103 lase metropola pentru or\u0103\u015felul de ba\u015ftin\u0103 \u015fi, ca s\u0103 mai uite de probleme, se duc la cea mai tare petrecere cu costume. \u00cembr\u0103ca\u0163i \u00een uniforme de poli\u0163i\u015fti, cei doi amici devin senza\u0163ia cartierului, dar vor ajunge c\u00e2t ai clipi din ochi s\u0103 aib\u0103 probleme nu doar cu gansteri \u00een toat\u0103 regula, ci \u015fi cu detectivi v\u00e2ndu\u0163i mafiei. Vor face ei fa\u0163\u0103 provoc\u0103rilor?<\/p>\n<p>[responsive_youtube <\/p>\n<p>sursa: <a href=\"https:\/\/www.cinemagia.ro\/\" target=\"_blank\" rel=\"noopener\">cinemagia.ro<\/a><\/p>\n<\/div>\n<\/div>\n<div class=\"td_block_wrap tdb_single_tags tdi_74 td-pb-border-top td_block_template_1\" data-td-block-uid=\"tdi_74\">\n<div class=\"tdb-block-inner td-fix-index\">\n<ul class=\"tdb-tags\">\n<li><span>Tags<\/span><\/li>\n<li><a href=\"https:\/\/voceatimisului.ro\/tag\/cinema-city\/\">cinema city<\/a><\/li>\n<li><a href=\"https:\/\/voceatimisului.ro\/tag\/filmele-saptamanii-2\/\">filmele saptamanii<\/a><\/li>\n<li><a href=\"https:\/\/voceatimisului.ro\/tag\/premierele-saptamanii\/\">Premierele s\u0103pt\u0103m\u00e2nii<\/a><\/li>\n<li><a href=\"https:\/\/voceatimisului.ro\/tag\/timp-liber-2\/\">timp liber<\/a><\/li>\n<\/ul>\n<\/div>\n<\/div>\n<div class=\"td_block_wrap tdb_single_post_share tdi_75  td-pb-border-top td_block_template_1\" data-td-block-uid=\"tdi_75\">\n<div id=\"tdi_75\" class=\"td-post-sharing tdb-block td-ps-bg td-ps-notext td-post-sharing-style1 \">\n<div class=\"td-post-sharing-visible\"><a class=\"td-social-sharing-button td-social-sharing-button-js td-social-network td-social-facebook\" href=\"https:\/\/www.facebook.com\/sharer.php?u=https%3A%2F%2Fvoceatimisului.ro%2Fpremierele-saptamanii-din-15-august-cinematografe%2F\" title=\"Facebook\" rel=\"noopener\"><\/p>\n<div class=\"td-social-but-text\">Facebook<\/div>\n<p><\/a><a class=\"td-social-sharing-button td-social-sharing-button-js td-social-network td-social-twitter\" href=\"https:\/\/twitter.com\/intent\/tweet?text=Premierele+s%C4%83pt%C4%83m%C3%A2nii+%E2%80%93+din+15+august+%C3%AEn+cinematografe&amp;url=https%3A%2F%2Fvoceatimisului.ro%2Fpremierele-saptamanii-din-15-august-cinematografe%2F&amp;via=Vocea+Timisului\" title=\"Twitter\" rel=\"noopener\"><\/p>\n<div class=\"td-social-but-text\">Twitter<\/div>\n<p><\/a><a class=\"td-social-sharing-button td-social-sharing-button-js td-social-network td-social-pinterest\" href=\"https:\/\/pinterest.com\/pin\/create\/button\/?url=https:\/\/voceatimisului.ro\/premierele-saptamanii-din-15-august-cinematografe\/&amp;media=https:\/\/analyse.optim.biz\/wp-content\/uploads\/2025\/12\/premierele-saptamanii-jpg-1.webp&amp;description=Premierele+s%C4%83pt%C4%83m%C3%A2nii+%E2%80%93+din+15+august+%C3%AEn+cinematografe\" title=\"Pinterest\" rel=\"noopener\"><\/p>\n<div class=\"td-social-but-text\">Pinterest<\/div>\n<p><\/a><a class=\"td-social-sharing-button td-social-sharing-button-js td-social-network td-social-whatsapp\" href=\"https:\/\/api.whatsapp.com\/send?text=Premierele+s%C4%83pt%C4%83m%C3%A2nii+%E2%80%93+din+15+august+%C3%AEn+cinematografe%20%0A%0A%20https:\/\/voceatimisului.ro\/premierele-saptamanii-din-15-august-cinematografe\/\" title=\"WhatsApp\" rel=\"noopener\"><\/p>\n<div class=\"td-social-but-text\">WhatsApp<\/div>\n<p><\/a><a class=\"td-social-sharing-button td-social-sharing-button-js td-social-network td-social-linkedin\" href=\"https:\/\/www.linkedin.com\/shareArticle?mini=true&amp;url=https:\/\/voceatimisului.ro\/premierele-saptamanii-din-15-august-cinematografe\/&amp;title=Premierele+s%C4%83pt%C4%83m%C3%A2nii+%E2%80%93+din+15+august+%C3%AEn+cinematografe\" title=\"Linkedin\" rel=\"noopener\"><\/p>\n<div class=\"td-social-but-text\">Linkedin<\/div>\n<p><\/a><a class=\"td-social-sharing-button td-social-sharing-button-js td-social-network td-social-copy_url\" href=\"https:\/\/voceatimisului.ro\/premierele-saptamanii-din-15-august-cinematografe\/\" title=\"Copy URL\" rel=\"noopener\"><\/p>\n<div class=\"td-social-but-text\">Copy URL<\/div>\n<p><\/a><\/div>\n<\/div>\n<\/div>\n<div class=\"td_block_wrap tdb_single_next_prev tdi_76 td-animation-stack td-next-prev-img-on td-pb-border-top td_block_template_1\" data-td-block-uid=\"tdi_76\">\n<div class=\"tdb-block-inner td-fix-index\">\n<div class=\"tdb-next-post tdb-next-post-bg tdb-post-prev\"><span>Articolul precedent<\/span><\/p>\n<div class=\"td-module-container\">\n<div class=\"td-image-container\"><a class=\"td-image-wrap\" href=\"https:\/\/voceatimisului.ro\/luptatorul-k1-timisoreanul-daniel-corbeanu-devenit-cetatean-de-onoare-al-comunei-remetea-mare-fotovideo\/\"><img loading=\"lazy\" decoding=\"async\" class=\"td-next-prev-image td-fix-index td-lazy-img\" title=\"Lupt\u0103torul K1, timi\u0219oreanul Daniel Corbeanu, a devenit CET\u0102\u021aEAN de ONOARE al comunei Remetea Mare FOTO\/VIDEO\" width=\"696\" height=\"463\" src=\"https:\/\/analyse.optim.biz\/wp-content\/uploads\/2025\/12\/daniel-corbeanu-a-devenit-cetc482c89aean-de-onoare6-jpg-696x463-1.webp\"><\/a><\/div>\n<div class=\"next-prev-title\"><a href=\"https:\/\/voceatimisului.ro\/luptatorul-k1-timisoreanul-daniel-corbeanu-devenit-cetatean-de-onoare-al-comunei-remetea-mare-fotovideo\/\">Lupt\u0103torul K1, timi\u0219oreanul Daniel Corbeanu, a devenit CET\u0102\u021aEAN de ONOARE al comunei Remetea Mare FOTO\/VIDEO<\/a><\/div>\n<\/div>\n<\/div>\n<div class=\"tdb-next-post tdb-next-post-bg tdb-post-next\"><span>Articolul urm\u0103tor<\/span><\/p>\n<div class=\"td-module-container\">\n<div class=\"td-image-container\"><a class=\"td-image-wrap\" href=\"https:\/\/voceatimisului.ro\/fata-saptamanii-gabriela-carceanu\/\"><img loading=\"lazy\" decoding=\"async\" class=\"td-next-prev-image td-fix-index td-lazy-img\" title=\"Fata S\u0103pt\u0103m\u00e2nii \u2013 Gabriela Carceanu\" width=\"696\" height=\"696\" src=\"https:\/\/analyse.optim.biz\/wp-content\/uploads\/2025\/12\/gabriela-carceanu4-696x696-1.jpg\"><\/a><\/div>\n<div class=\"next-prev-title\"><a href=\"https:\/\/voceatimisului.ro\/fata-saptamanii-gabriela-carceanu\/\">Fata S\u0103pt\u0103m\u00e2nii \u2013 Gabriela Carceanu<\/a><\/div>\n<\/div>\n<\/div>\n<\/div>\n<\/div>\n<\/div>\n<\/div>\n<\/div>\n<\/div>\n<div class=\"vc_row_inner tdi_86  vc_row vc_inner wpb_row td-pb-row\">\n<div class=\"vc_column_inner tdi_88  wpb_column vc_column_container tdc-inner-column td-pb-span4 td-is-sticky\">\n<div class=\"vc_column-inner\">\n<div class=\"wpb_wrapper\" data-sticky-enabled-on=\"W3RydWUsdHJ1ZSx0cnVlLHRydWVd\" data-sticky-offset=\"20\" data-sticky-is-width-auto=\"W2ZhbHNlLGZhbHNlLGZhbHNlLGZhbHNlXQ==\">\n<div class=\"td_block_wrap tdb_single_related tdi_89 td_with_ajax_pagination td-pb-border-top td_block_template_1 tdb-single-related-posts\" data-td-block-uid=\"tdi_89\">\n<div id=\"tdi_89\" class=\"td_block_inner tdb-block-inner td-fix-index\">\n<div class=\"tdb_module_related td_module_wrap td-animation-stack td-meta-info-hide\">\n<div class=\"td-module-container td-category-pos-image\">\n<div class=\"td-module-meta-info\">\n<h3 class=\"entry-title td-module-title\"><a href=\"https:\/\/voceatimisului.ro\/filmele-saptamanii-din-5-decembrie-cinematografe\/\" rel=\"bookmark\" title=\"Filmele s\u0103pt\u0103m\u00e2nii \u2013 din 5 decembrie \u00een cinematografe\">Filmele s\u0103pt\u0103m\u00e2nii \u2013 din 5 decembrie \u00een cinematografe<\/a><\/h3>\n<\/div>\n<\/div>\n<\/div>\n<div class=\"tdb_module_related td_module_wrap td-animation-stack td-meta-info-hide\">\n<div class=\"td-module-container td-category-pos-image\">\n<div class=\"td-module-meta-info\">\n<h3 class=\"entry-title td-module-title\"><a href=\"https:\/\/voceatimisului.ro\/filmele-saptamanii-din-28-noiembrie-cinematografe\/\" rel=\"bookmark\" title=\"Filmele s\u0103pt\u0103m\u00e2nii \u2013 din 28 noiembrie \u00een cinematografe\">Filmele s\u0103pt\u0103m\u00e2nii \u2013 din 28 noiembrie \u00een cinematografe<\/a><\/h3>\n<\/div>\n<\/div>\n<\/div>\n<div class=\"tdb_module_related td_module_wrap td-animation-stack td-meta-info-hide\">\n<div class=\"td-module-container td-category-pos-image\">\n<div class=\"td-module-meta-info\">\n<h3 class=\"entry-title td-module-title\"><a href=\"https:\/\/voceatimisului.ro\/bancul-zilei-ponta-merge-pe-o-strada-laturalnica-si-cade-intr-o-groapa-adanca\/\" rel=\"bookmark\" title=\"Bancul zilei \u2013 Ponta merge pe o strad\u0103 l\u0103turalnic\u0103 \u015fi cade \u00eentr-o groap\u0103 ad\u00e2nc\u0103.\">Bancul zilei \u2013 Ponta merge pe o strad\u0103 l\u0103turalnic\u0103 \u015fi cade \u00eentr-o groap\u0103 ad\u00e2nc\u0103.<\/a><\/h3>\n<\/div>\n<\/div>\n<\/div>\n<\/div>\n<\/div>\n<\/div>\n<\/div>\n<\/div>\n<div class=\"vc_column_inner tdi_91  wpb_column vc_column_container tdc-inner-column td-pb-span8\">\n<div class=\"vc_column-inner\">\n<div class=\"wpb_wrapper\">\n<div class=\"td_block_wrap tdb_single_comments tdi_92 tdb-comm-layout2 td-pb-border-top td_block_template_2\" data-td-block-uid=\"tdi_92\">\n<div class=\"tdb-block-inner td-fix-index\">\n<div class=\"comments\" id=\"comments\">\n<div id=\"respond\" class=\"comment-respond\">\n<h3 id=\"reply-title\" class=\"comment-reply-title\">L\u0102SA\u021aI UN MESAJ <small><a rel=\"nofollow\" id=\"cancel-comment-reply-link\" href=\"https:\/\/voceatimisului.ro\/premierele-saptamanii-din-15-august-cinematografe\/#respond\">Renun\u021ba\u021bi la r\u0103spuns<\/a><\/small><\/h3>\n<div class=\"comment-form-input-wrap td-form-comment\">\n<div class=\"td-warning-comment\">V\u0103 rug\u0103m s\u0103 introduce\u021bi comentariul dvs.!<\/div>\n<\/div>\n<div class=\"comment-form-input-wrap td-form-author\">\n<div class=\"td-warning-author\">Introduce\u021bi aici numele dvs.<\/div>\n<\/div>\n<div class=\"comment-form-input-wrap td-form-email\">\n<div class=\"td-warning-email-error\">A\u021bi introdus o adres\u0103 de e-mail incorect\u0103!<\/div>\n<div class=\"td-warning-email\">V\u0103 rug\u0103m s\u0103 introduce\u021bi adresa dvs. de e-mail aici<\/div>\n<\/div>\n<\/div>\n<\/div>\n<\/div>\n<\/div>\n<\/div>\n<\/div>\n<\/div>\n<\/div>\n<\/div>\n<\/div>\n<div class=\"vc_column tdi_94  wpb_column vc_column_container tdc-column td-pb-span4 td-is-sticky\">\n<div class=\"wpb_wrapper\" data-sticky-enabled-on=\"W3RydWUsdHJ1ZSx0cnVlLHRydWVd\" data-sticky-offset=\"20\" data-sticky-is-width-auto=\"W2ZhbHNlLGZhbHNlLGZhbHNlLGZhbHNlXQ==\">\n<div class=\"vc_row_inner tdi_96  vc_row vc_inner wpb_row td-pb-row\">\n<div class=\"vc_column_inner tdi_98  wpb_column vc_column_container tdc-inner-column td-pb-span12\">\n<div class=\"vc_column-inner\">\n<div class=\"wpb_wrapper\">\n<div class=\"td_block_wrap td_block_title tdi_99 td-pb-border-top td_block_template_11 td-fix-index\" data-td-block-uid=\"tdi_99\">\n<div class=\"td-block-title-wrap\">\n<h4 class=\"td-block-title\"><span class=\"td-pulldown-size\">ANUN\u021aURI \u0218I PUBLICITATE<\/span><\/h4>\n<\/div>\n<\/div>\n<\/div>\n<\/div>\n<\/div>\n<\/div>\n<div class=\"wpb_wrapper td_block_wrap vc_widget_sidebar tdi_101 \">\n<aside id=\"block-10\" class=\"td_block_template_1 widget block-10 widget_block widget_media_image\">\n<figure class=\"wp-block-image size-full\"><a href=\"https:\/\/adpghiroda.ro\/index.html\" target=\"_blank\" rel=\" noreferrer noopener\"><img decoding=\"async\" loading=\"lazy\" width=\"960\" height=\"960\" src=\"https:\/\/analyse.optim.biz\/wp-content\/uploads\/2025\/12\/adp-ghiroda2-107.jpg\" class=\"wp-image-171492\" title=\"adp-ghiroda2-107\"><\/a><\/figure>\n<\/aside>\n<aside id=\"block-11\" class=\"td_block_template_1 widget block-11 widget_block widget_media_image\">\n<figure class=\"wp-block-image size-full\"><a href=\"https:\/\/adpghiroda.ro\/index.html\" target=\"_blank\" rel=\" noreferrer noopener\"><img decoding=\"async\" loading=\"lazy\" width=\"960\" height=\"960\" src=\"https:\/\/analyse.optim.biz\/wp-content\/uploads\/2025\/12\/adp-ghiroda1-105.jpg\" class=\"wp-image-171491\" title=\"adp-ghiroda1-105\"><\/a><\/figure>\n<\/aside>\n<aside id=\"block-17\" class=\"td_block_template_1 widget block-17 widget_block widget_media_image\">\n<figure class=\"wp-block-image size-large is-resized\"><a href=\"https:\/\/verde.events\/\" target=\"_blank\" rel=\" noreferrer noopener\"><img decoding=\"async\" loading=\"lazy\" width=\"1024\" height=\"683\" src=\"https:\/\/analyse.optim.biz\/wp-content\/uploads\/2025\/12\/verde-events-24-1024x683-104.jpg\" alt=\"Verde Events\" class=\"wp-image-174395\" title=\"verde-events-24-1024x683-104\"><\/a><figcaption class=\"wp-element-caption\"><strong><em>O experien\u021b\u0103 unic\u0103 pentru orice tip de eveniment<\/em><\/strong><\/figcaption><\/figure>\n<\/aside>\n<\/div>\n<div class=\"td_block_wrap td_flex_block_1 tdi_107 td-pb-border-top td_block_template_1 td_ajax_preloading_preload td_flex_block\" data-td-block-uid=\"tdi_107\">\n<div id=\"tdi_107\" class=\"td_block_inner td-mc1-wrap\">\n<div class=\"td_module_flex td_module_flex_1 td_module_wrap td-animation-stack td-meta-info-hide td-cpt-post\">\n<div class=\"td-module-container td-category-pos-image\">\n<div class=\"td-module-meta-info\">\n<h3 class=\"entry-title td-module-title\"><a href=\"https:\/\/voceatimisului.ro\/filmele-saptamanii-din-31-octombrie-cinematografe\/\" rel=\"bookmark\" title=\"Filmele s\u0103pt\u0103m\u00e2nii \u2013 din 31 octombrie \u00een cinematografe\">Filmele s\u0103pt\u0103m\u00e2nii \u2013 din 31 octombrie \u00een cinematografe<\/a><\/h3>\n<\/div>\n<\/div>\n<\/div>\n<div class=\"td_module_flex td_module_flex_1 td_module_wrap td-animation-stack td-meta-info-hide td-cpt-post\">\n<div class=\"td-module-container td-category-pos-image\">\n<div class=\"td-module-meta-info\">\n<h3 class=\"entry-title td-module-title\"><a href=\"https:\/\/voceatimisului.ro\/premierele-saptamanii-din-24-octombrie-cinematografe\/\" rel=\"bookmark\" title=\"Premierele s\u0103pt\u0103m\u00e2nii \u2013 din 24 octombrie \u00een cinematografe\">Premierele s\u0103pt\u0103m\u00e2nii \u2013 din 24 octombrie \u00een cinematografe<\/a><\/h3>\n<\/div>\n<\/div>\n<\/div>\n<div class=\"td_module_flex td_module_flex_1 td_module_wrap td-animation-stack td-meta-info-hide td-cpt-post\">\n<div class=\"td-module-container td-category-pos-image\">\n<div class=\"td-module-meta-info\">\n<h3 class=\"entry-title td-module-title\"><a href=\"https:\/\/voceatimisului.ro\/premierele-saptamanii-din-17-octombrie-cinematografe\/\" rel=\"bookmark\" title=\"Premierele s\u0103pt\u0103m\u00e2nii \u2013 din 17 octombrie \u00een cinematografe\">Premierele s\u0103pt\u0103m\u00e2nii \u2013 din 17 octombrie \u00een cinematografe<\/a><\/h3>\n<\/div>\n<\/div>\n<\/div>\n<div class=\"td_module_flex td_module_flex_1 td_module_wrap td-animation-stack td-meta-info-hide td-cpt-post\">\n<div class=\"td-module-container td-category-pos-image\">\n<div class=\"td-module-meta-info\">\n<h3 class=\"entry-title td-module-title\"><a href=\"https:\/\/voceatimisului.ro\/premierele-saptamanii-din-3-octombrie-cinematografe\/\" rel=\"bookmark\" title=\"Premierele s\u0103pt\u0103m\u00e2nii \u2013 din 3 octombrie \u00een cinematografe\">Premierele s\u0103pt\u0103m\u00e2nii \u2013 din 3 octombrie \u00een cinematografe<\/a><\/h3>\n<\/div>\n<\/div>\n<\/div>\n<div class=\"td_module_flex td_module_flex_1 td_module_wrap td-animation-stack td-meta-info-hide td-cpt-post\">\n<div class=\"td-module-container td-category-pos-image\">\n<div class=\"td-module-meta-info\">\n<h3 class=\"entry-title td-module-title\"><a href=\"https:\/\/voceatimisului.ro\/fata-saptamanii-gabriela-carceanu\/\" rel=\"bookmark\" title=\"Fata S\u0103pt\u0103m\u00e2nii \u2013 Gabriela Carceanu\">Fata S\u0103pt\u0103m\u00e2nii \u2013 Gabriela Carceanu<\/a><\/h3>\n<\/div>\n<\/div>\n<\/div>\n<\/div>\n<\/div>\n<\/div>\n<\/div>\n<\/div>\n<\/div>\n<\/div>\n<\/div>\n<p><span class=\"td-page-meta\"><\/span><span class=\"td-page-meta\"><span class=\"td-page-meta\"><\/span><\/span><span class=\"td-page-meta\"><\/span><\/article>\n<p> Source URL: https:\/\/voceatimisului.ro\/premierele-saptamanii-din-15-august-cinematografe\/<\/p>\n","protected":false},"excerpt":{"rendered":"<p>\u0218tiriTimp LiberFilmele S\u0103pt\u0103m\u00e2nii Premierele s\u0103pt\u0103m\u00e2nii \u2013 din 15 august \u00een cinematografe Autor-Redac\u021bia 17 august 2014 0 12336 Facebook Twitter Pinterest WhatsApp Linkedin Copy URL Premierele saptamanii jpg Un obsedat sexual la medic Bancul zilei \u2013 De ce terori\u0219tii nu vizeaz\u0103 Rom\u00e2nia Filmele s\u0103pt\u0103m\u00e2nii \u2013 din 30 ianuarie \u00een cinematografe Filmele s\u0103pt\u0103m\u00e2nii \u2013 din 2 ianuarie [&hellip;]<\/p>\n","protected":false},"author":1,"featured_media":1155470,"comment_status":"open","ping_status":"","sticky":false,"template":"","format":"standard","meta":{"footnotes":""},"categories":[89],"tags":[199],"class_list":["post-1155469","post","type-post","status-publish","format-standard","has-post-thumbnail","hentry","category-romania","tag-voceatimisului-ro"],"_links":{"self":[{"href":"https:\/\/analyse.optim.biz\/index.php?rest_route=\/wp\/v2\/posts\/1155469","targetHints":{"allow":["GET"]}}],"collection":[{"href":"https:\/\/analyse.optim.biz\/index.php?rest_route=\/wp\/v2\/posts"}],"about":[{"href":"https:\/\/analyse.optim.biz\/index.php?rest_route=\/wp\/v2\/types\/post"}],"author":[{"embeddable":true,"href":"https:\/\/analyse.optim.biz\/index.php?rest_route=\/wp\/v2\/users\/1"}],"replies":[{"embeddable":true,"href":"https:\/\/analyse.optim.biz\/index.php?rest_route=%2Fwp%2Fv2%2Fcomments&post=1155469"}],"version-history":[{"count":0,"href":"https:\/\/analyse.optim.biz\/index.php?rest_route=\/wp\/v2\/posts\/1155469\/revisions"}],"wp:featuredmedia":[{"embeddable":true,"href":"https:\/\/analyse.optim.biz\/index.php?rest_route=\/wp\/v2\/media\/1155470"}],"wp:attachment":[{"href":"https:\/\/analyse.optim.biz\/index.php?rest_route=%2Fwp%2Fv2%2Fmedia&parent=1155469"}],"wp:term":[{"taxonomy":"category","embeddable":true,"href":"https:\/\/analyse.optim.biz\/index.php?rest_route=%2Fwp%2Fv2%2Fcategories&post=1155469"},{"taxonomy":"post_tag","embeddable":true,"href":"https:\/\/analyse.optim.biz\/index.php?rest_route=%2Fwp%2Fv2%2Ftags&post=1155469"}],"curies":[{"name":"wp","href":"https:\/\/api.w.org\/{rel}","templated":true}]}}