{"id":114667,"date":"2018-06-25T13:31:34","date_gmt":"2018-06-25T10:31:34","guid":{"rendered":"https:\/\/analyse.optim.biz\/?p=114667"},"modified":"2018-06-25T13:31:34","modified_gmt":"2018-06-25T10:31:34","slug":"motiune-de-cenzura-orban-anunta-lista-rusinii-nationale","status":"publish","type":"post","link":"https:\/\/analyse.optim.biz\/?p=114667","title":{"rendered":"Mo\u0163iune de cenzur\u0103 | Orban anun\u0163\u0103 &#8220;lista ru\u015finii na\u0163ionale&#8221;"},"content":{"rendered":"<div class=\"entry data-app-meta data-app-meta-article\" data-embed-base-url-canonical=\"https:\/\/www.digi24.ro\/embed\/stiri\/actualitate\/politica\/motiune-de-cenzura-orban-anunta-lista-rusinii-nationale-952790\">\n<div class=\"_5pbx userContent _3576\" data-ft='{\"tn\":\"K\"}'>\u00a0<\/div>\n<div class=\"_3x-2\" data-ft='{\"tn\":\"H\"}'><strong>\u00a0Liderul PNL sus\u0163ine c\u0103, dup\u0103 votul de miercuri din Parlament, partidul va publica dou\u0103 liste, una cuprinz\u00e2nd numele ale\u015filor care s-au dezis de Liviu Dragnea \u015fi Guvernul D\u0103ncil\u0103, o alta cu numele parlamentarilor care au contribuit la men\u0163inerea Executivului controlat, \u00een fapt, de liderul PSD.<\/strong><\/div>\n<p class=\"gdpr-placeholder gdpr-social-media gdpr-iframe-fix\" data-index=\"2\"> Setarile tale privind cookie-urile nu permit afisarea continutul din aceasta sectiune. Poti actualiza setarile modulelor coookie direct din browser sau de <a class=\"ot-sdk-show-settings\" data-skip-linkfix=\"1\">aici<\/a> \u2013 e nevoie sa accepti cookie-urile social media<\/p>\n<div class=\"_5pbx userContent _3576\" data-ft='{\"tn\":\"K\"}'>\n<p data-index=\"3\">&#8220;Orice parlamentar din majoritatea guvernamental\u0103 PSD, ALDE, UDMR care voteaz\u0103 mo\u0163iunea de cenzur\u0103 are sansa s\u0103 intre \u00een istorie la panoul de onoare. Orice parlamentar care va r\u0103m\u00e2ne al\u0103turi de Dragnea risc\u0103 s\u0103 r\u0103m\u00e2n\u0103 \u00een memoria colectiv\u0103 pe lista ru\u015finii na\u0163ionale&#8221;, transmite liderul PNL, Ludovic Orban, prin intermediul unei post\u0103ri pe Facebook.<\/p>\n<p data-index=\"4\">Miercuri, \u00een Parlament va fi votat\u0103 mo\u0163iunea de cenzur\u0103 lansat\u0103 de opozi\u0163ie, iar negocierile s-au \u00eente\u0163it \u00een ultimele zile, \u00een vederea coagul\u0103rii unei majorit\u0103\u0163i care s\u0103 voteze demiterea Guvernului D\u0103ncil\u0103.\u00a0<\/p>\n<p data-index=\"5\">\u00cen acest context, tot ast\u0103zi, Ludovic Orban i-a r\u0103spuns lui Victor Ponta, care condi\u0163ionase anterior sprijinul acordat mo\u0163iunii de nominalizarea de c\u0103tre opozi\u0163ie a altui premier dec\u00e2t pre\u015fedintele PNL. <strong>Detalii <a href=\"https:\/\/www.digi24.ro\/stiri\/actualitate\/politica\/raspunsul-lui-orban-dupa-conditiile-puse-de-ponta-pentru-sustinerea-motiunii-952754\" data-skip-linkfix=\"1\">AICI<\/a><\/strong><\/p>\n<p data-index=\"6\"><strong>Citi\u0163i \u015fi: <a href=\"https:\/\/www.digi24.ro\/stiri\/actualitate\/politica\/primul-deputat-psd-care-sare-in-apararea-primarului-care-i-a-cerut-lui-dragnea-sa-plece-952734\" data-skip-linkfix=\"1\">Primul deputat PSD care sare \u00een ap\u0103rarea primarului care i-a cerut lui Dragnea s\u0103 plece<\/a><\/strong><\/p>\n<div class=\"entry data-app-meta data-app-meta-article\" data-embed-base-url-canonical=\"https:\/\/www.digi24.ro\/embed\/stiri\/actualitate\/politica\/primul-deputat-psd-care-sare-in-apararea-primarului-care-i-a-cerut-lui-dragnea-sa-plece-952734\">\u00a0<\/div>\n<\/div>\n<\/div>\n<div class=\"entry data-app-meta data-app-meta-article\" data-embed-base-url-canonical=\"https:\/\/www.digi24.ro\/embed\/stiri\/actualitate\/politica\/primul-deputat-psd-care-sare-in-apararea-primarului-care-i-a-cerut-lui-dragnea-sa-plece-952734\">\u00a0<\/div>\n<p> Source URL: https:\/\/www.digi24.ro\/stiri\/actualitate\/politica\/motiune-de-cenzura-orban-anunta-lista-rusinii-nationale-952790<\/p>\n","protected":false},"excerpt":{"rendered":"<p>\u00a0 \u00a0Liderul PNL sus\u0163ine c\u0103, dup\u0103 votul de miercuri din Parlament, partidul va publica dou\u0103 liste, una cuprinz\u00e2nd numele ale\u015filor care s-au dezis de Liviu Dragnea \u015fi Guvernul D\u0103ncil\u0103, o alta cu numele parlamentarilor care au contribuit la men\u0163inerea Executivului controlat, \u00een fapt, de liderul PSD. Setarile tale privind cookie-urile nu permit afisarea continutul din [&hellip;]<\/p>\n","protected":false},"author":1,"featured_media":114668,"comment_status":"open","ping_status":"","sticky":false,"template":"","format":"standard","meta":{"footnotes":""},"categories":[2],"tags":[11],"class_list":["post-114667","post","type-post","status-publish","format-standard","has-post-thumbnail","hentry","category-politics","tag-digi24"],"_links":{"self":[{"href":"https:\/\/analyse.optim.biz\/index.php?rest_route=\/wp\/v2\/posts\/114667","targetHints":{"allow":["GET"]}}],"collection":[{"href":"https:\/\/analyse.optim.biz\/index.php?rest_route=\/wp\/v2\/posts"}],"about":[{"href":"https:\/\/analyse.optim.biz\/index.php?rest_route=\/wp\/v2\/types\/post"}],"author":[{"embeddable":true,"href":"https:\/\/analyse.optim.biz\/index.php?rest_route=\/wp\/v2\/users\/1"}],"replies":[{"embeddable":true,"href":"https:\/\/analyse.optim.biz\/index.php?rest_route=%2Fwp%2Fv2%2Fcomments&post=114667"}],"version-history":[{"count":0,"href":"https:\/\/analyse.optim.biz\/index.php?rest_route=\/wp\/v2\/posts\/114667\/revisions"}],"wp:featuredmedia":[{"embeddable":true,"href":"https:\/\/analyse.optim.biz\/index.php?rest_route=\/wp\/v2\/media\/114668"}],"wp:attachment":[{"href":"https:\/\/analyse.optim.biz\/index.php?rest_route=%2Fwp%2Fv2%2Fmedia&parent=114667"}],"wp:term":[{"taxonomy":"category","embeddable":true,"href":"https:\/\/analyse.optim.biz\/index.php?rest_route=%2Fwp%2Fv2%2Fcategories&post=114667"},{"taxonomy":"post_tag","embeddable":true,"href":"https:\/\/analyse.optim.biz\/index.php?rest_route=%2Fwp%2Fv2%2Ftags&post=114667"}],"curies":[{"name":"wp","href":"https:\/\/api.w.org\/{rel}","templated":true}]}}