{"id":114656,"date":"2018-06-25T13:31:35","date_gmt":"2018-06-25T10:31:35","guid":{"rendered":"https:\/\/analyse.optim.biz\/?p=114656"},"modified":"2018-06-25T13:31:35","modified_gmt":"2018-06-25T10:31:35","slug":"apel-public-pentru-demisia-lui-liviu-dragnea","status":"publish","type":"post","link":"https:\/\/analyse.optim.biz\/?p=114656","title":{"rendered":"Apel public pentru demisia lui Liviu Dragnea"},"content":{"rendered":"<div class=\"entry data-app-meta data-app-meta-article\" data-embed-base-url-canonical=\"https:\/\/www.digi24.ro\/embed\/stiri\/actualitate\/politica\/apel-public-pentru-demisia-lui-liviu-dragnea-952778\">\n<p data-index=\"1\"><strong>Peste 120 de organiza\u0163ii, grupuri civice \u015fi personalit\u0103\u0163i ale societ\u0103\u0163ii civile cer demisia lui Liviu Dragnea din func\u0163ia de pre\u015fedinte al Camerei Deputa\u0163ilor. Printre <a href=\"https:\/\/www.facebook.com\/RezistentaEU\/posts\/2178520199044460\" data-skip-linkfix=\"1\">semnatarii apelului <\/a>se afl\u0103 scriitorii Andrei Ple\u015fu, Gabriel Liiceanu \u0219i Ana Blandiana, dar \u015fi cei din Grupul Pentru Dialog Social, Corup\u0163ia Ucide sau Rezisten\u0163a.<\/strong><\/p>\n<p data-index=\"2\">Acestui demers i s-au ad\u0103ugat \u015fi rom\u00e2ni din Diaspora.<\/p>\n<p data-index=\"3\">Cu to\u0163ii \u00eel acuz\u0103 pe Liviu Dragnea c\u0103 saboteaz\u0103 credibilitatea interna\u0163ional\u0103 a \u0163\u0103rii. Citez: &#8220;Pentru Rom\u00e2nia, faptul c\u0103 una dintre camerele Parlamentului este condus\u0103 de un recidivist are un efect distrug\u0103tor&#8221;- se spune \u00een apelul prin care cele 120 de organiza\u0163ii \u015fi personalit\u0103\u0163i cer ca Liviu Dragnea renun\u0163e la a treia func\u0163ie \u00een stat.<\/p>\n<p data-index=\"4\">Solicitarea vine dup\u0103 ce acesta a fost condamnat \u00een prim\u0103 instan\u0163\u0103 la 3 ani \u015fi 6 luni de \u00eenchisoare cu executare pentru fapte de corup\u0163ie.<\/p>\n<\/div>\n<p> Source URL: https:\/\/www.digi24.ro\/stiri\/actualitate\/politica\/apel-public-pentru-demisia-lui-liviu-dragnea-952778<\/p>\n","protected":false},"excerpt":{"rendered":"<p>Peste 120 de organiza\u0163ii, grupuri civice \u015fi personalit\u0103\u0163i ale societ\u0103\u0163ii civile cer demisia lui Liviu Dragnea din func\u0163ia de pre\u015fedinte al Camerei Deputa\u0163ilor. Printre semnatarii apelului se afl\u0103 scriitorii Andrei Ple\u015fu, Gabriel Liiceanu \u0219i Ana Blandiana, dar \u015fi cei din Grupul Pentru Dialog Social, Corup\u0163ia Ucide sau Rezisten\u0163a. Acestui demers i s-au ad\u0103ugat \u015fi rom\u00e2ni [&hellip;]<\/p>\n","protected":false},"author":1,"featured_media":114657,"comment_status":"open","ping_status":"","sticky":false,"template":"","format":"standard","meta":{"footnotes":""},"categories":[2],"tags":[11],"class_list":["post-114656","post","type-post","status-publish","format-standard","has-post-thumbnail","hentry","category-politics","tag-digi24"],"_links":{"self":[{"href":"https:\/\/analyse.optim.biz\/index.php?rest_route=\/wp\/v2\/posts\/114656","targetHints":{"allow":["GET"]}}],"collection":[{"href":"https:\/\/analyse.optim.biz\/index.php?rest_route=\/wp\/v2\/posts"}],"about":[{"href":"https:\/\/analyse.optim.biz\/index.php?rest_route=\/wp\/v2\/types\/post"}],"author":[{"embeddable":true,"href":"https:\/\/analyse.optim.biz\/index.php?rest_route=\/wp\/v2\/users\/1"}],"replies":[{"embeddable":true,"href":"https:\/\/analyse.optim.biz\/index.php?rest_route=%2Fwp%2Fv2%2Fcomments&post=114656"}],"version-history":[{"count":0,"href":"https:\/\/analyse.optim.biz\/index.php?rest_route=\/wp\/v2\/posts\/114656\/revisions"}],"wp:featuredmedia":[{"embeddable":true,"href":"https:\/\/analyse.optim.biz\/index.php?rest_route=\/wp\/v2\/media\/114657"}],"wp:attachment":[{"href":"https:\/\/analyse.optim.biz\/index.php?rest_route=%2Fwp%2Fv2%2Fmedia&parent=114656"}],"wp:term":[{"taxonomy":"category","embeddable":true,"href":"https:\/\/analyse.optim.biz\/index.php?rest_route=%2Fwp%2Fv2%2Fcategories&post=114656"},{"taxonomy":"post_tag","embeddable":true,"href":"https:\/\/analyse.optim.biz\/index.php?rest_route=%2Fwp%2Fv2%2Ftags&post=114656"}],"curies":[{"name":"wp","href":"https:\/\/api.w.org\/{rel}","templated":true}]}}