{"id":114641,"date":"2018-06-25T14:57:42","date_gmt":"2018-06-25T11:57:42","guid":{"rendered":"https:\/\/analyse.optim.biz\/?p=114641"},"modified":"2018-06-25T14:57:42","modified_gmt":"2018-06-25T11:57:42","slug":"pro-romania-sprijina-ideea-inlocuirii-guvernului-actual-dar-pune-conditii","status":"publish","type":"post","link":"https:\/\/analyse.optim.biz\/?p=114641","title":{"rendered":"Pro Rom\u00e2nia sprijin\u0103 ideea \u00eenlocuirii Guvernului actual, dar pune condi\u021bii"},"content":{"rendered":"<div class=\"entry data-app-meta data-app-meta-article\" data-embed-base-url-canonical=\"https:\/\/www.digi24.ro\/embed\/stiri\/actualitate\/politica\/pro-romania-sprijina-ideea-inlocuirii-guvernului-actual-dar-pune-conditii-952846\">\n<p data-index=\"1\"><strong>Ex-premierul PSD Victor Ponta spune c\u0103 parlamentarii Pro Rom\u00e2nia sprijin\u0103 \u201eorice efort de \u00eenlocuire a actualului Guvern\u201d, dar c\u0103 ideea nu este doar s\u0103 \u201edai jos un Guvern\u201d \u0219i c\u0103 \u00eenlocuirea actualului Cabinet cu un \u201eGuvern Orban\u201d este \u201eo idee gre\u0219it\u0103\u201d. Fostul \u0219ef al PSD sus\u021bine \u0219i c\u0103 \u00een Rom\u00e2nia \u201ecifrele arat\u0103 foarte r\u0103u\u201d \u0219i c\u0103 \u201esunt primele simptome ale unei crize care va veni cu siguran\u021b\u0103\u201d.<\/strong><\/p>\n<figure class=\"article-thumb\"><img decoding=\"async\" src=\"https:\/\/analyse.optim.biz\/wp-content\/uploads\/2024\/09\/ptgwmcz6yz0xjmhhc2g9nze3ztk3odkxnze1ytnjy2zizjm4mdq1nzq5zmrlmgy-thumb_.jpg\" alt=\"pro romania partid ponta inquam ganea 3\" data-skip-htmlfix=\"1\" title=\"ptgwmcz6yz0xjmhhc2g9nze3ztk3odkxnze1ytnjy2zizjm4mdq1nzq5zmrlmgy-thumb_\"><figcaption> Surs\u0103 foto: INQUAM PHOTOS \/ Octav Ganea <\/figcaption><\/figure>\n<p data-index=\"2\">\u201e<strong>Ne dorim \u0219i vom sprijini ideea \u00eenlocuirii Guvernului actual cu un Guvern mult mai competent<\/strong>, cu un Guvern capabil s\u0103 conduc\u0103 Rom\u00e2nia anul Centenarului, s\u0103 reprezinte Rom\u00e2nia anul viitor \u00een timpul pre\u0219edin\u021biei Uniunii Europene, oameni preg\u0103ti\u021bi pentru func\u021bia pe care o ocup\u0103 \u00een acel Guvern, oameni care s\u0103 fie preocupa\u021bi exclusiv de actul de guvernare \u0219i nu de problemele politice, care apar, altfel, zi de zi\u201d, a declarat Victor Ponta.<\/p>\n<p data-index=\"3\">Liderul Pro Rom\u00e2nia a mai ar\u0103tat c\u0103 Rom\u00e2nia se apropie de o nou\u0103 criz\u0103 economic\u0103. \u201eNe facem datoria s\u0103 v\u0103 spunem c\u0103 <strong>cifrele arat\u0103 foarte r\u0103u \u0219i c\u0103 sunt primele simptome ale unei crize care va veni cu siguran\u021b\u0103. Sunt bani din ce \u00een ce mai pu\u021bin, se cheltuie din ce \u00een ce mai mult, investi\u021biile dispar, fondurile europene la fel. Sigur, aten\u021bia este pe lupta ba cu statul paralel, ba cu ciuma ro\u0219ie, dar, de fapt, problema este c\u0103 furtuna crizei pentru Rom\u00e2nia se apropie din nou<\/strong>\u201d, a declarat Ponta.<\/p>\n<p data-index=\"4\">\u201eDin punctul nostru de vedere &#8211; \u0219i aici nu vorbim de persoana Ludovic Orban, vorbim de ideea de a \u00eenlocui Guvernul PSD-ALDE condus de doamna D\u0103ncil\u0103 cu un Guvern PNL condus de domnul Orban &#8211; este o idee gre\u0219it\u0103, nu este legitimat\u0103 prin vot, nu poate func\u021biona<strong> \u0219i noi nu o vom sprijini<\/strong>\u201d, a mai precizat fostul premier PSD.<\/p>\n<p data-index=\"5\">\u00cen opinia lui Ponta, partidele care au ini\u021biat mo\u021biunea de cenzur\u0103 ar trebui s\u0103 asigure c\u0103 nu se vizeaz\u0103 instalarea unui Guvern PNL. \u201e<strong>Facem un apel (&#8230;) c\u0103tre ini\u021biatorii mo\u021biunii, PNL \u0219i USR, de a discuta \u0219i azi \u0219i m\u00e2ine \u0219i miercuri cu to\u021bi cei dispu\u0219i din PSD, din ALDE, cu noi cei din Pro Rom\u00e2nia, cu cei din celelalte partide politice, pentru a \u00eencerca s\u0103 spun\u0103 foarte clar: Nu d\u0103m jos Guvernul PSD s\u0103 vin\u0103 Guvernul PNL, \u00eenlocuim un Guvern incompetent \u0219i obedient cu un Guvern competent, sprijinit de c\u00e2t mai multe for\u021be politice care s\u0103 conduc\u0103 Rom\u00e2nia<\/strong>\u201d, a ar\u0103tat Ponta.<\/p>\n<p data-index=\"6\">Acesta a mai spus c\u0103, \u201e\u00een discu\u021biile cu celelalte for\u021be politice\u201d, Sorin C\u00e2mpeanu va fi propunerea Pro Rom\u00e2nia pentru func\u021bia de prim-ministru \u00een eventualitatea \u00een care Guvernul D\u0103ncil\u0103 cade. Ponta a mai ar\u0103tat c\u0103 aceasta nu este o condi\u021bie nenegociabil\u0103, ci c\u0103 forma\u021biunea sa vrea s\u0103 arate c\u0103 are \u201esolu\u021bii\u201d.<\/p>\n<p data-index=\"7\">Victor Ponta a mai spus c\u0103 Pro Rom\u00e2nia este \u00een favoarea modific\u0103rii Codurilor penale, dar nu prin ordonan\u021b\u0103 de urgen\u021b\u0103.<\/p>\n<\/div>\n<p> Source URL: https:\/\/www.digi24.ro\/stiri\/actualitate\/politica\/pro-romania-sprijina-ideea-inlocuirii-guvernului-actual-dar-pune-conditii-952846<\/p>\n","protected":false},"excerpt":{"rendered":"<p>Ex-premierul PSD Victor Ponta spune c\u0103 parlamentarii Pro Rom\u00e2nia sprijin\u0103 \u201eorice efort de \u00eenlocuire a actualului Guvern\u201d, dar c\u0103 ideea nu este doar s\u0103 \u201edai jos un Guvern\u201d \u0219i c\u0103 \u00eenlocuirea actualului Cabinet cu un \u201eGuvern Orban\u201d este \u201eo idee gre\u0219it\u0103\u201d. Fostul \u0219ef al PSD sus\u021bine \u0219i c\u0103 \u00een Rom\u00e2nia \u201ecifrele arat\u0103 foarte r\u0103u\u201d \u0219i [&hellip;]<\/p>\n","protected":false},"author":1,"featured_media":114642,"comment_status":"open","ping_status":"","sticky":false,"template":"","format":"standard","meta":{"footnotes":""},"categories":[2],"tags":[11],"class_list":["post-114641","post","type-post","status-publish","format-standard","has-post-thumbnail","hentry","category-politics","tag-digi24"],"_links":{"self":[{"href":"https:\/\/analyse.optim.biz\/index.php?rest_route=\/wp\/v2\/posts\/114641","targetHints":{"allow":["GET"]}}],"collection":[{"href":"https:\/\/analyse.optim.biz\/index.php?rest_route=\/wp\/v2\/posts"}],"about":[{"href":"https:\/\/analyse.optim.biz\/index.php?rest_route=\/wp\/v2\/types\/post"}],"author":[{"embeddable":true,"href":"https:\/\/analyse.optim.biz\/index.php?rest_route=\/wp\/v2\/users\/1"}],"replies":[{"embeddable":true,"href":"https:\/\/analyse.optim.biz\/index.php?rest_route=%2Fwp%2Fv2%2Fcomments&post=114641"}],"version-history":[{"count":0,"href":"https:\/\/analyse.optim.biz\/index.php?rest_route=\/wp\/v2\/posts\/114641\/revisions"}],"wp:featuredmedia":[{"embeddable":true,"href":"https:\/\/analyse.optim.biz\/index.php?rest_route=\/wp\/v2\/media\/114642"}],"wp:attachment":[{"href":"https:\/\/analyse.optim.biz\/index.php?rest_route=%2Fwp%2Fv2%2Fmedia&parent=114641"}],"wp:term":[{"taxonomy":"category","embeddable":true,"href":"https:\/\/analyse.optim.biz\/index.php?rest_route=%2Fwp%2Fv2%2Fcategories&post=114641"},{"taxonomy":"post_tag","embeddable":true,"href":"https:\/\/analyse.optim.biz\/index.php?rest_route=%2Fwp%2Fv2%2Ftags&post=114641"}],"curies":[{"name":"wp","href":"https:\/\/api.w.org\/{rel}","templated":true}]}}