{"id":114638,"date":"2018-06-25T15:02:28","date_gmt":"2018-06-25T12:02:28","guid":{"rendered":"https:\/\/analyse.optim.biz\/?p=114638"},"modified":"2018-06-25T15:02:28","modified_gmt":"2018-06-25T12:02:28","slug":"senator-psd-oug-e-mult-mai-practica-si-mai-legala-dar-nu-se-poate-face-fara-alde","status":"publish","type":"post","link":"https:\/\/analyse.optim.biz\/?p=114638","title":{"rendered":"Senator PSD: OUG e mult mai practic\u0103 \u0219i mai legal\u0103, dar nu se poate face f\u0103r\u0103 ALDE"},"content":{"rendered":"<div class=\"entry data-app-meta data-app-meta-article\" data-embed-base-url-canonical=\"https:\/\/www.digi24.ro\/embed\/stiri\/actualitate\/politica\/primele-reactii-din-psd-dupa-ce-tariceanu-a-anuntat-ca-nu-sustine-oug-pentru-codurile-penale-952844\">\n<p data-index=\"1\"><strong>Senatorul PSD Niculae B\u0103d\u0103l\u0103u spune c\u0103 modificarea Codurilor Penale prin OUG se poate face pentru c\u0103 legisla\u021bia rom\u00e2neasc\u0103 \u201etrebuie pus\u0103 \u00een concordan\u021b\u0103\u201d cu directive europene \u0219i acuz\u0103, la fel ca liderul PSD Liviu Dragnea, c\u0103 procesul legislativ din Parlament dureaz\u00e2 prea mult timp.<\/strong><\/p>\n<p data-index=\"2\"><a href=\"https:\/\/s.iw.ro\/gateway\/g\/ZmlsZVNvdXJjZT1odHRwcyUzQSUyRiUy\/RndlYmFkbWRpZ2kyNC5yY3MtcmRzLnJv\/JTJGd3AtY29udGVudCUyRnVwbG9hZHMl\/MkYyMDE4JTJGMDYlMkZiYWRhbGF1Lmpw\/ZyZoYXNoPWRhZjBjYzA5ZTMyZDQ5Nzg2ZmJhODFkMDI1MTFiZGFh.jpg\" data-skip-linkfix=\"1\" target=\"_blank\" rel=\"noopener\"><img loading=\"lazy\" decoding=\"async\" class=\"alignnone size-full wp-image-946474\" src=\"https:\/\/analyse.optim.biz\/wp-content\/uploads\/2024\/09\/zyz3ptgwmczoyxnoptuxode2zgvkzdq1nwqwmzixztu2odq1yje2mgnjndu2-thumb_.jpg\" width=\"789\" height=\"500\" data-skip-htmlfix=\"1\" title=\"zyz3ptgwmczoyxnoptuxode2zgvkzdq1nwqwmzixztu2odq1yje2mgnjndu2-thumb_\"><\/a><\/p>\n<p data-index=\"3\">De asemenea, B\u0103d\u0103l\u0103u a criticat miile de oameni care au protestat pa\u0219nic \u00een Pia\u021ba Victoriei \u0219i i-a acuzat pe manifestan\u021bi de comportamente violente.<\/p>\n<p data-index=\"4\"><b><i>Reporter:\u00a0<\/i><\/b>Exist\u0103 tensiuni \u00een coali\u021bia de guvernare?<\/p>\n<p data-index=\"5\">Niculae B\u0103d\u0103l\u0103u: Nu exist\u0103. Este p\u0103rerea lui T\u0103riceanu, pe care o respect\u0103m. Am considerat c\u0103 OUG, a\u0219a cum a fost dat\u0103 \u0219i de celelalte guvern\u0103ri, ar fi cea mai bun\u0103. E hotararea CEX. Discu\u021bia a fost \u00eentre asumare \u0219i OUG. PSD nu bate \u00een retragere. Am zis c\u0103 o s\u0103 g\u0103sim solu\u021bia cea mai bun\u0103. Sunt convins c\u0103 T\u0103riceanu are o motivare, nu ne ia prin surprindere. Nu am avut timp de discu\u021bii \u00een coali\u021bie<strong>. Sunt de p\u0103rerea colegilor c\u0103 OUG e mult mai practic\u0103 \u0219i mai legal\u0103. OUG nu se poate f\u0103r\u0103 ALDE. Vom discuta \u0219i cu d\u00e2n\u0219ii \u0219i vom g\u0103si o solu\u021bie.<\/strong><\/p>\n<p data-index=\"6\"><em>\u00a0\u00cen strad\u0103 \u00eencep s\u0103 apar\u0103 violen\u021be, ceea ce nu e un lucru normal. Dezbaterea ar trebui s\u0103 fie \u00een Parlament. Am v\u0103zut deputa\u021bi \u00eempin\u0219i, ataca\u021bi pe strad\u0103, am v\u0103zut declara\u021bii extremiste, de tipul s\u0103 \u00eei omor\u00e2m pe strad\u0103. \u0218ti\u021bi foarte bine c\u0103 acest proiect st\u0103 \u00een dezbatere de un an de zile.<\/em><\/p>\n<p data-index=\"7\"><em>Ceea ce spune opozi\u021bia este o nebunie. Suntem obliga\u021bi de UE s\u0103 punem \u00een concordan\u021b\u0103 legisla\u021bia rom\u00e2n\u0103 cu sugestiile d\u00e2n\u0219ilor. Avem multe articole de pus \u00een concordan\u021b\u0103. Asta \u00eencerc\u0103m s\u0103 facem, dar procesul legislativ este de durat\u0103\u201d<\/em>, a declarat B\u0103d\u0103l\u0103u.<\/p>\n<p data-index=\"8\">Dup\u0103 ce liderul ALDE <a href=\"https:\/\/www.digi24.ro\/stiri\/actualitate\/politica\/tariceanu-despre-oug-pe-codurile-penale-trebuie-urmata-calea-parlamentara-952762\" data-skip-linkfix=\"1\"><strong>C\u0103lin Popescu-T\u0103riceanu a anun\u021bat, luni, c\u0103 nu sus\u021bine modificarea codurilor penale prin OUG<\/strong><\/a>, deputatul PSD Valeriu Steriu a afirmat c\u0103 varianta propus\u0103 vineri de Liviu Dragnea, dup\u0103 consult\u0103rile cu liderii partidului, a fost discutat\u0103 \u00een coali\u021bie abia azi diminea\u021b\u0103.<\/p>\n<p data-index=\"9\"><em>\u201eDiscu\u021bia coali\u021biei a fost abia \u00een aceast\u0103 diminea\u021b\u0103. Discursul domnului Dragnea a fost \u00een numele PSD, vineri. Pasul urm\u0103tor era al \u00eentregii coali\u021bii. Exper\u021bii juri\u0219ti au examinat care au fost cele mai normale \u0219i cele mai \u00eenc\u0103rcate de suport democratic. Concluzia men\u021bionat\u0103 de T\u0103riceanu a fost de a continua o analiz\u0103 de la A la Z. Ne \u00eendrept\u0103m spre un pachet de legi temeinic a\u0219ezat, european, care va reprezenta un motiv de lini\u0219te a societ\u0103\u021bii\u201d,<\/em> a spus Steriu.<\/p>\n<p data-index=\"10\">\u00a0<\/p>\n<\/div>\n<p> Source URL: https:\/\/www.digi24.ro\/stiri\/actualitate\/politica\/primele-reactii-din-psd-dupa-ce-tariceanu-a-anuntat-ca-nu-sustine-oug-pentru-codurile-penale-952844<\/p>\n","protected":false},"excerpt":{"rendered":"<p>Senatorul PSD Niculae B\u0103d\u0103l\u0103u spune c\u0103 modificarea Codurilor Penale prin OUG se poate face pentru c\u0103 legisla\u021bia rom\u00e2neasc\u0103 \u201etrebuie pus\u0103 \u00een concordan\u021b\u0103\u201d cu directive europene \u0219i acuz\u0103, la fel ca liderul PSD Liviu Dragnea, c\u0103 procesul legislativ din Parlament dureaz\u00e2 prea mult timp. De asemenea, B\u0103d\u0103l\u0103u a criticat miile de oameni care au protestat pa\u0219nic [&hellip;]<\/p>\n","protected":false},"author":1,"featured_media":114639,"comment_status":"open","ping_status":"","sticky":false,"template":"","format":"standard","meta":{"footnotes":""},"categories":[2],"tags":[11],"class_list":["post-114638","post","type-post","status-publish","format-standard","has-post-thumbnail","hentry","category-politics","tag-digi24"],"_links":{"self":[{"href":"https:\/\/analyse.optim.biz\/index.php?rest_route=\/wp\/v2\/posts\/114638","targetHints":{"allow":["GET"]}}],"collection":[{"href":"https:\/\/analyse.optim.biz\/index.php?rest_route=\/wp\/v2\/posts"}],"about":[{"href":"https:\/\/analyse.optim.biz\/index.php?rest_route=\/wp\/v2\/types\/post"}],"author":[{"embeddable":true,"href":"https:\/\/analyse.optim.biz\/index.php?rest_route=\/wp\/v2\/users\/1"}],"replies":[{"embeddable":true,"href":"https:\/\/analyse.optim.biz\/index.php?rest_route=%2Fwp%2Fv2%2Fcomments&post=114638"}],"version-history":[{"count":0,"href":"https:\/\/analyse.optim.biz\/index.php?rest_route=\/wp\/v2\/posts\/114638\/revisions"}],"wp:featuredmedia":[{"embeddable":true,"href":"https:\/\/analyse.optim.biz\/index.php?rest_route=\/wp\/v2\/media\/114639"}],"wp:attachment":[{"href":"https:\/\/analyse.optim.biz\/index.php?rest_route=%2Fwp%2Fv2%2Fmedia&parent=114638"}],"wp:term":[{"taxonomy":"category","embeddable":true,"href":"https:\/\/analyse.optim.biz\/index.php?rest_route=%2Fwp%2Fv2%2Fcategories&post=114638"},{"taxonomy":"post_tag","embeddable":true,"href":"https:\/\/analyse.optim.biz\/index.php?rest_route=%2Fwp%2Fv2%2Ftags&post=114638"}],"curies":[{"name":"wp","href":"https:\/\/api.w.org\/{rel}","templated":true}]}}