{"id":114627,"date":"2018-06-25T15:27:01","date_gmt":"2018-06-25T12:27:01","guid":{"rendered":"https:\/\/analyse.optim.biz\/?p=114627"},"modified":"2018-06-25T15:27:01","modified_gmt":"2018-06-25T12:27:01","slug":"dragnea-spune-ca-este-exclusa-oug-pe-codurile-penale-ce-va-face-in-schimb-coalitia-psd-alde","status":"publish","type":"post","link":"https:\/\/analyse.optim.biz\/?p=114627","title":{"rendered":"Dragnea spune c\u0103 este \u201eexclus\u0103\u201d OUG pe Codurile penale. Ce va face, \u00een schimb, coali\u021bia PSD-ALDE"},"content":{"rendered":"<div class=\"entry data-app-meta data-app-meta-article\" data-embed-base-url-canonical=\"https:\/\/www.digi24.ro\/embed\/stiri\/actualitate\/politica\/dragnea-spune-ca-este-exclusa-oug-pe-codurile-penale-952869\">\n<p data-index=\"1\"><strong>Adoptarea unei ordonan\u0163e de urgen\u0163\u0103 privind Codurile penale este exclus\u0103, potrivit pre\u015fedintelui Camerei Deputa\u0163ilor, Liviu Dragnea, lider al PSD.<\/strong><\/p>\n<p data-index=\"2\"><strong>ACTUALIZARE.<\/strong> Dup\u0103 \u0219edin\u021ba comun\u0103 a grupurilor PSD \u0219i ALDE, jurnali\u0219tii au vrut s\u0103 afle de la pre\u0219edintele PSD dac\u0103 r\u0103m\u00e2ne, totu\u0219i, posibil\u0103 varianta angaj\u0103rii r\u0103spunderii Guvernului. \u201e<strong>Nu, nu e vorba de asumarea r\u0103spunderii. E nevoie de a gr\u0103bi procedurile \u00een Parlament<\/strong>\u201d, a declarat Liviu Dragnea.<\/p>\n<p data-index=\"3\">\u00centrebat ce s-a schimbat de vineri \u00eencoace, \u00een condi\u021biile \u00een care nu pu\u021bini au fost social-democra\u021bii care au vorbit explicit despre variantele OUG \u0219i angajarea r\u0103spunderii, liderul PSD a spus: \u201eS-a discutat foarte clar s\u0103 nu mai l\u0103s\u0103m loc la \u00eent\u00e2rzieri. Asta s-a discutat foarte clar \u0219i aicea au dreptat, c\u0103 nu mai are rost s\u0103 tot lungim, s\u0103 tot lungim, s\u0103 tot lungim \u00een condi\u021biile \u00een care au fost dezbateri, totul a fost public, s-a discutat cu argumente, au fost consult\u0103ri cu toate ONG-urile care au venit acolo, cu alte institu\u021bii din statul rom\u00e2n. P\u00e2n\u0103 la urm\u0103 este o comisie parlamentar\u0103 care trebuie s\u0103 \u00eencheie un raport\u201d.<\/p>\n<p data-index=\"4\">Cite\u0219te \u0219i <a href=\"https:\/\/www.digi24.ro\/opinii\/ce-se-va-intampla-dupa-condamnarea-lui-dragnea-951048\" data-skip-linkfix=\"1\">\u201dCe se va \u00eent\u00e2mpla dup\u0103 condamnarea lui Dragnea. Elementul cheie.\u201d<\/a><\/p>\n<p data-index=\"5\">C\u00e2nd jurnali\u0219tii au vrut s\u0103 afle ce se va \u00eent\u00e2mpla dac\u0103 problema modific\u0103rii Codurilor nu se va rezolva pe durata celor dou\u0103 s\u0103pt\u0103m\u00e2ni de sesiune extraordinar\u0103, Liviu Dragnea a r\u0103spuns, f\u0103r\u0103 a da alte detalii: \u201eEu v\u0103 asigur c\u0103 se va rezolva\u201d.<\/p>\n<p data-index=\"6\">C\u00e2t despre prevederile din Codul penal referitoare la abuzul \u00een serviciu, care nu au, cel pu\u021bin oficial, o variant\u0103 asumat\u0103 de PSD, Liviu Dragne a spus c\u0103 \u201eva fi o variant\u0103 asumat\u0103\u201d. \u201e<strong>Trebuie s\u0103 ajung\u0103 la o variant\u0103 membrii comisiei. Am \u00een\u021beles c\u0103 sunt 16 sau 18 variante. Totu\u0219i, nu putem sta la nesf\u00e2r\u0219it cu un articol care \u00een opinia multora este neconstitu\u021bional \u0219i, practic, nu ar trebui s\u0103 mai produc\u0103 efecte, dar se pare c\u0103 pentru unii produce efecte, doar pentru c\u0103 a fost \u00eentr-un proces. Nu putem s\u0103 st\u0103m cu o legisla\u021bie \u0219chioap\u0103 doar a\u0219a pentru c\u0103 \u021bip\u0103 unii<\/strong>\u201d.<\/p>\n<p data-index=\"7\">&#8212;&#8211;<\/p>\n<p data-index=\"8\">\u00centrebat de jurnali\u015fti, luni, la Parlament, dac\u0103 este exclus\u0103 \u00een acest moment o ordonan\u0163\u0103 de urgen\u0163\u0103 privind Codurile penale, Dragnea a r\u0103spuns: <strong>\u201eDa\u201d<\/strong>.<\/p>\n<p data-index=\"9\">\u201eEu am spus \u0219i spun \u00een continuare c\u0103 trebuie s\u0103 gr\u0103beasc\u0103 procedurile, pentru c\u0103 s-a \u00eent\u00e2rziat foarte mult. O s\u0103 facem o sesiune extraordinar\u0103, dar nu putem face o sesiune extraordinar\u0103 toat\u0103 vara. \u0218i, atunci, \u0219i eu \u0219i domnul T\u0103riceanu <strong>le vom cere celor din Comisie (Comisia special\u0103 condus\u0103 de Florin Iordache &#8211; n.r.) s\u0103 \u00eenchid\u0103 odat\u0103 Codul penal, s\u0103 mearg\u0103 la votul final, dup\u0103 care intr\u0103 \u00een circul obi\u0219nuit<\/strong>\u201d, a declarat liderul PSD.<\/p>\n<p data-index=\"10\">\u00centrebat ce s-a schimbat fa\u021b\u0103 de vineri, c\u00e2nd reprezentan\u021bii PSD au sus\u021binut c\u0103 a fost o abordare gre\u0219it\u0103 modificarea Codurilor penale prin procedura parlamentar\u0103, Liviu Dragnea a r\u0103spuns: \u201e<strong>Nu, am vorbit de faptul c\u0103 noi am respectat absolut toate termenele, le-am lungit, le-am lungit, le-am lungit. \u0218i nu e cazul<\/strong>\u201d.<\/p>\n<p data-index=\"11\"><a href=\"https:\/\/www.digi24.ro\/stiri\/actualitate\/politica\/tariceanu-despre-oug-pe-codurile-penale-trebuie-urmata-calea-parlamentara-952762\" data-skip-linkfix=\"1\">Liderul ALDE, C\u0103lin Popescu T\u0103riceanu, a declarat, luni, c\u0103 modificarea Codurilor penale va fi f\u0103cut\u0103 exclusiv prin procedur\u0103 parlamentar\u0103<\/a>, el sus\u0163in\u00e2nd c\u0103 nu a propus nimeni \u015fi nu s-a discutat despre adoptarea unei Ordonan\u0163e de Urgen\u0163\u0103 pentru modificarea Codurilor \u015fi nici despre adoptarea acestor modific\u0103ri prin asumarea r\u0103spunderii Guvernului \u00een fa\u0163a Parlamentului.<\/p>\n<p data-index=\"12\"><a href=\"https:\/\/www.digi24.ro\/stiri\/actualitate\/politica\/udmr-nu-sustine-modificarea-codurilor-penale-prin-ordonanta-de-urgenta-952791\" data-skip-linkfix=\"1\">\u0218i UDMR a anun\u021bat, prin vocea senatorului Cseke Attila, c\u0103 nu sus\u021bine modificarea Codului penal \u0219i Codului de procedur\u0103 penal\u0103 prin OUG sau prin angajarea r\u0103spunderii Guvernului<\/a>.<\/p>\n<p data-index=\"13\"><a href=\"https:\/\/www.digi24.ro\/stiri\/actualitate\/politica\/primele-reactii-din-psd-dupa-ce-tariceanu-a-anuntat-ca-nu-sustine-oug-pentru-codurile-penale-952844\" data-skip-linkfix=\"1\">Totu\u0219i, luni, senatorul PSD Niculae B\u0103d\u0103l\u0103u a declarat c\u0103 ar fi mai practic\u0103 adoptarea unei ordonan\u0163e de urgen\u0163\u0103 pe Codul penal<\/a>, pentru c\u0103 acest proiect este de un an de zile \u00een dezbatere public\u0103, dar c\u0103 PSD trebuie s\u0103 conving\u0103 \u015fi ALDE.<\/p>\n<p data-index=\"14\"><a href=\"https:\/\/www.digi24.ro\/stiri\/actualitate\/justitie\/exclusiv-primul-lider-psd-care-vorbeste-deschis-despre-adoptarea-codurilor-penale-prin-oug-952059\" data-skip-linkfix=\"1\">S\u00e2mb\u0103t\u0103, pre\u015fedintele PSD Vaslui, Dumitru Buzatu, a declarat, \u00eentr-o interven\u0163ie telefonic\u0103 la Digi24, c\u0103 variantele analizate de PSD pentru adoptarea Codului Penal sunt adoptarea unei ordonan\u021be de urgen\u021b\u0103 sau asumarea r\u0103spunderii Guvernului \u00een Parlament<\/a>. \u201eSe vor examina toate posibilit\u0103\u0163ile acestea, este vorba de ordonan\u0163\u0103 de urgen\u0163\u0103, de asumarea r\u0103spunderii\u201d, a afirmat Buzatu. \u00centrebat dac\u0103 varianta adopt\u0103rii prin proceduri parlamentare a picat, pre\u015fedintele PSD Vaslui a spus: \u201eSigur, deocamdat\u0103, modul \u00een care s-a lucrat \u00een Parlament p\u00e2n\u0103 la aceast\u0103 dat\u0103 a fost caracterizat de o lentoare care nu cred c\u0103 mai este acceptabil\u0103\u201d.<\/p>\n<\/div>\n<p> Source URL: https:\/\/www.digi24.ro\/stiri\/actualitate\/politica\/dragnea-spune-ca-este-exclusa-oug-pe-codurile-penale-952869<\/p>\n","protected":false},"excerpt":{"rendered":"<p>Adoptarea unei ordonan\u0163e de urgen\u0163\u0103 privind Codurile penale este exclus\u0103, potrivit pre\u015fedintelui Camerei Deputa\u0163ilor, Liviu Dragnea, lider al PSD. ACTUALIZARE. Dup\u0103 \u0219edin\u021ba comun\u0103 a grupurilor PSD \u0219i ALDE, jurnali\u0219tii au vrut s\u0103 afle de la pre\u0219edintele PSD dac\u0103 r\u0103m\u00e2ne, totu\u0219i, posibil\u0103 varianta angaj\u0103rii r\u0103spunderii Guvernului. \u201eNu, nu e vorba de asumarea r\u0103spunderii. E nevoie de [&hellip;]<\/p>\n","protected":false},"author":1,"featured_media":114628,"comment_status":"open","ping_status":"","sticky":false,"template":"","format":"standard","meta":{"footnotes":""},"categories":[2],"tags":[11],"class_list":["post-114627","post","type-post","status-publish","format-standard","has-post-thumbnail","hentry","category-politics","tag-digi24"],"_links":{"self":[{"href":"https:\/\/analyse.optim.biz\/index.php?rest_route=\/wp\/v2\/posts\/114627","targetHints":{"allow":["GET"]}}],"collection":[{"href":"https:\/\/analyse.optim.biz\/index.php?rest_route=\/wp\/v2\/posts"}],"about":[{"href":"https:\/\/analyse.optim.biz\/index.php?rest_route=\/wp\/v2\/types\/post"}],"author":[{"embeddable":true,"href":"https:\/\/analyse.optim.biz\/index.php?rest_route=\/wp\/v2\/users\/1"}],"replies":[{"embeddable":true,"href":"https:\/\/analyse.optim.biz\/index.php?rest_route=%2Fwp%2Fv2%2Fcomments&post=114627"}],"version-history":[{"count":0,"href":"https:\/\/analyse.optim.biz\/index.php?rest_route=\/wp\/v2\/posts\/114627\/revisions"}],"wp:featuredmedia":[{"embeddable":true,"href":"https:\/\/analyse.optim.biz\/index.php?rest_route=\/wp\/v2\/media\/114628"}],"wp:attachment":[{"href":"https:\/\/analyse.optim.biz\/index.php?rest_route=%2Fwp%2Fv2%2Fmedia&parent=114627"}],"wp:term":[{"taxonomy":"category","embeddable":true,"href":"https:\/\/analyse.optim.biz\/index.php?rest_route=%2Fwp%2Fv2%2Fcategories&post=114627"},{"taxonomy":"post_tag","embeddable":true,"href":"https:\/\/analyse.optim.biz\/index.php?rest_route=%2Fwp%2Fv2%2Ftags&post=114627"}],"curies":[{"name":"wp","href":"https:\/\/api.w.org\/{rel}","templated":true}]}}