{"id":114476,"date":"2018-06-25T12:16:28","date_gmt":"2018-06-25T09:16:28","guid":{"rendered":"https:\/\/analyse.optim.biz\/?p=114476"},"modified":"2018-06-25T12:16:28","modified_gmt":"2018-06-25T09:16:28","slug":"primul-deputat-psd-care-sare-in-apararea-primarului-care-i-a-cerut-lui-dragnea-sa-plece","status":"publish","type":"post","link":"https:\/\/analyse.optim.biz\/?p=114476","title":{"rendered":"Primul deputat PSD care sare \u00een ap\u0103rarea primarului care i-a cerut lui Dragnea s\u0103 plece"},"content":{"rendered":"<div class=\"entry data-app-meta data-app-meta-article\" data-embed-base-url-canonical=\"https:\/\/www.digi24.ro\/embed\/stiri\/actualitate\/politica\/primul-deputat-psd-care-sare-in-apararea-primarului-care-i-a-cerut-lui-dragnea-sa-plece-952734\">\n<p data-index=\"1\"><strong>Un deputat social-democrat sare \u00een ap\u0103rarea primarului din Timi\u015f care le-a cerut colegilor s\u0103i s\u0103 se desolidarizeze de Liviu Dragnea. Potrivit deputatului Adrian Pau, edilul Sabin Bociu, care este \u015fi vicepre\u015fedinte al PSD Timi\u015f, &#8220;este unul dintre cei mai vechi \u015fi performan\u0163i primari&#8221;.<\/strong><\/p>\n<p class=\"gdpr-placeholder gdpr-social-media gdpr-iframe-fix\" data-index=\"3\"> Setarile tale privind cookie-urile nu permit afisarea continutul din aceasta sectiune. Poti actualiza setarile modulelor coookie direct din browser sau de <a class=\"ot-sdk-show-settings\" data-skip-linkfix=\"1\">aici<\/a> \u2013 e nevoie sa accepti cookie-urile social media<\/p>\n<p data-index=\"4\">&#8220;De ce-l acuz\u0103m pe Sabin Bociu???<\/p>\n<p data-index=\"5\">\u00cel cunosc pe Sabin Bociu de mult\u0103 vreme, iar datorit\u0103 acestui lucru \u00eemi permit s\u0103 nu pun la \u00eendoial\u0103 calit\u0103\u0163ile pe care le are. Cu at\u00e2t mai mult principiile sale \u015fi faptul c\u0103 mereu spune ce g\u00e2nde\u015fte. Sabin Bociu este unul dintre cei mai vechi \u015fi performan\u0163i primari pe care PSD Timi\u015f \u00eei are. Faptul c\u0103 afirm\u0103 r\u0103spicat, a\u015fa cum ne-a obi\u015fnuit, ceea ce crede nu este o supriz\u0103 \u015fi nici un lucru r\u0103u. Este dovada clar\u0103 c\u0103 suntem membrii unui partid viu, \u00een care democra\u0163ia \u00eenc\u0103 are loc. Atacurile unor colegi la adresa unui primar care este un st\u00e2lp al acestui partid nu fac bine, ele dovedesc sl\u0103biciuni de care trebuie s\u0103 ne debaras\u0103m&#8221;, sus\u0163ine deputatul PSD de Timi\u015f, Adrian Pau, \u00eentr-o postare pe Facebook.<\/p>\n<p data-index=\"6\">Cite\u0219te \u0219i <a href=\"https:\/\/www.digi24.ro\/opinii\/ce-se-va-intampla-dupa-condamnarea-lui-dragnea-951048\" data-skip-linkfix=\"1\">\u201dCe se va \u00eent\u00e2mpla dup\u0103 condamnarea lui Dragnea. Elementul cheie.\u201d<\/a><\/p>\n<p data-index=\"7\">Reac\u0163ia parlamentarului social-democrat vine la scurt\u0103 vreme dup\u0103 ce primarul <a href=\"https:\/\/www.digi24.ro\/stiri\/actualitate\/politica\/un-primar-psd-cere-demisia-lui-liviu-dragnea-952684\" data-skip-linkfix=\"1\">Sabin Bociu \u015fi-a exprimat public speran\u0163a<\/a> c\u0103 a &#8220;sunt mul\u021bi colegi ce g\u00e2ndesc la fel ca mine \u0219i c\u0103 PSD va realiza c\u0103 Liviu Dragnea trebuie s\u0103 plece de la conducerea partidului \u0219i a \u021b\u0103rii, iar PSD, \u00een plenitudinea sa, s\u0103 se apropie din nou de idealurile rom\u00e2nilor&#8221;.<\/p>\n<p data-index=\"8\"><strong>Citi\u0163i \u015fi: <a href=\"https:\/\/www.digi24.ro\/stiri\/actualitate\/politica\/raspunsul-lui-orban-dupa-conditiile-puse-de-ponta-pentru-sustinerea-motiunii-952754\" data-skip-linkfix=\"1\">ULTIMA OR\u0102. R\u0103spunsul lui Orban dup\u0103 condi\u0163iile puse de Ponta pentru sus\u0163inerea mo\u0163iunii<\/a><\/strong><\/p>\n<p data-index=\"9\">\u00a0 \u00a0 \u00a0 \u00a0 \u00a0 \u00a0 \u00a0 \u00a0 \u00a0 <a href=\"https:\/\/www.digi24.ro\/stiri\/actualitate\/politica\/tariceanu-despre-oug-pe-codurile-penale-trebuie-urmata-calea-parlamentara-952762\" data-skip-linkfix=\"1\"><strong>ULTIMA OR\u0102.\u00a0T\u0103riceanu despre OUG pe Codurile penale: Trebuie urmat\u0103 calea parlamentar\u0103<\/strong><\/a><\/p>\n<div class=\"entry data-app-meta data-app-meta-article\" data-embed-base-url-canonical=\"https:\/\/www.digi24.ro\/embed\/stiri\/actualitate\/politica\/raspunsul-lui-orban-dupa-conditiile-puse-de-ponta-pentru-sustinerea-motiunii-952754\">\u00a0<\/div>\n<\/div>\n<div class=\"entry data-app-meta data-app-meta-article\" data-embed-base-url-canonical=\"https:\/\/www.digi24.ro\/embed\/stiri\/actualitate\/politica\/raspunsul-lui-orban-dupa-conditiile-puse-de-ponta-pentru-sustinerea-motiunii-952754\">\u00a0<\/div>\n<p> Source URL: https:\/\/www.digi24.ro\/stiri\/actualitate\/politica\/primul-deputat-psd-care-sare-in-apararea-primarului-care-i-a-cerut-lui-dragnea-sa-plece-952734<\/p>\n","protected":false},"excerpt":{"rendered":"<p>Un deputat social-democrat sare \u00een ap\u0103rarea primarului din Timi\u015f care le-a cerut colegilor s\u0103i s\u0103 se desolidarizeze de Liviu Dragnea. Potrivit deputatului Adrian Pau, edilul Sabin Bociu, care este \u015fi vicepre\u015fedinte al PSD Timi\u015f, &#8220;este unul dintre cei mai vechi \u015fi performan\u0163i primari&#8221;. Setarile tale privind cookie-urile nu permit afisarea continutul din aceasta sectiune. Poti [&hellip;]<\/p>\n","protected":false},"author":1,"featured_media":114477,"comment_status":"open","ping_status":"","sticky":false,"template":"","format":"standard","meta":{"footnotes":""},"categories":[2],"tags":[11],"class_list":["post-114476","post","type-post","status-publish","format-standard","has-post-thumbnail","hentry","category-politics","tag-digi24"],"_links":{"self":[{"href":"https:\/\/analyse.optim.biz\/index.php?rest_route=\/wp\/v2\/posts\/114476","targetHints":{"allow":["GET"]}}],"collection":[{"href":"https:\/\/analyse.optim.biz\/index.php?rest_route=\/wp\/v2\/posts"}],"about":[{"href":"https:\/\/analyse.optim.biz\/index.php?rest_route=\/wp\/v2\/types\/post"}],"author":[{"embeddable":true,"href":"https:\/\/analyse.optim.biz\/index.php?rest_route=\/wp\/v2\/users\/1"}],"replies":[{"embeddable":true,"href":"https:\/\/analyse.optim.biz\/index.php?rest_route=%2Fwp%2Fv2%2Fcomments&post=114476"}],"version-history":[{"count":0,"href":"https:\/\/analyse.optim.biz\/index.php?rest_route=\/wp\/v2\/posts\/114476\/revisions"}],"wp:featuredmedia":[{"embeddable":true,"href":"https:\/\/analyse.optim.biz\/index.php?rest_route=\/wp\/v2\/media\/114477"}],"wp:attachment":[{"href":"https:\/\/analyse.optim.biz\/index.php?rest_route=%2Fwp%2Fv2%2Fmedia&parent=114476"}],"wp:term":[{"taxonomy":"category","embeddable":true,"href":"https:\/\/analyse.optim.biz\/index.php?rest_route=%2Fwp%2Fv2%2Fcategories&post=114476"},{"taxonomy":"post_tag","embeddable":true,"href":"https:\/\/analyse.optim.biz\/index.php?rest_route=%2Fwp%2Fv2%2Ftags&post=114476"}],"curies":[{"name":"wp","href":"https:\/\/api.w.org\/{rel}","templated":true}]}}