{"id":114473,"date":"2018-06-25T12:51:50","date_gmt":"2018-06-25T09:51:50","guid":{"rendered":"https:\/\/analyse.optim.biz\/?p=114473"},"modified":"2018-06-25T12:51:50","modified_gmt":"2018-06-25T09:51:50","slug":"raspunsul-lui-orban-dupa-conditiile-puse-de-ponta-pentru-sustinerea-motiunii","status":"publish","type":"post","link":"https:\/\/analyse.optim.biz\/?p=114473","title":{"rendered":"R\u0103spunsul lui Orban dup\u0103 condi\u0163iile puse de Ponta pentru sus\u0163inerea mo\u0163iunii"},"content":{"rendered":"<div class=\"entry data-app-meta data-app-meta-article\" data-embed-base-url-canonical=\"https:\/\/www.digi24.ro\/embed\/stiri\/actualitate\/politica\/raspunsul-lui-orban-dupa-conditiile-puse-de-ponta-pentru-sustinerea-motiunii-952754\">\n<p data-index=\"1\"><strong>Liberalii se declar\u0103, prin vocea pre\u015fedintelui lor, flexibili \u00een ceea ce prive\u015fte numele viitorului premier, \u00een cazul \u00een care mo\u0163iunea de cenzur\u0103 va avea succes, iar Cabinetul D\u0103ncil\u0103 va fi demis.\u00a0<\/strong><\/p>\n<figure class=\"article-thumb\"><img decoding=\"async\" src=\"https:\/\/analyse.optim.biz\/wp-content\/uploads\/2024\/09\/mszoyxnopwu1y2fmnjk5ytuzndbiotfmnjjhyme3zwi2mmewnte3-thumb_.jpg\" alt=\"orban 180506_CONFERINTA_PNL_34_INQUAM_Photos_Octav_Ganea\" data-skip-htmlfix=\"1\" title=\"mszoyxnopwu1y2fmnjk5ytuzndbiotfmnjjhyme3zwi2mmewnte3-thumb_\"><figcaption> Foto: INQUAM_Octav Ganea <\/figcaption><\/figure>\n<p data-index=\"2\">&#8220;Eu nu insist s\u0103 fiu premier\u201d, a declarat pre\u015fedintele PNL, Ludovic Orban, pentru <a href=\"https:\/\/revista22.ro\/70272037\/orban-despre-condiiile-puse-de-ponta-la-susinerea-moiunii-de-cenzur-eu-nu-insist-s-fiu-premier.html\" data-skip-linkfix=\"1\">Revista 22<\/a>, ar\u0103t\u00e2nd \u00een continuare c\u0103 &#8220;obiectivul PNL este s\u0103 d\u0103r\u00e2m\u0103m aceast\u0103 guvernare pentru a demantela regimul autocratic \u0219i toxic care amenin\u021b\u0103 Rom\u00e2nia&#8221;.\u00a0<\/p>\n<p data-index=\"3\">Liderul liberal a f\u0103cut aceast\u0103 declara\u0163ie \u00een contextul \u00een care, anterior, fostul premier, Victor Ponta, declarase, pentru Digi24, c\u0103 va fi dispus s\u0103 voteze mo\u0163iunea de cenzur\u0103 cu condi\u0163ia ca Orban s\u0103 nu fie propunerea de premier cu care se va merge la Cotroceni.\u00a0<\/p>\n<p data-index=\"4\"><span lang=\"ro-RO\">&#8220;Dac\u0103 PNL nu mai insist\u0103 cu Orban premier \u0219i accept\u0103 ideea ca Guvernul D\u0103ncil\u0103 s\u0103 fie \u00eenlocuit cu un nou guvern condus de un premier \u0219i cu mini\u0219tri care s\u0103 fie din\/agrea\u021bi de o parte a PSD \u0219i ALDE &#8211; atunci am \u0219anse mult mai mari s\u0103-i conving \u0219i pe parlamentarii ProRom\u00e2nia dar \u0219i pe al\u021bi parlamentari PSD s\u0103 voteze mo\u021biunea \u0219i s\u0103 participe la un proiect serios pentru perioada Pre\u0219edin\u021biei UE&#8221;, <a href=\"https:\/\/www.digi24.ro\/stiri\/actualitate\/politica\/conditia-lui-victor-ponta-ca-sa-voteze-motiunea-de-cenzura-impotriva-guvernului-dancila-952399\" data-skip-linkfix=\"1\">a spus Victor Ponta<\/a>.<\/span><\/p>\n<p data-index=\"5\">PNL a depus, miercuri, mo\u0163iunea de cenzur\u0103 \u00eempotriva Guvernului, intitulat\u0103 \u201eDemiterea Guvernului Dragnea-D\u0103ncil\u0103, o urgen\u0163\u0103 na\u0163ional\u0103!\u201d. P\u00e2n\u0103 \u00een prezent, mo\u021biunea de cenzur\u0103 este sus\u021binut\u0103 de USR \u015fi PMP.<\/p>\n<p data-index=\"6\"><strong>Citi\u0163i \u015fi: <a href=\"https:\/\/www.digi24.ro\/stiri\/actualitate\/politica\/primul-deputat-psd-care-sare-in-apararea-primarului-care-i-a-cerut-lui-dragnea-sa-plece-952734\" data-skip-linkfix=\"1\">Primul deputat PSD care sare \u00een ap\u0103rarea primarului care i-a cerut lui Dragnea s\u0103 plece<\/a><\/strong><\/p>\n<div class=\"entry data-app-meta data-app-meta-article\" data-embed-base-url-canonical=\"https:\/\/www.digi24.ro\/embed\/stiri\/actualitate\/politica\/primul-deputat-psd-care-sare-in-apararea-primarului-care-i-a-cerut-lui-dragnea-sa-plece-952734\"><strong>\u00a0 \u00a0 \u00a0 \u00a0 \u00a0 \u00a0 \u00a0 \u00a0 \u00a0<a href=\"https:\/\/www.digi24.ro\/stiri\/actualitate\/politica\/tariceanu-despre-oug-pe-codurile-penale-trebuie-urmata-calea-parlamentara-952762\" data-skip-linkfix=\"1\">T\u0103riceanu despre OUG pe Codurile penale: Trebuie urmat\u0103 calea parlamentar\u0103<\/a><\/strong><\/p>\n<div class=\"entry data-app-meta data-app-meta-article\" data-embed-base-url-canonical=\"https:\/\/www.digi24.ro\/embed\/stiri\/actualitate\/politica\/tariceanu-despre-oug-pe-codurile-penale-trebuie-urmata-calea-parlamentara-952762\">\u00a0<\/div>\n<\/div>\n<\/div>\n<div class=\"entry data-app-meta data-app-meta-article\" data-embed-base-url-canonical=\"https:\/\/www.digi24.ro\/embed\/stiri\/actualitate\/politica\/primul-deputat-psd-care-sare-in-apararea-primarului-care-i-a-cerut-lui-dragnea-sa-plece-952734\"><strong>\u00a0 \u00a0 \u00a0 \u00a0 \u00a0 \u00a0 \u00a0 \u00a0 \u00a0<a href=\"https:\/\/www.digi24.ro\/stiri\/actualitate\/politica\/tariceanu-despre-oug-pe-codurile-penale-trebuie-urmata-calea-parlamentara-952762\" data-skip-linkfix=\"1\">T\u0103riceanu despre OUG pe Codurile penale: Trebuie urmat\u0103 calea parlamentar\u0103<\/a><\/strong><\/p>\n<div class=\"entry data-app-meta data-app-meta-article\" data-embed-base-url-canonical=\"https:\/\/www.digi24.ro\/embed\/stiri\/actualitate\/politica\/tariceanu-despre-oug-pe-codurile-penale-trebuie-urmata-calea-parlamentara-952762\">\u00a0<\/div>\n<\/div>\n<div class=\"entry data-app-meta data-app-meta-article\" data-embed-base-url-canonical=\"https:\/\/www.digi24.ro\/embed\/stiri\/actualitate\/politica\/tariceanu-despre-oug-pe-codurile-penale-trebuie-urmata-calea-parlamentara-952762\">\u00a0<\/div>\n<p> Source URL: https:\/\/www.digi24.ro\/stiri\/actualitate\/politica\/raspunsul-lui-orban-dupa-conditiile-puse-de-ponta-pentru-sustinerea-motiunii-952754<\/p>\n","protected":false},"excerpt":{"rendered":"<p>Liberalii se declar\u0103, prin vocea pre\u015fedintelui lor, flexibili \u00een ceea ce prive\u015fte numele viitorului premier, \u00een cazul \u00een care mo\u0163iunea de cenzur\u0103 va avea succes, iar Cabinetul D\u0103ncil\u0103 va fi demis.\u00a0 Foto: INQUAM_Octav Ganea &#8220;Eu nu insist s\u0103 fiu premier\u201d, a declarat pre\u015fedintele PNL, Ludovic Orban, pentru Revista 22, ar\u0103t\u00e2nd \u00een continuare c\u0103 &#8220;obiectivul PNL [&hellip;]<\/p>\n","protected":false},"author":1,"featured_media":114474,"comment_status":"open","ping_status":"","sticky":false,"template":"","format":"standard","meta":{"footnotes":""},"categories":[2],"tags":[11],"class_list":["post-114473","post","type-post","status-publish","format-standard","has-post-thumbnail","hentry","category-politics","tag-digi24"],"_links":{"self":[{"href":"https:\/\/analyse.optim.biz\/index.php?rest_route=\/wp\/v2\/posts\/114473","targetHints":{"allow":["GET"]}}],"collection":[{"href":"https:\/\/analyse.optim.biz\/index.php?rest_route=\/wp\/v2\/posts"}],"about":[{"href":"https:\/\/analyse.optim.biz\/index.php?rest_route=\/wp\/v2\/types\/post"}],"author":[{"embeddable":true,"href":"https:\/\/analyse.optim.biz\/index.php?rest_route=\/wp\/v2\/users\/1"}],"replies":[{"embeddable":true,"href":"https:\/\/analyse.optim.biz\/index.php?rest_route=%2Fwp%2Fv2%2Fcomments&post=114473"}],"version-history":[{"count":0,"href":"https:\/\/analyse.optim.biz\/index.php?rest_route=\/wp\/v2\/posts\/114473\/revisions"}],"wp:featuredmedia":[{"embeddable":true,"href":"https:\/\/analyse.optim.biz\/index.php?rest_route=\/wp\/v2\/media\/114474"}],"wp:attachment":[{"href":"https:\/\/analyse.optim.biz\/index.php?rest_route=%2Fwp%2Fv2%2Fmedia&parent=114473"}],"wp:term":[{"taxonomy":"category","embeddable":true,"href":"https:\/\/analyse.optim.biz\/index.php?rest_route=%2Fwp%2Fv2%2Fcategories&post=114473"},{"taxonomy":"post_tag","embeddable":true,"href":"https:\/\/analyse.optim.biz\/index.php?rest_route=%2Fwp%2Fv2%2Ftags&post=114473"}],"curies":[{"name":"wp","href":"https:\/\/api.w.org\/{rel}","templated":true}]}}