{"id":1144708,"date":"2019-02-18T16:58:23","date_gmt":"2019-02-18T13:58:23","guid":{"rendered":"https:\/\/analyse.optim.biz\/?p=1144708"},"modified":"2019-02-18T16:58:23","modified_gmt":"2019-02-18T13:58:23","slug":"marotta-paratici-fuori-luogo-su-icardi-allora-dico-vedremo-cosa-fara-dybala-a-giugno","status":"publish","type":"post","link":"https:\/\/analyse.optim.biz\/?p=1144708","title":{"rendered":"Marotta: \u00abParatici fuori luogo su Icardi, allora dico vedremo cosa far\u00e0 Dybala a giugno\u00bb"},"content":{"rendered":"<article class=\"free-content\">\n<header>\n<h1>Marotta: \u00abParatici fuori luogo su Icardi, allora dico vedremo cosa far\u00e0 Dybala a giugno\u00bb<\/h1>\n<div class=\"breadcrumbs\"><a href=\"https:\/\/www.ilgazzettino.it\/sport\/\" class=\"sezione\" title=\"Sport\">Sport<\/a><br \/>\n     &gt;         <a href=\"https:\/\/www.ilgazzettino.it\/sport\/calciomercato\/\" class=\"sottosezione\" title=\"Calciomercato\">Calciomercato<\/a><\/div>\n<p><span class=\"data_pub\">luned\u00ec 18 febbraio 2019<\/span><\/p>\n<figure class=\"grande\"><img loading=\"lazy\" decoding=\"async\" src=\"https:\/\/analyse.optim.biz\/wp-content\/uploads\/2025\/12\/4308399_1757_calcio_inter_marotta_-1.jpg\" width=\"620\" height=\"340\" alt=\"Marotta: \u00abParatici fuori luogo su Icardi, allora dico vedremo cosa far\u00e0 Dybala a giugno\u00bb\" title=\"Marotta: \u00abParatici fuori luogo su Icardi, allora dico vedremo cosa far\u00e0 Dybala a giugno\u00bb\"><\/figure>\n<\/header>\n<div class=\"row\">\n<div class=\"col-xs-1\">\n<div id=\"share_bar_wrapper\" class=\"top\">\n<div id=\"share_bar\">\n<ul class=\"share-item\">\n<li class=\"facebook\">\n                                                                            12                                                                    <\/li>\n<li class=\"twitter\">\n<li class=\"mail\"><\/ul>\n<\/div>\n<\/div>\n<\/div>\n<div class=\"col-xs-11\">\n<div class=\"body-text\">\n<div id=\"article_content\">\n<p><span><strong>\u00abParatici dice vedremo cosa far\u00e0 Icardi a giugno? Allora io dico vedremo cosa far\u00e0 Dybala a giugno\u00bb. L&#8217;ad dell&#8217;Inter, Beppe Marotta,<\/strong> risponde cos\u00ec alle parole del dirigente bianconero che in mattinata aveva aperto alla possibilit\u00e0 di trattare Icardi a giugno. \u00abCome dico sempre il calcio \u00e8 un p\u00f2 un &#8216;circo barnum&#8217;, ho risposto in modo ironico a un&#8217;affermazione a mio giudizio fuori luogo perch\u00e9 Icardi \u00e8 un nostro tesserato ed \u00e8 giusto che decidiamo noi il suo futuro\u00bb, sottolinea Marotta. \u00abIcardi -prosegue- non \u00e8 sul mercato, non solo perch\u00e9 la scadenza del suo contratto \u00e8 ancora lunga ma soprattutto perch\u00e9 \u00e8 un giocatore di grande valore e rendimento che l&#8217;Inter vuole tenersi stretto. Poi se ci saranno evoluzioni diverse fa parte della sua volont\u00e0, quando un giocatore decide di andare via nessuno lo vuole trattenere. Ma mi pare che non ci siano queste sensazioni e io credo si possa continuare a lungo con lui\u00bb.<\/p>\n<p> Riguardo il possibile rinnovo di Icardi, Marotta conferma che \u00abho preso personalmente un impegno con Wanda Nara quando ci siamo visti per formulare a lei la nostra proposta, che terr\u00e0 conto di tutti i coefficienti relativi al giocatore. <\/span><\/p>\n<p>Sar\u00e0 una proposta mirata e fatta con grande rispetto e responsabilit\u00e0\u00bb. \u00abL&#8217;evoluzione della situazione -precisa- la vedremo pi\u00f9 avanti, parliamo comunque di un giocatore che ha ancora due anni e mezzo di vincolo con l&#8217;Inter ed \u00e8 azzardato parlare di rottura\u00bb.<\/p>\n<aside id=\"correlati\">\n<div class=\"correlati_title\">APPROFONDIMENTI<\/div>\n<div class=\"slider-items-correlati\" data-slidestoshow=\"2\">\n<article class=\"approfondimento\">\n<figure><a href=\"http:\/\/ilgazzettino.it\/sport\/calcio\/juventus_paratici_allegri_icardi_dybala-4308255.html\"><img decoding=\"async\" src=\"https:\/\/analyse.optim.biz\/wp-content\/uploads\/2025\/12\/4308255_1622_sassuolo_vs_juventus.jpg\" title=\"4308255_1622_sassuolo_vs_juventus\"><\/a><\/figure>\n<div class=\"textitem\"><span><a href=\"http:\/\/ilgazzettino.it\/sport\/calcio\/juventus_paratici_allegri_icardi_dybala-4308255.html\">IL FUTURO<\/a><\/span><\/p>\n<h2><a href=\"http:\/\/ilgazzettino.it\/sport\/calcio\/juventus_paratici_allegri_icardi_dybala-4308255.html\">Juventus, Paratici: \u00abAllegri resta. Icardi? Siamo a febbraio,&#8230;<\/a><\/h2>\n<\/div>\n<\/article>\n<article class=\"approfondimento\">\n<figure><a href=\"http:\/\/ilgazzettino.it\/sport\/calcio\/inter_zhang_icardi_ami_alla_juventus-4308318.html\"><img decoding=\"async\" src=\"https:\/\/analyse.optim.biz\/wp-content\/uploads\/2025\/12\/4308318_1702_104522662.jpg\" title=\"4308318_1702_104522662\"><\/a><\/figure>\n<div class=\"textitem\"><span><a href=\"http:\/\/ilgazzettino.it\/sport\/calcio\/inter_zhang_icardi_ami_alla_juventus-4308318.html\">LA POSIZIONE<\/a><\/span><\/p>\n<h2><a href=\"http:\/\/ilgazzettino.it\/sport\/calcio\/inter_zhang_icardi_ami_alla_juventus-4308318.html\">Inter, il presidente Zhang: \u00abIcardi non andr\u00e0 mai alla&#8230;<\/a><\/h2>\n<\/div>\n<\/article>\n<\/div>\n<\/aside>\n<\/div>\n<p><span class=\"last_agg\"> Ultimo aggiornamento:  19:55<\/span><span class=\"copy\"><br \/>\n                                \u00a9 RIPRODUZIONE RISERVATA<br \/>\n                                <\/span><\/div>\n<\/div>\n<\/div>\n<\/article>\n<article class=\"approfondimento\">\n<figure><a href=\"http:\/\/ilgazzettino.it\/sport\/calcio\/juventus_paratici_allegri_icardi_dybala-4308255.html\"><img decoding=\"async\" src=\"https:\/\/analyse.optim.biz\/wp-content\/uploads\/2025\/12\/4308255_1622_sassuolo_vs_juventus.jpg\" title=\"4308255_1622_sassuolo_vs_juventus\"><\/a><\/figure>\n<div class=\"textitem\"><span><a href=\"http:\/\/ilgazzettino.it\/sport\/calcio\/juventus_paratici_allegri_icardi_dybala-4308255.html\">IL FUTURO<\/a><\/span><\/p>\n<h2><a href=\"http:\/\/ilgazzettino.it\/sport\/calcio\/juventus_paratici_allegri_icardi_dybala-4308255.html\">Juventus, Paratici: \u00abAllegri resta. Icardi? Siamo a febbraio,&#8230;<\/a><\/h2>\n<\/div>\n<\/article>\n<article class=\"approfondimento\">\n<figure><a href=\"http:\/\/ilgazzettino.it\/sport\/calcio\/inter_zhang_icardi_ami_alla_juventus-4308318.html\"><img decoding=\"async\" src=\"https:\/\/analyse.optim.biz\/wp-content\/uploads\/2025\/12\/4308318_1702_104522662.jpg\" title=\"4308318_1702_104522662\"><\/a><\/figure>\n<div class=\"textitem\"><span><a href=\"http:\/\/ilgazzettino.it\/sport\/calcio\/inter_zhang_icardi_ami_alla_juventus-4308318.html\">LA POSIZIONE<\/a><\/span><\/p>\n<h2><a href=\"http:\/\/ilgazzettino.it\/sport\/calcio\/inter_zhang_icardi_ami_alla_juventus-4308318.html\">Inter, il presidente Zhang: \u00abIcardi non andr\u00e0 mai alla&#8230;<\/a><\/h2>\n<\/div>\n<\/article>\n<article class=\"col-xs-12 html_base_no_foto\">\n<div class=\"item_content\"><span class=\"testatina sopra\"><a href=\"http:\/\/ilgazzettino.it\/sport\/calcio\/dybala_infortunio_out_un_mese_partite_saltate_quali-9168230.html\">SERIE A<\/a><\/span><\/p>\n<h2><a href=\"http:\/\/ilgazzettino.it\/sport\/calcio\/dybala_infortunio_out_un_mese_partite_saltate_quali-9168230.html\" class=\"ml_primary_link\">Infortunio Dybala, c&#8217;\u00e8 lesione: out circa un mese. Quante partite salter\u00e0? A rischio anche per il Napoli<\/a><\/h2>\n<aside class=\"approfondimenti\"><a href=\"http:\/\/ilgazzettino.it\/sport\/as_roma\/roma_joya_dolori-9166743.html\" class=\"articolo\" title=\"La Roma tra Joya e dolori\">La Roma tra Joya e dolori<\/a><a href=\"http:\/\/ilgazzettino.it\/fotogallery\/sport\/saelemaekers_cosa_c_e_dietro_le_provocazioni_dall_umiliazione_a_wesley_all_esultanza_per_l_errore_di_dybala_e_l_affronto_all_arbitro-9166350.html\" class=\"articolo\" title=\"Foto\">Foto<\/a><\/aside>\n<\/div>\n<\/article>\n<article class=\"col-xs-12 html_base_no_foto\">\n<div class=\"item_content\"><span class=\"testatina sopra\"><a href=\"http:\/\/ilgazzettino.it\/italia\/cronaca_nera\/barella_fistola_sanguinante_morto_cuoco_gianluca_de_luca_pronto_soccorso_fano-9158787.html\">PESARO<\/a><\/span><\/p>\n<h2><a href=\"http:\/\/ilgazzettino.it\/italia\/cronaca_nera\/barella_fistola_sanguinante_morto_cuoco_gianluca_de_luca_pronto_soccorso_fano-9158787.html\" class=\"ml_primary_link\">\u00abChiedeva aiuto in barella, gli dicevano &#8216;basta sceneggiate&#8217;\u00bb, Gianluca De Luca e la fistola sanguinante: come \u00e8 morto al pronto soccorso il cuoco 49enne<\/a><\/h2>\n<aside class=\"approfondimenti\"><a href=\"http:\/\/ilgazzettino.it\/schede\/gianluca_de_luca_morto_fistola_ospedale_denuncia_moglie_marotta-9154430.html\" class=\"articolo\" title=\"Gianluca De Luca muore per una fistola che sanguinava. La moglie: \u00abOre in ospedale senza cure\u00bb\">Gianluca De Luca muore per una fistola che sanguinava. La moglie: \u00abOre in ospedale senza cure\u00bb<\/a><\/aside>\n<\/div>\n<\/article>\n<article class=\"col-xs-12 html_base_no_foto\">\n<div class=\"item_content\"><span class=\"testatina sopra\"><a href=\"http:\/\/ilgazzettino.it\/schede\/gianluca_de_luca_morto_fistola_ospedale_denuncia_moglie_marotta-9154430.html\">PESARO<\/a><\/span><\/p>\n<h2><a href=\"http:\/\/ilgazzettino.it\/schede\/gianluca_de_luca_morto_fistola_ospedale_denuncia_moglie_marotta-9154430.html\" class=\"ml_primary_link\">Muore per una fistola che sanguinava. La denuncia della moglie: \u00abOre al pronto soccorso senza cure\u00bb<\/a><\/h2>\n<aside class=\"approfondimenti\"><a href=\"http:\/\/ilgazzettino.it\/italia\/dj_godzi_ibiza_inchiesta_autopsia-8990979.html\" class=\"articolo\" title=\"Dj italiano morto a Ibiza\">Dj italiano morto a Ibiza<\/a><a href=\"http:\/\/ilgazzettino.it\/italia\/morto_bimbo_caduto_piscina_parco_acquatico_brescia_cosa_e_successo-8913644.html\" class=\"articolo\" title=\"Bimbo caduto in piscina\">Bimbo caduto in piscina<\/a><\/aside>\n<\/div>\n<\/article>\n<article class=\"col-xs-12 html_base_no_foto\">\n<div class=\"item_content\"><span class=\"testatina sopra\"><a href=\"http:\/\/ilgazzettino.it\/video\/sport\/diogo_jota_tributo_dybala_ranieri_massara_roma_liverpool_anfield-9004648.html\">IL LUTTO<\/a><\/span><\/p>\n<h2><a href=\"http:\/\/ilgazzettino.it\/video\/sport\/diogo_jota_tributo_dybala_ranieri_massara_roma_liverpool_anfield-9004648.html\" class=\"ml_primary_link\">Diogo Jota, il commovente tributo di Dybala, Ranieri e Massara a Liverpool, davanti ad Anfield <span>VIDEO<\/span><\/a><\/h2>\n<aside class=\"approfondimenti\"><a href=\"http:\/\/ilgazzettino.it\/sport\/calcio\/diogo_jota_funerali_calciatore_diretta-8939235.html\" class=\"video\" title=\"Diogo Jota, i funerali oggi a Gondomar. Dal dolore di famiglia e compagni alla scelta del Liverpool di pagargli lo stipendio: un giorno di dolore\">Diogo Jota, i funerali oggi a Gondomar. Dal dolore di famiglia e compagni alla scelta del Liverpool di pagargli lo stipendio: un giorno di dolore<\/a><a href=\"http:\/\/ilgazzettino.it\/sport\/calcio\/diogo_jota_morto_macchina_non_poteva_volare_operazione_polmoni_lamborghini-8937272.html\" class=\"video\" title=\"Diogo Jota e il viaggio in auto perch\u00e9 non poteva volare: l'intervento ai polmoni e la corsa in Lamborghini verso il traghetto\">Diogo Jota e il viaggio in auto perch\u00e9 non poteva volare: l&#8217;intervento ai polmoni e la corsa in Lamborghini verso il traghetto<\/a><\/aside>\n<\/div>\n<\/article>\n<article class=\"col-xs-12 html_base_no_foto\">\n<div class=\"item_content\"><span class=\"testatina sopra\"><a href=\"http:\/\/ilgazzettino.it\/sport\/calcio\/calciomercato_milan_juve_napoli-8971195.html\">CALCIOMERCATO<\/a><\/span><\/p>\n<h2><a href=\"http:\/\/ilgazzettino.it\/sport\/calcio\/calciomercato_milan_juve_napoli-8971195.html\" class=\"ml_primary_link\"><span>LIVE <\/span>Calciomercato: l&#8217;agente di Calha rassicura i tifosi, la Juve ci prova per Molina. L&#8217;Atalanta vuole Chiesa. L&#8217;Arsenal chiude per Gyokeres<\/a><\/h2>\n<aside class=\"approfondimenti\"><a href=\"http:\/\/ilgazzettino.it\/sport\/schede\/calciomercato_tabellone_serie_a_acquisti_cessioni_trattative_obiettivi_formazioni_tipo_napoli_inter_juve_roma_lazio_milan-8967621.html\" class=\"liveblog\" title=\"Serie A: tabellone acquisti, cessioni, trattative\">Serie A: tabellone acquisti, cessioni, trattative<\/a><a href=\"http:\/\/ilgazzettino.it\/sport\/calciomercato\/gasperini_roma_mercato_allarme_cosa_ha_detto_amichevole_trastevere_dybala_rinforzi-8966318.html\" class=\"liveblog\" title=\"Gasperini: \u00abSiamo in ritardo con gli acquisti\u00bb\">Gasperini: \u00abSiamo in ritardo con gli acquisti\u00bb<\/a><\/aside>\n<\/div>\n<\/article>\n<article class=\"col-xs-12\">\n<div class>\n<div class=\"image-container\"><a href=\"http:\/\/ilgazzettino.it\/video\/nordest\/pescatore_disperso_barca_rovesciata_bacan-9252990.html\" title=\"Battuta di pesca notturna, 60enne disperso: la sua barca trovata rovesciata sul Bacan. Ricerche in corso VIDEO\"><\/p>\n<figure>\n<div class=\"player_clicker\"><img decoding=\"async\" src=\"https:\/\/analyse.optim.biz\/wp-content\/uploads\/2025\/12\/9252990_18164327_thumbnail_da_fotogramma.jpg\" title=\"Battuta di pesca notturna, 60enne disperso: la sua barca trovata rovesciata sul Bacan. Ricerche in corso VIDEO\" width=\"-16\" height=\"-9\"><\/div>\n<\/figure>\n<p><\/a><\/div>\n<div class=\"embed_video\">\n<div class=\"jw_embed\" data-mediaid=\"Dp0cj0dm\" data-waitevent=\"clickOn_clicker75817\" data-disable_video_float_on_non_adv_content=\"cedjs-dynamic\" data-related='{\"oncomplete\":\"show\"}' data-mute=\"true\" data-adv_always_floating=\"true\"><img data-src=\"https:\/\/utils.cedsdigital.it\/img\/placeholders\/video.svg\" width=\"340\" height=\"180\" alt=\"Video\"><\/div>\n<\/div>\n<h2><a href=\"http:\/\/ilgazzettino.it\/video\/nordest\/pescatore_disperso_barca_rovesciata_bacan-9252990.html\" class=\"ml_primary_link\">Battuta di pesca notturna, 60enne disperso: la sua barca trovata rovesciata sul Bacan. Ricerche in corso <span>VIDEO<\/span><\/a><\/h2>\n<aside class=\"approfondimenti\"><a href=\"http:\/\/ilgazzettino.it\/nordest\/venezia\/pescatore_scomparso_60_anni_trovata_barca_bacan_punta_sabbioni-9252722.html\" class=\"video\" title=\"Va a pescare durante la notte e non rientra a casa: disperso un 60enne. La sua barca trovata capovolta al Bacan\">Va a pescare durante la notte e non rientra a casa: disperso un 60enne. La sua barca trovata capovolta al Bacan<\/a><\/aside>\n<footer class=\"row bottom-xs options\">\n<div class=\"col-xs-12\">\n<div class=\"wrapper-share-social\">\n<ul class=\"first-info\" data-url=\"https:\/\/www.ilgazzettino.it\/video\/nordest\/pescatore_disperso_barca_rovesciata_bacan-9252990.html\" data-title=\"Battuta di pesca notturna, 60enne disperso: la sua barca trovata rovesciata sul Bacan. Ricerche in corso VIDEO\">\n<li class=\"more_share\">\n<ul class=\"share-social actions\" data-url=\"https:\/\/www.ilgazzettino.it\/video\/nordest\/pescatore_disperso_barca_rovesciata_bacan-9252990.html\" data-title=\"Battuta di pesca notturna, 60enne disperso: la sua barca trovata rovesciata sul Bacan. Ricerche in corso VIDEO\">\n<li class=\"share_fb\">\n<li class=\"share_tw\">\n<li class=\"share_mail\">\n<li class=\"share-social-close\"><\/ul>\n<\/li>\n<li class=\"icon msg-twitter\">\n<li class=\"icon msg-facebook\"><\/ul>\n<\/div>\n<\/div>\n<\/footer>\n<\/div>\n<\/article>\n<article class=\"col-xs-12 html_base_right  sport calcio \">\n<div class=\"item_content\">\n<div class=\"row\">\n<div class=\"col-xs-3\">\n<figure><a href=\"http:\/\/ilgazzettino.it\/sport\/calcio\/kvara_psg_75_milioni_muani_juve_salta_okafor_lipsia-8593993.html\" title=\"Kvaratskhelia, dal Psg 75 milioni. S\u00ec di Muani alla Juve. Salta Okafor al Lipsia\"><img decoding=\"async\" src=\"https:\/\/analyse.optim.biz\/wp-content\/uploads\/2025\/12\/8593993_15103015_psg_75_milioni_kvara_muani_juve_salta_okafor_lipsia-19.jpg\" title=\"Kvaratskhelia, dal Psg 75 milioni. S\u00ec di Muani alla Juve. Salta Okafor al Lipsia\"><\/a><\/figure>\n<\/div>\n<div class=\"col-xs-9\">\n<h2><a href=\"http:\/\/ilgazzettino.it\/sport\/calcio\/kvara_psg_75_milioni_muani_juve_salta_okafor_lipsia-8593993.html\" title=\"Kvaratskhelia, dal Psg 75 milioni. S\u00ec di Muani alla Juve. Salta Okafor al Lipsia\">Kvaratskhelia, dal Psg 75 milioni. S\u00ec di Muani alla Juve. Salta Okafor al Lipsia<\/a><\/h2>\n<\/div>\n<\/div>\n<\/div>\n<\/article>\n<article class=\"col-xs-12 html_base_right  sport calcio \">\n<div class=\"item_content\">\n<div class=\"row\">\n<div class=\"col-xs-3\">\n<figure><a href=\"http:\/\/ilgazzettino.it\/sport\/calcio\/milan_conceicao_debutto_san_siro_vincere_campionato_supercoppa-8586171.html\" title=\"Milan, Concei\u00e7ao al debutto a San Siro: \u00abIniziamo a vincere anche in campionato, la Supercoppa non ci ha riempito la pancia\u00bb\"><img decoding=\"async\" src=\"https:\/\/analyse.optim.biz\/wp-content\/uploads\/2025\/12\/8586171_11112502_milan_conceicao_debutto_san_siro_vincere_campionato_supercoppa-19.jpg\" title=\"Milan, Concei\u00e7ao al debutto a San Siro: \u00abIniziamo a vincere anche in campionato, la Supercoppa non ci ha riempito la pancia\u00bb\"><\/a><\/figure>\n<\/div>\n<div class=\"col-xs-9\">\n<h2><a href=\"http:\/\/ilgazzettino.it\/sport\/calcio\/milan_conceicao_debutto_san_siro_vincere_campionato_supercoppa-8586171.html\" title=\"Milan, Concei\u00e7ao al debutto a San Siro: \u00abIniziamo a vincere anche in campionato, la Supercoppa non ci ha riempito la pancia\u00bb\">Milan, Concei\u00e7ao al debutto a San Siro: \u00abIniziamo a vincere anche in campionato, la Supercoppa non ci ha riempito la pancia\u00bb<\/a><\/h2>\n<\/div>\n<\/div>\n<\/div>\n<\/article>\n<article class=\"col-xs-12 html_base_right  sport calcio \">\n<div class=\"item_content\">\n<div class=\"row\">\n<div class=\"col-xs-3\">\n<figure><a href=\"http:\/\/ilgazzettino.it\/sport\/calcio\/kvaratskhelia_psg_napoli_offerta_80_milioni_skriniar-8584143.html\" title=\"Kvaratskhelia, offertona del Psg: 80 milioni compreso Skriniar\"><img decoding=\"async\" src=\"https:\/\/analyse.optim.biz\/wp-content\/uploads\/2025\/12\/8584143_10115655_kvara_psg_napoli_offerta_mercato_skriniar-18.jpg\" title=\"Kvaratskhelia, offertona del Psg: 80 milioni compreso Skriniar\"><\/a><\/figure>\n<\/div>\n<div class=\"col-xs-9\">\n<h2><a href=\"http:\/\/ilgazzettino.it\/sport\/calcio\/kvaratskhelia_psg_napoli_offerta_80_milioni_skriniar-8584143.html\" title=\"Kvaratskhelia, offertona del Psg: 80 milioni compreso Skriniar\">Kvaratskhelia, offertona del Psg: 80 milioni compreso Skriniar<\/a><\/h2>\n<\/div>\n<\/div>\n<\/div>\n<\/article>\n<article class=\"col-xs-12 html_base_right  sport calciomercato \">\n<div class=\"item_content\">\n<div class=\"row\">\n<div class=\"col-xs-3\">\n<figure><a href=\"http:\/\/ilgazzettino.it\/sport\/calciomercato\/sanchez_udinese_ufficiale_ritorno-8292126.html\" title=\"Sanchez all'Udinese, \u00e8 ufficiale il ritorno romantico dell'attaccante cileno. Il club friulano: \u00abEl Ni\u00f1o Maravilla \u00e8 tornato tra noi\u00bb\"><img decoding=\"async\" src=\"https:\/\/analyse.optim.biz\/wp-content\/uploads\/2025\/12\/8292126_10173457_sanchez_udinese_ufficiale_ritorno-18.jpg\" title=\"Sanchez all'Udinese, \u00e8 ufficiale il ritorno romantico dell'attaccante cileno. Il club friulano: \u00abEl Ni\u00f1o Maravilla \u00e8 tornato tra noi\u00bb\"><\/a><\/figure>\n<\/div>\n<div class=\"col-xs-9\">\n<h2><a href=\"http:\/\/ilgazzettino.it\/sport\/calciomercato\/sanchez_udinese_ufficiale_ritorno-8292126.html\" title=\"Sanchez all'Udinese, \u00e8 ufficiale il ritorno romantico dell'attaccante cileno. Il club friulano: \u00abEl Ni\u00f1o Maravilla \u00e8 tornato tra noi\u00bb\">Sanchez all&#8217;Udinese, \u00e8 ufficiale il ritorno romantico dell&#8217;attaccante cileno. Il club friulano: \u00abEl Ni\u00f1o Maravilla \u00e8 tornato tra noi\u00bb<\/a><\/h2>\n<footer class=\"row middle-xs options\">\n<div class=\"col-xs-6\">\n<div class=\"firma\">di Redazione web<\/div>\n<\/div>\n<\/footer>\n<\/div>\n<\/div>\n<\/div>\n<\/article>\n<article class=\"col-xs-12 html_base_right  sport calciomercato \">\n<div class=\"item_content\">\n<div class=\"row\">\n<div class=\"col-xs-3\">\n<figure><a href=\"http:\/\/ilgazzettino.it\/sport\/calciomercato\/atalanta_koopmeiners_gasperini_non_si_vuole_allenare_juventus_accordo_cosa_e_successo-8288430.html\" title=\"Atalanta, \u00e8 caos con Koopmeiners. Gasperini: \u00abNon si vuole allenare, ha un accordo con la Juventus\u00bb\"><img decoding=\"async\" src=\"https:\/\/analyse.optim.biz\/wp-content\/uploads\/2025\/12\/8288430_08151133_onecms_1aj4cyynlz24yxugonz_2_-18.jpg\" title=\"Atalanta, \u00e8 caos con Koopmeiners. Gasperini: \u00abNon si vuole allenare, ha un accordo con la Juventus\u00bb\"><\/a><\/figure>\n<\/div>\n<div class=\"col-xs-9\">\n<h2><a href=\"http:\/\/ilgazzettino.it\/sport\/calciomercato\/atalanta_koopmeiners_gasperini_non_si_vuole_allenare_juventus_accordo_cosa_e_successo-8288430.html\" title=\"Atalanta, \u00e8 caos con Koopmeiners. Gasperini: \u00abNon si vuole allenare, ha un accordo con la Juventus\u00bb\">Atalanta, \u00e8 caos con Koopmeiners. Gasperini: \u00abNon si vuole allenare, ha un accordo con la Juventus\u00bb<\/a><\/h2>\n<footer class=\"row middle-xs options\">\n<div class=\"col-xs-6\">\n<div class=\"firma\">di Salvatore Riggio<\/div>\n<\/div>\n<\/footer>\n<\/div>\n<\/div>\n<\/div>\n<\/article>\n<article class=\"col-xs-12 html_base_bottom  partner news \">\n<div class=\"item_content\">\n<figure><a href=\"https:\/\/www.venicevisitpass.com\/\" title=\"Venice City Pass: i migliori Pass e Tickets di Venezia\"><img decoding=\"async\" src=\"https:\/\/analyse.optim.biz\/wp-content\/uploads\/2025\/12\/8982768_28152834_venice_city_pass-353.jpg\" title=\"Venice City Pass: i migliori Pass e Tickets di Venezia\" width=\"-16\" height=\"-9\"><\/a><\/figure>\n<h2><a href=\"https:\/\/www.venicevisitpass.com\/\" class=\"ml_primary_link\">Venice City Pass: i migliori Pass e Tickets di Venezia<\/a><\/h2>\n<footer class=\"row bottom-xs options\">\n<div class=\"col-xs-12\">\n<div class=\"wrapper-share-social\">\n<ul class=\"first-info\" data-url=\"https:\/\/www.venicevisitpass.com\/\" data-title=\"Venice City Pass: i migliori Pass e Tickets di Venezia\">\n<li class=\"more_share\">\n<ul class=\"share-social actions\" data-url=\"https:\/\/www.venicevisitpass.com\/\" data-title=\"Venice City Pass: i migliori Pass e Tickets di Venezia\">\n<li class=\"share_fb\">\n<li class=\"share_tw\">\n<li class=\"share_mail\">\n<li class=\"share-social-close\"><\/ul>\n<\/li>\n<li class=\"icon msg-twitter\">\n<li class=\"icon msg-facebook\"><\/ul>\n<\/div>\n<\/div>\n<\/footer>\n<\/div>\n<\/article>\n<article class=\"col-xs-12 html_base_right  schede \">\n<div class=\"item_content\">\n<div class=\"row\">\n<div class=\"col-xs-3\">\n<figure><a href=\"http:\/\/ilgazzettino.it\/schede\/neve_pioggia_piste_aperte_dolomiti_fango_disastro_cosa_succede-9251214.html\" title=\"Neve spazzata via dalla pioggia a 2mila metri, piste da sci trasformate in discese di fango: \u00abPer noi, cos\u00ec \u00e8 un disastro\u00bb\"><img decoding=\"async\" src=\"https:\/\/analyse.optim.biz\/wp-content\/uploads\/2025\/12\/9251214_17204210_neve_pioggia_piste_aperte_fango_disastro_cosa_succede-18.jpg\" title=\"Neve spazzata via dalla pioggia a 2mila metri, piste da sci trasformate in discese di fango: \u00abPer noi, cos\u00ec \u00e8 un disastro\u00bb\"><\/a><\/figure>\n<\/div>\n<div class=\"col-xs-9\">\n<h2><a href=\"http:\/\/ilgazzettino.it\/schede\/neve_pioggia_piste_aperte_dolomiti_fango_disastro_cosa_succede-9251214.html\" title=\"Neve spazzata via dalla pioggia a 2mila metri, piste da sci trasformate in discese di fango: \u00abPer noi, cos\u00ec \u00e8 un disastro\u00bb\">Neve spazzata via dalla pioggia a 2mila metri, piste da sci trasformate in discese di fango: \u00abPer noi, cos\u00ec \u00e8 un disastro\u00bb<\/a><\/h2>\n<footer class=\"row middle-xs options\">\n<div class=\"col-xs-6\">\n<div class=\"firma\">di Claudio Fontanive<\/div>\n<\/div>\n<\/footer>\n<\/div>\n<\/div>\n<\/div>\n<\/article>\n<article class=\"col-xs-12 html_base_right  schede \">\n<div class=\"item_content\">\n<div class=\"row\">\n<div class=\"col-xs-3\">\n<figure><a href=\"http:\/\/ilgazzettino.it\/schede\/meteo_natale_pioggia_neve_freddo_previsioni-9251066.html\" title=\"Meteo Natale: pioggia dalla Vigilia, neve a bassa quota e temperature gi\u00f9 con l'anticiclone dalla Scandinavia\"><img decoding=\"async\" src=\"https:\/\/analyse.optim.biz\/wp-content\/uploads\/2025\/12\/9251066_17190025_meteo_natale_pioggia_neve_freddo_previsioni-24.jpg\" title=\"Meteo Natale: pioggia dalla Vigilia, neve a bassa quota e temperature gi\u00f9 con l'anticiclone dalla Scandinavia\"><\/a><\/figure>\n<\/div>\n<div class=\"col-xs-9\">\n<h2><a href=\"http:\/\/ilgazzettino.it\/schede\/meteo_natale_pioggia_neve_freddo_previsioni-9251066.html\" title=\"Meteo Natale: pioggia dalla Vigilia, neve a bassa quota e temperature gi\u00f9 con l'anticiclone dalla Scandinavia\">Meteo Natale: pioggia dalla Vigilia, neve a bassa quota e temperature gi\u00f9 con l&#8217;anticiclone dalla Scandinavia<\/a><\/h2>\n<footer class=\"row middle-xs options\">\n<div class=\"col-xs-6\">\n<div class=\"firma\">di Redazione web<\/div>\n<\/div>\n<\/footer>\n<\/div>\n<\/div>\n<\/div>\n<\/article>\n<article class=\"col-xs-12 html_base_right  schede \">\n<div class=\"item_content\">\n<div class=\"row\">\n<div class=\"col-xs-3\">\n<figure><a href=\"http:\/\/ilgazzettino.it\/schede\/liquidazioni_consiglieri_regione_veneto_5500_euro_anno-9249128.html\" title=\"'Liquidazioni' degli ex consiglieri della Regione Veneto: in 39 si divideranno 1,4 milioni, 5.500 euro netti all'anno\"><img decoding=\"async\" src=\"https:\/\/analyse.optim.biz\/wp-content\/uploads\/2025\/12\/9249128_16210333_regione_veneto_liquidazioni_ex_consiglieri-32.jpg\" title=\"'Liquidazioni' degli ex consiglieri della Regione Veneto: in 39 si divideranno 1,4 milioni, 5.500 euro netti all'anno\"><\/a><\/figure>\n<\/div>\n<div class=\"col-xs-9\">\n<h2><a href=\"http:\/\/ilgazzettino.it\/schede\/liquidazioni_consiglieri_regione_veneto_5500_euro_anno-9249128.html\" title=\"'Liquidazioni' degli ex consiglieri della Regione Veneto: in 39 si divideranno 1,4 milioni, 5.500 euro netti all'anno\">&#8216;Liquidazioni&#8217; degli ex consiglieri della Regione Veneto: in 39 si divideranno 1,4 milioni, 5.500 euro netti all&#8217;anno<\/a><\/h2>\n<footer class=\"row middle-xs options\">\n<div class=\"col-xs-6\">\n<div class=\"firma\">di Angela Pederiva<\/div>\n<\/div>\n<\/footer>\n<\/div>\n<\/div>\n<\/div>\n<\/article>\n<article class=\"col-xs-12 html_base_square\">\n<div class=\"item_content\">\n<div class=\"row\">\n<div class=\"square___content\">\n<figure><a href=\"https:\/\/www.moltofood.it\/spiedini-di-girelle-di-pollo-il-campese-amadori-native-ricetta\/?utm_source=ilgazzettino&amp;utm_medium=strip_moltofood_flexible&amp;utm_campaign=right_articolo\" target=\"_blank\" title=\"Spiedini di girelle di pollo allevato all\u2019aperto \u201cIl Campese\u201d con insalatina di finocchi e melagrana: la ricetta che d\u00e0 colore al tuo Natale\"><img decoding=\"async\" src=\"https:\/\/analyse.optim.biz\/wp-content\/uploads\/2025\/12\/spiedini-di-girelle-di-pollo-amadori-sito-150x150-2-20.png\" title=\"Spiedini di girelle di pollo allevato all\u2019aperto \u201cIl Campese\u201d con insalatina di finocchi e melagrana: la ricetta che d\u00e0 colore al tuo Natale\"><\/a><\/figure>\n<\/div>\n<div class=\"col-xs valign__content\">\n<div class=\"valign\"><span class=\"testatina testatina-articolo\"><a href=\"https:\/\/www.moltofood.it\/spiedini-di-girelle-di-pollo-il-campese-amadori-native-ricetta\/?utm_source=ilgazzettino&amp;utm_medium=strip_moltofood_flexible&amp;utm_campaign=right_articolo\"><br \/>\n                                                Secondi                                                <\/a><\/span><\/p>\n<h2 class=\"titolo\"><a href=\"https:\/\/www.moltofood.it\/spiedini-di-girelle-di-pollo-il-campese-amadori-native-ricetta\/?utm_source=ilgazzettino&amp;utm_medium=strip_moltofood_flexible&amp;utm_campaign=right_articolo\" title=\"Spiedini di girelle di pollo allevato all\u2019aperto \u201cIl Campese\u201d con insalatina di finocchi e melagrana: la ricetta che d\u00e0 colore al tuo Natale\" target=\"_blank\">Spiedini di girelle di pollo allevato all\u2019aperto \u201cIl Campese\u201d con insalatina di finocchi e melagrana: la ricetta che d\u00e0 colore al tuo Natale<\/a><\/h2>\n<p><span class=\"firma\">di Virginia Fabbri<\/span><\/p>\n<div class=\"sponsor firma\"><a href=\"https:\/\/www.moltofood.it\/spiedini-di-girelle-di-pollo-il-campese-amadori-native-ricetta\/?utm_source=ilgazzettino&amp;utm_medium=strip_moltofood_flexible&amp;utm_campaign=right_articolo\"><span class=\"sponsor-etichetta\">In collaborazione con<\/span><span class=\"sponsor-nome\">Amadori<\/span><\/a><\/div>\n<\/div>\n<\/div>\n<\/div>\n<\/div>\n<\/article>\n<article class=\"col-xs-12 html_base_square\">\n<div class=\"item_content\">\n<div class=\"row\">\n<div class=\"square___content\">\n<figure><a href=\"https:\/\/www.moltofood.it\/giovane-pizzaiolo-2025-sori\/?utm_source=ilgazzettino&amp;utm_medium=strip_moltofood_flexible&amp;utm_campaign=right_articolo\" target=\"_blank\" title=\"Giovane Pizzaiolo dell\u2019Anno 2025: l\u2019intelligenza artigianale firmata Sor\u00ec al fianco dei talenti under 30\"><img decoding=\"async\" src=\"https:\/\/analyse.optim.biz\/wp-content\/uploads\/2025\/12\/giovane-pizzaiolo-2025-sori-150x150-3-215.jpg\" title=\"Giovane Pizzaiolo dell\u2019Anno 2025: l\u2019intelligenza artigianale firmata Sor\u00ec al fianco dei talenti under 30\"><\/a><\/figure>\n<\/div>\n<div class=\"col-xs valign__content\">\n<div class=\"valign\">\n<h2 class=\"titolo\"><a href=\"https:\/\/www.moltofood.it\/giovane-pizzaiolo-2025-sori\/?utm_source=ilgazzettino&amp;utm_medium=strip_moltofood_flexible&amp;utm_campaign=right_articolo\" title=\"Giovane Pizzaiolo dell\u2019Anno 2025: l\u2019intelligenza artigianale firmata Sor\u00ec al fianco dei talenti under 30\" target=\"_blank\">Giovane Pizzaiolo dell\u2019Anno 2025: l\u2019intelligenza artigianale firmata Sor\u00ec al fianco dei talenti under 30<\/a><\/h2>\n<p><span class=\"firma\">di Redazione<\/span><\/p>\n<div class=\"sponsor firma\"><a href=\"https:\/\/www.moltofood.it\/giovane-pizzaiolo-2025-sori\/?utm_source=ilgazzettino&amp;utm_medium=strip_moltofood_flexible&amp;utm_campaign=right_articolo\"><span class=\"sponsor-etichetta\">In collaborazione con<\/span><span class=\"sponsor-nome\">Sor\u00ec Italia<\/span><\/a><\/div>\n<\/div>\n<\/div>\n<\/div>\n<\/div>\n<\/article>\n<p> Source URL: http:\/\/ilgazzettino.it\/sport\/calciomercato\/marotta_dybala_vedremo_cosa_fara_a_giugno-4308428.html<\/p>\n","protected":false},"excerpt":{"rendered":"<p>Marotta: \u00abParatici fuori luogo su Icardi, allora dico vedremo cosa far\u00e0 Dybala a giugno\u00bb Sport &gt; Calciomercato luned\u00ec 18 febbraio 2019 12 \u00abParatici dice vedremo cosa far\u00e0 Icardi a giugno? Allora io dico vedremo cosa far\u00e0 Dybala a giugno\u00bb. L&#8217;ad dell&#8217;Inter, Beppe Marotta, risponde cos\u00ec alle parole del dirigente bianconero che in mattinata aveva aperto [&hellip;]<\/p>\n","protected":false},"author":1,"featured_media":1144709,"comment_status":"open","ping_status":"","sticky":false,"template":"","format":"standard","meta":{"footnotes":""},"categories":[87],"tags":[139],"class_list":["post-1144708","post","type-post","status-publish","format-standard","has-post-thumbnail","hentry","category-italy","tag-ilgazzettino-it"],"_links":{"self":[{"href":"https:\/\/analyse.optim.biz\/index.php?rest_route=\/wp\/v2\/posts\/1144708","targetHints":{"allow":["GET"]}}],"collection":[{"href":"https:\/\/analyse.optim.biz\/index.php?rest_route=\/wp\/v2\/posts"}],"about":[{"href":"https:\/\/analyse.optim.biz\/index.php?rest_route=\/wp\/v2\/types\/post"}],"author":[{"embeddable":true,"href":"https:\/\/analyse.optim.biz\/index.php?rest_route=\/wp\/v2\/users\/1"}],"replies":[{"embeddable":true,"href":"https:\/\/analyse.optim.biz\/index.php?rest_route=%2Fwp%2Fv2%2Fcomments&post=1144708"}],"version-history":[{"count":0,"href":"https:\/\/analyse.optim.biz\/index.php?rest_route=\/wp\/v2\/posts\/1144708\/revisions"}],"wp:featuredmedia":[{"embeddable":true,"href":"https:\/\/analyse.optim.biz\/index.php?rest_route=\/wp\/v2\/media\/1144709"}],"wp:attachment":[{"href":"https:\/\/analyse.optim.biz\/index.php?rest_route=%2Fwp%2Fv2%2Fmedia&parent=1144708"}],"wp:term":[{"taxonomy":"category","embeddable":true,"href":"https:\/\/analyse.optim.biz\/index.php?rest_route=%2Fwp%2Fv2%2Fcategories&post=1144708"},{"taxonomy":"post_tag","embeddable":true,"href":"https:\/\/analyse.optim.biz\/index.php?rest_route=%2Fwp%2Fv2%2Ftags&post=1144708"}],"curies":[{"name":"wp","href":"https:\/\/api.w.org\/{rel}","templated":true}]}}