{"id":114470,"date":"2018-06-25T12:59:05","date_gmt":"2018-06-25T09:59:05","guid":{"rendered":"https:\/\/analyse.optim.biz\/?p=114470"},"modified":"2018-06-25T12:59:05","modified_gmt":"2018-06-25T09:59:05","slug":"tariceanu-despre-oug-pe-codurile-penale-trebuie-urmata-calea-parlamentara","status":"publish","type":"post","link":"https:\/\/analyse.optim.biz\/?p=114470","title":{"rendered":"T\u0103riceanu despre OUG pe Codurile penale: Trebuie urmat\u0103 calea parlamentar\u0103"},"content":{"rendered":"<div class=\"entry data-app-meta data-app-meta-article\" data-embed-base-url-canonical=\"https:\/\/www.digi24.ro\/embed\/stiri\/actualitate\/politica\/tariceanu-despre-oug-pe-codurile-penale-trebuie-urmata-calea-parlamentara-952762\">\n<p data-index=\"1\"><strong>Liderul ALDE, C\u0103lin Popescu T\u0103riceanu, a declarat, dup\u0103 \u00eent\u00e2lnirea cu pre\u0219edintele PSD, Liviu Dragnea, \u0219i cu premierul Viorica D\u0103ncil\u0103, c\u0103 nu s-ar fi discutat despre posibilitatea modific\u0103rii Codurilor penale prin ordonan\u021b\u0103 de urgen\u021b\u0103 \u0219i c\u0103 se va merge \u201eexclusiv\u201d pe calea dezbaterii parlamentare.<\/strong><\/p>\n<figure class=\"article-thumb\"><img decoding=\"async\" src=\"https:\/\/analyse.optim.biz\/wp-content\/uploads\/2024\/09\/ptemagfzad0xywvjmdyxnjrmnwmwzwjhnwnkzdc2mzm2mmq0mda4nq-thumb_-1.jpg\" alt=\"180327_tariceanu_CENTENAR_12_INQUAM_Photos_Octav_Ganea_\" data-skip-htmlfix=\"1\" title=\"ptemagfzad0xywvjmdyxnjrmnwmwzwjhnwnkzdc2mzm2mmq0mda4nq-thumb_-1\"><figcaption> Surs\u0103 foto: INQUAM PHOTOS \/ Octav Ganea <\/figcaption><\/figure>\n<p data-index=\"2\">\u201eNu am discutat despre niciun fel de ordonan\u0163\u0103 de modificare a Codurilor penale. <strong>V\u0103 rog s\u0103 scoate\u0163i din discu\u0163ie acest subiect, v\u0103 spun oficial: vom merge exclusiv pe calea parlamentare<\/strong>\u201d, a declarat C\u0103lin Popescu T\u0103riceanu.<\/p>\n<p data-index=\"3\"><strong>Liderul ALDE a exclus \u0219i varianta modific\u0103rii Codului penal \u0219i Codului de procedur\u0103 penal\u0103 prin procedura angaj\u0103rii r\u0103spunderii Guvernului D\u0103ncil\u0103<\/strong>. \u201eNu a venit nimeni cu o asemenea propunere\u201d, a afirmat T\u0103riceanu.<\/p>\n<p data-index=\"4\">El a mai precizat c\u0103, \u201ef\u0103r\u0103 \u00eendoial\u0103\u201d, va avea loc o sesiune parlamentar\u0103 extraordinar\u0103, pentru a putea fi \u00eencheiate priorit\u0103\u0163ile legislative.<\/p>\n<p data-index=\"5\">\u201eAm discutat despre necesitatea ca domnul ministru al Justi\u021biei, Tudorel Toader, s\u0103 elaboreze un document pe care apoi Ministerul de Externe \u0219i Ministerul pentru Afaceri Europene s\u0103-l comunice partenerilor no\u0219tri. Acest document, evident, s\u0103 vizeze un rezumat, o prezentare \u00een rezumat, a modific\u0103rilor pe care urmeaz\u0103 s\u0103 le adopt\u0103m pe Codul de procedur\u0103 penal\u0103 \u0219i Codul penal. Cred c\u0103 este nevoie de o informare corect\u0103, obiectiv\u0103, a ceea ce se urm\u0103re\u0219te \u00een Parlament\u201d, a mai spus T\u0103riceanu.<\/p>\n<p data-index=\"6\">Liderul ALDE a sus\u021binut \u0219i c\u0103 a v\u0103zut o serie de \u201e\u0219tiri false\u201d cu privire la \u201ea\u0219a-zise modific\u0103ri care ar urma s\u0103 se fac\u0103\u201d la Codurile penale. Totu\u0219i, primul care a vorbit despre posibilitatea amend\u0103rii Codurilor penale prin OUG sau prin angajarea r\u0103spunderii Guvernului a fost pre\u0219edintele PSD Vaslui, Dumitru Buzatu. <a href=\"https:\/\/www.digi24.ro\/stiri\/actualitate\/justitie\/exclusiv-primul-lider-psd-care-vorbeste-deschis-despre-adoptarea-codurilor-penale-prin-oug-952059\" data-skip-linkfix=\"1\">\u201eSe vor examina toate posibilit\u0103\u0163ile acestea, este vorba de Ordonan\u0163\u0103 de Urgen\u0163\u0103, de asumarea r\u0103spunderii\u201d, declara Buzatu, \u00een exlcusivitate pentru Digi24<\/a>.<\/p>\n<p data-index=\"7\"><strong>\u00cempotriva modific\u0103rii Codurilor penale prin OUG sau prin asumarea r\u0103spunderii s-a pronun\u021bat \u0219i UDMR<\/strong>. <a href=\"https:\/\/www.digi24.ro\/stiri\/actualitate\/politica\/udmr-nu-sustine-modificarea-codurilor-penale-prin-ordonanta-de-urgenta-952791\" data-skip-linkfix=\"1\">Senatorul Cseke Attila a declarat, luni, c\u0103 astfel de proiecte legislative importante, precum cele prin care se amendeaz\u0103 Codul penal \u0219i Codul de procedur\u0103 penal\u0103, trebuie s\u0103 treac\u0103 prin Parlament.<\/a><\/p>\n<p data-index=\"8\">Ministrul Justi\u0163iei, Tudorel Toader, a sus\u0163inut, luni, \u00eentrebat despre o posibil\u0103 Ordonan\u0163\u0103 de Urgen\u0163\u0103 a Guvernului pentru modificarea Codurilor penale, c\u0103 nu \u015ftie nimic pentru c\u0103 a fost plecat din Bucure\u015fti c\u00e2teva zile. \u201eNu a f\u0103cut nimeni cu mine o astfel de dezbatere. Dac\u0103 voi fi solicitat, atunci voi r\u0103spunde\u201d, a spus Toader.<\/p>\n<p data-index=\"9\">Vineri sear\u0103, \u00een prima reac\u0163ie dup\u0103 condamnarea sa la trei ani \u015fi jum\u0103tate de \u00eenchisoare, Liviu Dragnea a sus\u021binut c\u0103 ceea ce s-a \u00eent\u00e2mplat la instan\u0163a suprem\u0103 a fost \u201eo execu\u0163ie \u00een mas\u0103\u201d. \u201eA trebuit s\u0103 fie condamna\u0163i nou\u0103 oameni ca s\u0103 se justifice \u015fi condamnarea mea\u201d, a afirmat Dragnea.<\/p>\n<p data-index=\"10\">De asemenea, Dragnea a anun\u0163at c\u0103 r\u0103m\u00e2ne \u00een fruntea PSD, a Camerei Deputa\u0163ilor \u015fi a coali\u0163iei de guvernare \u015fi c\u0103 va merge \u201ep\u00e2n\u0103 la cap\u0103t\u201d, c\u0103 social-democra\u0163ii au gre\u015fit c\u0103 au avut o atitudine procedural corect\u0103 \u00een Parlament, iar de acum vor fi \u201emult mai fermi \u015fi mai radical\u0103\u201d cu ceea ce vor s\u0103 fac\u0103. Liviu Dragnea le-a cerut scuze \u201emiilor de rom\u00e2ni care stau \u00een pu\u015fc\u0103rie pe un articol neconstitu\u0163ional\u201d.<\/p>\n<p data-index=\"11\">\u201e\u00cemi cer iertare acum \u00een fa\u0163a dumneavoastr\u0103 \u015fi \u00een fa\u0163a celor care ne privesc miilor de rom\u00e2ni care unii stau \u00een pu\u015fc\u0103rie pe un articol neconstitu\u0163ional, al\u0163ii sunt t\u00e2r\u00e2\u0163i \u00een tribunale pe baza aceluia\u015fi articol sovietic \u015fi al\u0163ii sunt t\u00e2r\u00e2\u0163i pe la DNA \u015fi mai sunt \u015fi alte mii sau zeci de mii care nici m\u0103car nu \u015ftiu c\u0103 au dosar. \u00cemi cer iertare pentru c\u0103 s-a lungit at\u00e2t de mult elaborarea Codului Penal. Probabil c\u0103 n-o s\u0103 m\u0103 ierte. Maniera pe care noi am avut-o, pe care eu am avut-o de a avea o abordare procedural corect\u0103 \u00een Parlament s-a dovedit c\u0103 a fost una gre\u015fit\u0103, pentru c\u0103 \u00een Parlament nu se poate vorbi de adoptarea \u00een procedur\u0103 normal\u0103, dezbateri, adoptare \u015fi promulgare. Orice lege (&#8230;), toate sunt atacate, toate sunt retrimise. (&#8230;) Decizia mea este foarte ferm\u0103. R\u0103m\u00e2n la conducerea PSD pentru a duce toate aceste lucruri la cap\u0103t, \u015fi le voi duce. R\u0103m\u00e2n \u015fi \u00een conducerea majorit\u0103\u0163ii parlamentare \u00eempreun\u0103 cu domnul pre\u015fedinte C\u0103lin Popescu T\u0103riceanu. Nu va trece mo\u0163iunea de cenzur\u0103, \u00een schimb \u015fi eu, \u015fi colegii mei am decis ast\u0103zi s\u0103 fim mult mai fermi \u015fi mult mai radicali cu tot ceea ce trebuie s\u0103 facem. Nu m\u0103 sperie nici Iohannis, nici Hellvig, nici Pahon\u0163i, nici Kovesi, nici B\u0103sescu, nici Ponta, nici Oprea, nici al\u0163ii. Obiectivele la care m-am angajat \u015fi pentru care mi-am asumat responsabilitatea r\u0103m\u00e2n acelea\u015fi \u015fi \u00eempreun\u0103 cu colegii mei le vom duce la cap\u0103t\u201d, a avertizat Liviu Dragnea.<\/p>\n<\/div>\n<p> Source URL: https:\/\/www.digi24.ro\/stiri\/actualitate\/politica\/tariceanu-despre-oug-pe-codurile-penale-trebuie-urmata-calea-parlamentara-952762<\/p>\n","protected":false},"excerpt":{"rendered":"<p>Liderul ALDE, C\u0103lin Popescu T\u0103riceanu, a declarat, dup\u0103 \u00eent\u00e2lnirea cu pre\u0219edintele PSD, Liviu Dragnea, \u0219i cu premierul Viorica D\u0103ncil\u0103, c\u0103 nu s-ar fi discutat despre posibilitatea modific\u0103rii Codurilor penale prin ordonan\u021b\u0103 de urgen\u021b\u0103 \u0219i c\u0103 se va merge \u201eexclusiv\u201d pe calea dezbaterii parlamentare. Surs\u0103 foto: INQUAM PHOTOS \/ Octav Ganea \u201eNu am discutat despre niciun [&hellip;]<\/p>\n","protected":false},"author":1,"featured_media":114471,"comment_status":"open","ping_status":"","sticky":false,"template":"","format":"standard","meta":{"footnotes":""},"categories":[2],"tags":[11],"class_list":["post-114470","post","type-post","status-publish","format-standard","has-post-thumbnail","hentry","category-politics","tag-digi24"],"_links":{"self":[{"href":"https:\/\/analyse.optim.biz\/index.php?rest_route=\/wp\/v2\/posts\/114470","targetHints":{"allow":["GET"]}}],"collection":[{"href":"https:\/\/analyse.optim.biz\/index.php?rest_route=\/wp\/v2\/posts"}],"about":[{"href":"https:\/\/analyse.optim.biz\/index.php?rest_route=\/wp\/v2\/types\/post"}],"author":[{"embeddable":true,"href":"https:\/\/analyse.optim.biz\/index.php?rest_route=\/wp\/v2\/users\/1"}],"replies":[{"embeddable":true,"href":"https:\/\/analyse.optim.biz\/index.php?rest_route=%2Fwp%2Fv2%2Fcomments&post=114470"}],"version-history":[{"count":0,"href":"https:\/\/analyse.optim.biz\/index.php?rest_route=\/wp\/v2\/posts\/114470\/revisions"}],"wp:featuredmedia":[{"embeddable":true,"href":"https:\/\/analyse.optim.biz\/index.php?rest_route=\/wp\/v2\/media\/114471"}],"wp:attachment":[{"href":"https:\/\/analyse.optim.biz\/index.php?rest_route=%2Fwp%2Fv2%2Fmedia&parent=114470"}],"wp:term":[{"taxonomy":"category","embeddable":true,"href":"https:\/\/analyse.optim.biz\/index.php?rest_route=%2Fwp%2Fv2%2Fcategories&post=114470"},{"taxonomy":"post_tag","embeddable":true,"href":"https:\/\/analyse.optim.biz\/index.php?rest_route=%2Fwp%2Fv2%2Ftags&post=114470"}],"curies":[{"name":"wp","href":"https:\/\/api.w.org\/{rel}","templated":true}]}}