{"id":1143207,"date":"2014-06-05T12:23:57","date_gmt":"2014-06-05T09:23:57","guid":{"rendered":"https:\/\/analyse.optim.biz\/?p=1143207"},"modified":"2014-06-05T12:23:57","modified_gmt":"2014-06-05T09:23:57","slug":"minor-accidentat-de-un-tractor-suceavalive","status":"publish","type":"post","link":"https:\/\/analyse.optim.biz\/?p=1143207","title":{"rendered":"Minor accidentat de un tractor &#8211; SuceavaLIVE"},"content":{"rendered":"<article id=\"post-39245\" class=\"clearfix post-39245 post type-post status-publish format-standard has-post-thumbnail hentry category-comunicate tag-accident tag-coliziune tag-depasire tag-etilotest tag-minor tag-moped tag-pagube-materiale tag-permis tag-politie tag-suceava tag-suceavalive tag-tractor tag-vatamare-corporala tag-victime\">\n<header id=\"cb-standard-featured\">\n<div id=\"cb-fis-wrap\" class=\"cb-entry-header cb-fis cb-style-standard\"><span class=\"cb-title-fi\"><\/p>\n<h1 class=\"entry-title cb-entry-title cb-single-title\">Minor accidentat de un tractor<\/h1>\n<div class=\"cb-byline cb-font-header\">\n<div class=\"cb-date cb-byline-element\"><time datetime=\"2014-06-05\">5 iunie 2014<\/time><\/div>\n<\/div>\n<p><\/span><\/div>\n<div class=\"cb-mask\"><img decoding=\"async\" width=\"259\" height=\"194\" src=\"https:\/\/analyse.optim.biz\/wp-content\/uploads\/2025\/12\/tractor-3.jpg\" class=\"attachment-cb-full-full size-cb-full-full wp-post-image\" loading=\"lazy\" title=\"tractor-3\"><\/div>\n<\/header>\n<p>La 04 iunie, ora 19.00, Postul de poli\u021bie Dumbr\u0103veni a fost sesizat despre faptul c\u0103 pe un drum comunal neclasificat din localitate, a avut loc un accident de circula\u0163ie soldat cu victime \u015fi pagube materiale.<\/p>\n<section class=\"cb-entry-content entry-content clearfix\">\n<p>Din cercet\u0103ri, poli\u021bi\u0219tii au stabilit faptul c\u0103 \u00een jurul orei 18.40, un localnic de 49 ani, \u00een timp ce conducea un tractor pe un drum neclasificat, nu s-a asigurat la dep\u0103\u015firea unui autoturism care era oprit pe partea dreapt\u0103 \u015fi a intrat \u00een coliziune frontal\u0103 cu mopedul ne\u00eenregistrat condus din sensul opus de un minor de 16 ani din localitate.<\/p>\n<p>\u00cen urma impactului a rezultat v\u0103t\u0103marea corporal\u0103 u\u015foar\u0103 a minorului, care nu posed\u0103 permis de conducere.<\/p>\n<p>At\u00e2t conduc\u0103torul tractorului, c\u00e2t \u015fi conduc\u0103torul mopedului au fost testa\u0163i cu aparatul etilotest, rezultatul fiind negativ.<\/p>\n<\/section>\n<footer class=\"article-footer\">\n<p class=\"cb-tags\"><a href=\"https:\/\/suceavalive.ro\/tag\/accident\/\" rel=\"tag\">accident<\/a><a href=\"https:\/\/suceavalive.ro\/tag\/coliziune\/\" rel=\"tag\">coliziune<\/a><a href=\"https:\/\/suceavalive.ro\/tag\/depasire\/\" rel=\"tag\">depasire<\/a><a href=\"https:\/\/suceavalive.ro\/tag\/etilotest\/\" rel=\"tag\">etilotest<\/a><a href=\"https:\/\/suceavalive.ro\/tag\/minor\/\" rel=\"tag\">minor<\/a><a href=\"https:\/\/suceavalive.ro\/tag\/moped\/\" rel=\"tag\">moped<\/a><a href=\"https:\/\/suceavalive.ro\/tag\/pagube-materiale\/\" rel=\"tag\">pagube materiale<\/a><a href=\"https:\/\/suceavalive.ro\/tag\/permis\/\" rel=\"tag\">permis<\/a><a href=\"https:\/\/suceavalive.ro\/tag\/politie\/\" rel=\"tag\">politie<\/a><a href=\"https:\/\/suceavalive.ro\/tag\/suceava\/\" rel=\"tag\">Suceava<\/a><a href=\"https:\/\/suceavalive.ro\/tag\/suceavalive\/\" rel=\"tag\">suceavalive<\/a><a href=\"https:\/\/suceavalive.ro\/tag\/tractor\/\" rel=\"tag\">tractor<\/a><a href=\"https:\/\/suceavalive.ro\/tag\/vatamare-corporala\/\" rel=\"tag\">vatamare corporala<\/a><a href=\"https:\/\/suceavalive.ro\/tag\/victime\/\" rel=\"tag\">victime<\/a><\/p>\n<div class=\"cb-social-sharing cb-post-footer-block cb-beside clearfix\">\n<div class=\"cb-title-subtle\">Share On:<\/div>\n<div class=\"cb-twitter\"><a href=\"https:\/\/twitter.com\/share\" class=\"twitter-share-button\" data-dnt=\"true\" data-count=\"horizontal\">Tweet<\/a><\/div>\n<\/div>\n<div id=\"cb-previous-next-links\" class=\"cb-post-footer-block clearfix\">\n<div id=\"cb-previous-link\"><a href=\"https:\/\/suceavalive.ro\/prins-baut-la-volan\/\" rel=\"prev\">Prins b\u0103ut la volan<\/a><\/div>\n<div id=\"cb-next-link\"><a href=\"https:\/\/suceavalive.ro\/liviu-dragnea-de-vorba-cu-primarii-suceveni\/\" rel=\"next\">Liviu Dragnea, de vorb\u0103 cu primarii suceveni<\/a><\/div>\n<\/div>\n<div id=\"cb-author-box\" class=\"clearfix\">\n<h3 class=\"cb-block-title\">Despre autor<\/h3>\n<div class=\"cb-mask\"><a href=\"https:\/\/suceavalive.ro\/author\/luiza-loghin\/\"><img decoding=\"async\" src=\"https:\/\/analyse.optim.biz\/wp-content\/uploads\/2025\/12\/21ec5a38ee016d23a9c9d50ce3b4e9e7ef5b09765e70997405f8f9e4b1856ee7-7.jpg\" class=\"avatar avatar-120 photo\" height=\"120\" width=\"120\" loading=\"lazy\" title=\"21ec5a38ee016d23a9c9d50ce3b4e9e7ef5b09765e70997405f8f9e4b1856ee7-7\"><\/a><\/div>\n<div class=\"cb-meta\">\n<div class=\"cb-info\">\n<div class=\"cb-author-title vcard\"><a href=\"https:\/\/suceavalive.ro\/author\/luiza-loghin\/\"><span class=\"fn\">Luiza Loghin<\/span><\/a><\/div>\n<\/div>\n<\/div>\n<\/div>\n<div id=\"cb-related-posts\" class=\"cb-related-posts-block cb-post-end-block clearfix\">\n<h3 class=\"cb-block-title\">Postari asemanatoare<\/h3>\n<ul>\n<li class=\"cb-style-overlay cb-grid-entry cb-related-post no-1\">\n<div class=\"cb-mask\"><a href=\"https:\/\/suceavalive.ro\/calendarul-zilei-de-18-decembrie-2\/\"><img decoding=\"async\" width=\"360\" height=\"240\" src=\"https:\/\/analyse.optim.biz\/wp-content\/uploads\/2025\/12\/stefan-banica-360x240-9.jpg\" class=\"attachment-cb-360-240 size-cb-360-240 wp-post-image\" loading=\"lazy\" title=\"stefan-banica-360x240-9\"><\/a><\/div>\n<div class=\"cb-meta cb-article-meta\">\n<h4 class=\"h3 cb-post-title\"><a href=\"https:\/\/suceavalive.ro\/calendarul-zilei-de-18-decembrie-2\/\">Calendarul zilei de 18 decembrie<\/a><\/h4>\n<div class=\"cb-byline cb-font-header\">\n<div class=\"cb-date cb-byline-element\"><time datetime=\"2025-12-18\">18 decembrie 2025<\/time><\/div>\n<\/div>\n<\/div>\n<\/li>\n<li class=\"cb-style-overlay cb-grid-entry cb-related-post no-2\">\n<div class=\"cb-mask\"><a href=\"https:\/\/suceavalive.ro\/calendarul-zilei-de-17-decembrie\/\"><img decoding=\"async\" width=\"360\" height=\"240\" src=\"https:\/\/analyse.optim.biz\/wp-content\/uploads\/2025\/12\/regina-elisabeta-a-romaniei-360x240-25.jpg\" class=\"attachment-cb-360-240 size-cb-360-240 wp-post-image\" loading=\"lazy\" title=\"regina-elisabeta-a-romaniei-360x240-25\"><\/a><\/div>\n<div class=\"cb-meta cb-article-meta\">\n<h4 class=\"h3 cb-post-title\"><a href=\"https:\/\/suceavalive.ro\/calendarul-zilei-de-17-decembrie\/\">Calendarul zilei de 17 decembrie<\/a><\/h4>\n<div class=\"cb-byline cb-font-header\">\n<div class=\"cb-date cb-byline-element\"><time datetime=\"2025-12-17\">17 decembrie 2025<\/time><\/div>\n<\/div>\n<\/div>\n<\/li>\n<\/ul>\n<\/div>\n<\/footer>\n<div id=\"respond\" class=\"comment-respond\">\n<h3 id=\"reply-title\" class=\"comment-reply-title\">Lasa un raspuns <small><a rel=\"nofollow\" id=\"cancel-comment-reply-link\" href=\"https:\/\/suceavalive.ro\/minor-accidentat-de-un-tractor\/#respond\">Anuleaza raspunsul<\/a><\/small><\/h3>\n<p class=\"comment-notes\">Adresa ta de email nu va fi publicat\u0103.<\/p>\n<\/div>\n<\/article>\n<p> Source URL: https:\/\/suceavalive.ro\/minor-accidentat-de-un-tractor\/<\/p>\n","protected":false},"excerpt":{"rendered":"<p>Minor accidentat de un tractor 5 iunie 2014 La 04 iunie, ora 19.00, Postul de poli\u021bie Dumbr\u0103veni a fost sesizat despre faptul c\u0103 pe un drum comunal neclasificat din localitate, a avut loc un accident de circula\u0163ie soldat cu victime \u015fi pagube materiale. Din cercet\u0103ri, poli\u021bi\u0219tii au stabilit faptul c\u0103 \u00een jurul orei 18.40, un [&hellip;]<\/p>\n","protected":false},"author":1,"featured_media":1143208,"comment_status":"open","ping_status":"","sticky":false,"template":"","format":"standard","meta":{"footnotes":""},"categories":[89],"tags":[173],"class_list":["post-1143207","post","type-post","status-publish","format-standard","has-post-thumbnail","hentry","category-romania","tag-suceavalive-ro"],"_links":{"self":[{"href":"https:\/\/analyse.optim.biz\/index.php?rest_route=\/wp\/v2\/posts\/1143207","targetHints":{"allow":["GET"]}}],"collection":[{"href":"https:\/\/analyse.optim.biz\/index.php?rest_route=\/wp\/v2\/posts"}],"about":[{"href":"https:\/\/analyse.optim.biz\/index.php?rest_route=\/wp\/v2\/types\/post"}],"author":[{"embeddable":true,"href":"https:\/\/analyse.optim.biz\/index.php?rest_route=\/wp\/v2\/users\/1"}],"replies":[{"embeddable":true,"href":"https:\/\/analyse.optim.biz\/index.php?rest_route=%2Fwp%2Fv2%2Fcomments&post=1143207"}],"version-history":[{"count":0,"href":"https:\/\/analyse.optim.biz\/index.php?rest_route=\/wp\/v2\/posts\/1143207\/revisions"}],"wp:featuredmedia":[{"embeddable":true,"href":"https:\/\/analyse.optim.biz\/index.php?rest_route=\/wp\/v2\/media\/1143208"}],"wp:attachment":[{"href":"https:\/\/analyse.optim.biz\/index.php?rest_route=%2Fwp%2Fv2%2Fmedia&parent=1143207"}],"wp:term":[{"taxonomy":"category","embeddable":true,"href":"https:\/\/analyse.optim.biz\/index.php?rest_route=%2Fwp%2Fv2%2Fcategories&post=1143207"},{"taxonomy":"post_tag","embeddable":true,"href":"https:\/\/analyse.optim.biz\/index.php?rest_route=%2Fwp%2Fv2%2Ftags&post=1143207"}],"curies":[{"name":"wp","href":"https:\/\/api.w.org\/{rel}","templated":true}]}}