{"id":1137099,"date":"2013-10-22T15:44:18","date_gmt":"2013-10-22T12:44:18","guid":{"rendered":"https:\/\/analyse.optim.biz\/?p=1137099"},"modified":"2013-10-22T15:44:18","modified_gmt":"2013-10-22T12:44:18","slug":"hoinar-in-bucovina-putna-suceavalive","status":"publish","type":"post","link":"https:\/\/analyse.optim.biz\/?p=1137099","title":{"rendered":"Hoinar \u00een Bucovina \u2013 Putna &#8211; SuceavaLIVE"},"content":{"rendered":"<article id=\"post-22884\" class=\"clearfix post-22884 post type-post status-publish format-standard has-post-thumbnail hentry category-emisiuni category-hoinar tag-video-hoinar-in-bucovina-putna tag-bradul-putna tag-cabana-putna tag-ciprian-cretean tag-constantin-croitoru tag-dorina-ionas tag-dr-doroftei tag-dragos-voda tag-george-coroama tag-gheorghe-coroama tag-gheorghe-rimbu tag-lucaci-ana tag-mihai-roman tag-suceavalive\">\n<header id=\"cb-standard-featured\">\n<div id=\"cb-fis-wrap\" class=\"cb-entry-header cb-fis cb-style-standard\"><span class=\"cb-title-fi\"><\/p>\n<h1 class=\"entry-title cb-entry-title cb-single-title\">Hoinar \u00een Bucovina \u2013 Putna<\/h1>\n<div class=\"cb-byline cb-font-header\">\n<div class=\"cb-date cb-byline-element\"><time datetime=\"2013-10-22\">22 octombrie 2013<\/time><\/div>\n<div class=\"cb-comments cb-byline-element\"><a href=\"https:\/\/suceavalive.ro\/video-hoinar-in-bucovina-putna\/#comments\">1<\/a><\/div>\n<\/div>\n<p><\/span><\/div>\n<div class=\"cb-mask\"><img decoding=\"async\" width=\"1273\" height=\"906\" src=\"https:\/\/analyse.optim.biz\/wp-content\/uploads\/2025\/12\/putna-1.jpg\" class=\"attachment-cb-full-full size-cb-full-full wp-post-image\" loading=\"lazy\" title=\"putna-1\"><\/div>\n<\/header>\n<p>T\u0103r\u00e2m binecuv\u00e2ntat, Bucovina se poate m\u00e2ndri cu peisaje spectaculoase, care con\u021bin de multe ori m\u0103n\u0103stiri r\u0103mase din veac. Aici, cerul e parc\u0103 mai aproape ca nic\u0103ieri \u0219i cel mai pregnant se poate descoperi asta \u00een comuna Putna. <\/p>\n<section class=\"cb-entry-content entry-content clearfix\">\n<p>Situat\u0103 \u00eentr-o zon\u0103 parc\u0103 imaginat\u0103 de pictori, comuna este locuit\u0103 de urma\u0219i demni de \u0218tefan, care sunt recunoscu\u021bi ca \u0219i gospodari. Comuna Putna are meritul de a fi situat\u0103 la grani\u021ba dintre real \u0219i spiritual, spa\u021biul respectiv comunic\u00e2nd \u00eentr-un fel aparte direct cu spiritul vizitatorilor, pu\u021bini din cei care au fost aici o dat\u0103 put\u00e2nd rezista mult\u0103 vreme dorin\u021bei de a reveni.<br \/>\n<iframe loading=\"lazy\" src=\"https:\/\/www.youtube.com\/embed\/kAPkRy-zujY?autoplay=1\" height=\"300\" width=\"500\" allowfullscreen frameborder><\/iframe><\/p>\n<\/section>\n<footer class=\"article-footer\">\n<p class=\"cb-tags\"><a href=\"https:\/\/suceavalive.ro\/tag\/video-hoinar-in-bucovina-putna\/\" rel=\"tag\">(VIDEO) Hoinar \u00een Bucovina \u2013 Putna<\/a><a href=\"https:\/\/suceavalive.ro\/tag\/bradul-putna\/\" rel=\"tag\">bradul putna<\/a><a href=\"https:\/\/suceavalive.ro\/tag\/cabana-putna\/\" rel=\"tag\">cabana putna<\/a><a href=\"https:\/\/suceavalive.ro\/tag\/ciprian-cretean\/\" rel=\"tag\">ciprian cretean<\/a><a href=\"https:\/\/suceavalive.ro\/tag\/constantin-croitoru\/\" rel=\"tag\">constantin croitoru<\/a><a href=\"https:\/\/suceavalive.ro\/tag\/dorina-ionas\/\" rel=\"tag\">dorina ionas<\/a><a href=\"https:\/\/suceavalive.ro\/tag\/dr-doroftei\/\" rel=\"tag\">dr. doroftei<\/a><a href=\"https:\/\/suceavalive.ro\/tag\/dragos-voda\/\" rel=\"tag\">dragos voda<\/a><a href=\"https:\/\/suceavalive.ro\/tag\/george-coroama\/\" rel=\"tag\">george coroama<\/a><a href=\"https:\/\/suceavalive.ro\/tag\/gheorghe-coroama\/\" rel=\"tag\">gheorghe coroama<\/a><a href=\"https:\/\/suceavalive.ro\/tag\/gheorghe-rimbu\/\" rel=\"tag\">gheorghe rimbu<\/a><a href=\"https:\/\/suceavalive.ro\/tag\/lucaci-ana\/\" rel=\"tag\">lucaci ana<\/a><a href=\"https:\/\/suceavalive.ro\/tag\/mihai-roman\/\" rel=\"tag\">mihai roman<\/a><a href=\"https:\/\/suceavalive.ro\/tag\/suceavalive\/\" rel=\"tag\">suceavalive<\/a><\/p>\n<div class=\"cb-social-sharing cb-post-footer-block cb-beside clearfix\">\n<div class=\"cb-title-subtle\">Share On:<\/div>\n<div class=\"cb-twitter\"><a href=\"https:\/\/twitter.com\/share\" class=\"twitter-share-button\" data-dnt=\"true\" data-count=\"horizontal\">Tweet<\/a><\/div>\n<\/div>\n<div id=\"cb-previous-next-links\" class=\"cb-post-footer-block clearfix\">\n<div id=\"cb-previous-link\"><a href=\"https:\/\/suceavalive.ro\/nechifor-spera-intr-o-rectificare-pozitiva\/\" rel=\"prev\">Nechifor sper\u0103 \u00eentr-o rectificare pozitiv\u0103<\/a><\/div>\n<div id=\"cb-next-link\"><a href=\"https:\/\/suceavalive.ro\/nechifor-ia-in-calcul-trecea-la-planul-b-in-cazul-aeroportului\/\" rel=\"next\">Nechifor ia \u00een calcul planul B \u00een cazul aeroportului<\/a><\/div>\n<\/div>\n<div id=\"cb-author-box\" class=\"clearfix\">\n<h3 class=\"cb-block-title\">Despre autor<\/h3>\n<div class=\"cb-mask\"><a href=\"https:\/\/suceavalive.ro\/author\/tilihoi\/\"><img decoding=\"async\" src=\"https:\/\/analyse.optim.biz\/wp-content\/uploads\/2025\/12\/fa2d18728c5d81a58c6469ecd1ad7e557d4f11a4993458ce4a8238aca4504c9f-6.jpg\" class=\"avatar avatar-120 photo\" height=\"120\" width=\"120\" loading=\"lazy\" title=\"fa2d18728c5d81a58c6469ecd1ad7e557d4f11a4993458ce4a8238aca4504c9f-6\"><\/a><\/div>\n<div class=\"cb-meta\">\n<div class=\"cb-info\">\n<div class=\"cb-author-title vcard\"><a href=\"https:\/\/suceavalive.ro\/author\/tilihoi\/\"><span class=\"fn\">Cornel Tilihoi<\/span><\/a><\/div>\n<\/div>\n<\/div>\n<\/div>\n<div id=\"cb-related-posts\" class=\"cb-related-posts-block cb-post-end-block clearfix\">\n<h3 class=\"cb-block-title\">Postari asemanatoare<\/h3>\n<ul>\n<li class=\"cb-style-overlay cb-grid-entry cb-related-post no-1\">\n<div class=\"cb-mask\"><a href=\"https:\/\/suceavalive.ro\/calendarul-zilei-de-18-decembrie-2\/\"><img decoding=\"async\" width=\"360\" height=\"240\" src=\"https:\/\/analyse.optim.biz\/wp-content\/uploads\/2025\/12\/stefan-banica-360x240-7.jpg\" class=\"attachment-cb-360-240 size-cb-360-240 wp-post-image\" loading=\"lazy\" title=\"stefan-banica-360x240-7\"><\/a><\/div>\n<div class=\"cb-meta cb-article-meta\">\n<h4 class=\"h3 cb-post-title\"><a href=\"https:\/\/suceavalive.ro\/calendarul-zilei-de-18-decembrie-2\/\">Calendarul zilei de 18 decembrie<\/a><\/h4>\n<div class=\"cb-byline cb-font-header\">\n<div class=\"cb-date cb-byline-element\"><time datetime=\"2025-12-18\">18 decembrie 2025<\/time><\/div>\n<\/div>\n<\/div>\n<\/li>\n<li class=\"cb-style-overlay cb-grid-entry cb-related-post no-2\">\n<div class=\"cb-mask\"><a href=\"https:\/\/suceavalive.ro\/calendarul-zilei-de-17-decembrie\/\"><img decoding=\"async\" width=\"360\" height=\"240\" src=\"https:\/\/analyse.optim.biz\/wp-content\/uploads\/2025\/12\/regina-elisabeta-a-romaniei-360x240-23.jpg\" class=\"attachment-cb-360-240 size-cb-360-240 wp-post-image\" loading=\"lazy\" title=\"regina-elisabeta-a-romaniei-360x240-23\"><\/a><\/div>\n<div class=\"cb-meta cb-article-meta\">\n<h4 class=\"h3 cb-post-title\"><a href=\"https:\/\/suceavalive.ro\/calendarul-zilei-de-17-decembrie\/\">Calendarul zilei de 17 decembrie<\/a><\/h4>\n<div class=\"cb-byline cb-font-header\">\n<div class=\"cb-date cb-byline-element\"><time datetime=\"2025-12-17\">17 decembrie 2025<\/time><\/div>\n<\/div>\n<\/div>\n<\/li>\n<\/ul>\n<\/div>\n<\/footer>\n<h3 id=\"comments\" class=\"cb-block-title\">One Response<\/h3>\n<nav id=\"comment-nav\">\n<ul class=\"clearfix\">\n<li>\n<li><\/ul>\n<\/nav>\n<ol class=\"commentlist\">\n<li class=\"comment even thread-even depth-1\">\n<article id=\"comment-199\" class=\"clearfix\">\n<div class=\"cb-gravatar-image\"><img decoding=\"async\" src=\"https:\/\/analyse.optim.biz\/wp-content\/uploads\/2025\/12\/26c403bfaf1fc18cd67375dde038607c9f18c532f9747a0dfd96aff2f863d1b6.jpg\" class=\"avatar avatar-80 photo\" height=\"80\" width=\"80\" loading=\"lazy\" title=\"26c403bfaf1fc18cd67375dde038607c9f18c532f9747a0dfd96aff2f863d1b6\"><\/div>\n<div class=\"cb-comment-body clearfix\">\n<header class=\"comment-author vcard\"><cite class=\"fn\"><a href=\"http:\/\/pozyczprzezinternet.pl\" class=\"url\" rel=\"ugc external nofollow\">chwilowki<\/a><\/cite><time datetime=\"25 octombrie 2013\"><a href=\"https:\/\/suceavalive.ro\/video-hoinar-in-bucovina-putna\/#comment-199\">25 octombrie 2013 <\/a><\/time><\/header>\n<section class=\"comment_content clearfix\">\n<p>I think this is one of the most vital info for me. And i\u2019m glad reading your article. But should remark on few general things, The web site style is perfect, the articles is really great : D. Good job, cheers<\/p>\n<\/section>\n<p><a rel=\"nofollow\" class=\"comment-reply-link\" href=\"https:\/\/suceavalive.ro\/video-hoinar-in-bucovina-putna\/#comment-199\" data-commentid=\"199\" data-postid=\"22884\" data-belowelement=\"comment-199\" data-respondelement=\"respond\" data-replyto=\"R\u0103spunde-i lui chwilowki\" aria-label=\"R\u0103spunde-i lui chwilowki\">R\u0103spunde<\/a><\/div>\n<\/article>\n<\/li>\n<\/ol>\n<nav id=\"comment-nav\">\n<ul class=\"clearfix\">\n<li>\n<li><\/ul>\n<\/nav>\n<div id=\"respond\" class=\"comment-respond\">\n<h3 id=\"reply-title\" class=\"comment-reply-title\">Lasa un raspuns <small><a rel=\"nofollow\" id=\"cancel-comment-reply-link\" href=\"https:\/\/suceavalive.ro\/video-hoinar-in-bucovina-putna\/#respond\">Anuleaza raspunsul<\/a><\/small><\/h3>\n<p class=\"comment-notes\">Adresa ta de email nu va fi publicat\u0103.<\/p>\n<\/div>\n<\/article>\n<p> Source URL: https:\/\/suceavalive.ro\/video-hoinar-in-bucovina-putna\/<\/p>\n","protected":false},"excerpt":{"rendered":"<p>Hoinar \u00een Bucovina \u2013 Putna 22 octombrie 2013 1 T\u0103r\u00e2m binecuv\u00e2ntat, Bucovina se poate m\u00e2ndri cu peisaje spectaculoase, care con\u021bin de multe ori m\u0103n\u0103stiri r\u0103mase din veac. Aici, cerul e parc\u0103 mai aproape ca nic\u0103ieri \u0219i cel mai pregnant se poate descoperi asta \u00een comuna Putna. Situat\u0103 \u00eentr-o zon\u0103 parc\u0103 imaginat\u0103 de pictori, comuna este [&hellip;]<\/p>\n","protected":false},"author":1,"featured_media":1137100,"comment_status":"open","ping_status":"","sticky":false,"template":"","format":"standard","meta":{"footnotes":""},"categories":[89],"tags":[173],"class_list":["post-1137099","post","type-post","status-publish","format-standard","has-post-thumbnail","hentry","category-romania","tag-suceavalive-ro"],"_links":{"self":[{"href":"https:\/\/analyse.optim.biz\/index.php?rest_route=\/wp\/v2\/posts\/1137099","targetHints":{"allow":["GET"]}}],"collection":[{"href":"https:\/\/analyse.optim.biz\/index.php?rest_route=\/wp\/v2\/posts"}],"about":[{"href":"https:\/\/analyse.optim.biz\/index.php?rest_route=\/wp\/v2\/types\/post"}],"author":[{"embeddable":true,"href":"https:\/\/analyse.optim.biz\/index.php?rest_route=\/wp\/v2\/users\/1"}],"replies":[{"embeddable":true,"href":"https:\/\/analyse.optim.biz\/index.php?rest_route=%2Fwp%2Fv2%2Fcomments&post=1137099"}],"version-history":[{"count":0,"href":"https:\/\/analyse.optim.biz\/index.php?rest_route=\/wp\/v2\/posts\/1137099\/revisions"}],"wp:featuredmedia":[{"embeddable":true,"href":"https:\/\/analyse.optim.biz\/index.php?rest_route=\/wp\/v2\/media\/1137100"}],"wp:attachment":[{"href":"https:\/\/analyse.optim.biz\/index.php?rest_route=%2Fwp%2Fv2%2Fmedia&parent=1137099"}],"wp:term":[{"taxonomy":"category","embeddable":true,"href":"https:\/\/analyse.optim.biz\/index.php?rest_route=%2Fwp%2Fv2%2Fcategories&post=1137099"},{"taxonomy":"post_tag","embeddable":true,"href":"https:\/\/analyse.optim.biz\/index.php?rest_route=%2Fwp%2Fv2%2Ftags&post=1137099"}],"curies":[{"name":"wp","href":"https:\/\/api.w.org\/{rel}","templated":true}]}}