{"id":1137036,"date":"2014-04-07T09:40:08","date_gmt":"2014-04-07T06:40:08","guid":{"rendered":"https:\/\/analyse.optim.biz\/?p=1137036"},"modified":"2014-04-07T09:40:08","modified_gmt":"2014-04-07T06:40:08","slug":"agresat-din-cauza-oilor-suceavalive","status":"publish","type":"post","link":"https:\/\/analyse.optim.biz\/?p=1137036","title":{"rendered":"Agresat din cauza oilor &#8211; SuceavaLIVE"},"content":{"rendered":"<article id=\"post-35546\" class=\"clearfix post-35546 post type-post status-publish format-standard has-post-thumbnail hentry category-comunicate tag-agresiune tag-bata tag-conflict tag-infractiune tag-lovire-sau-alte-violente tag-oi tag-parte-vatamata tag-politisti tag-suceava tag-suceavalive\">\n<header id=\"cb-standard-featured\">\n<div id=\"cb-fis-wrap\" class=\"cb-entry-header cb-fis cb-style-standard\"><span class=\"cb-title-fi\"><\/p>\n<h1 class=\"entry-title cb-entry-title cb-single-title\">Agresat din cauza oilor<\/h1>\n<div class=\"cb-byline cb-font-header\">\n<div class=\"cb-date cb-byline-element\"><time datetime=\"2014-04-07\">7 aprilie 2014<\/time><\/div>\n<\/div>\n<p><\/span><\/div>\n<div class=\"cb-mask\"><img decoding=\"async\" width=\"520\" height=\"480\" src=\"https:\/\/analyse.optim.biz\/wp-content\/uploads\/2025\/12\/lovit-cu-bata-1.jpg\" class=\"attachment-cb-full-full size-cb-full-full wp-post-image\" loading=\"lazy\" title=\"lovit-cu-bata-1\"><\/div>\n<\/header>\n<p>Poli\u0163ia ora\u015fului Gura Humorului a fost sesizat\u0103 de un b\u0103tr\u00e2n de 81 de ani, din localitate, despre faptul c\u0103 \u00een cursul zilei de 06 aprilie a fost victima unei agresiuni comise de o persoan\u0103 necunoscut\u0103, care a p\u0103truns f\u0103r\u0103 drept cu oile pe terenul s\u0103u.<\/p>\n<section class=\"cb-entry-content entry-content clearfix\">\n<p>Din cercet\u0103ri, poli\u021bi\u0219tii au stabilit faptul c\u0103 partea v\u0103t\u0103mat\u0103 a fost anun\u021bat\u0103 despre faptul c\u0103 pe parcela sa de teren se afl\u0103 o turm\u0103 de oi, motiv pentru care s-a deplasat la fa\u021ba locului, unde pe fondul conflictului iscat cu persoana care \u00eenso\u021bea oile, partea v\u0103t\u0103mat\u0103 a fost agresat\u0103 fizic de acesta, lovindu-l cu b\u00e2ta.<\/p>\n<p>Victima\u00a0a fost transportat\u0103 la Spitalul Jude\u021bean Suceava, pentru acordarea de \u00eengrijiri medicale.<\/p>\n<p>\u00cen cauz\u0103 s-a \u00eentocmit dosar penal sub aspectul s\u0103v\u00e2r\u0219irii de autori necunoscu\u0163i a infrac\u021biunii de lovire sau alte violen\u0163e.<\/p>\n<\/section>\n<footer class=\"article-footer\">\n<p class=\"cb-tags\"><a href=\"https:\/\/suceavalive.ro\/tag\/agresiune\/\" rel=\"tag\">agresiune<\/a><a href=\"https:\/\/suceavalive.ro\/tag\/bata\/\" rel=\"tag\">bata<\/a><a href=\"https:\/\/suceavalive.ro\/tag\/conflict\/\" rel=\"tag\">conflict<\/a><a href=\"https:\/\/suceavalive.ro\/tag\/infractiune\/\" rel=\"tag\">infractiune<\/a><a href=\"https:\/\/suceavalive.ro\/tag\/lovire-sau-alte-violente\/\" rel=\"tag\">lovire sau alte violente<\/a><a href=\"https:\/\/suceavalive.ro\/tag\/oi\/\" rel=\"tag\">oi<\/a><a href=\"https:\/\/suceavalive.ro\/tag\/parte-vatamata\/\" rel=\"tag\">parte vatamata<\/a><a href=\"https:\/\/suceavalive.ro\/tag\/politisti\/\" rel=\"tag\">politisti<\/a><a href=\"https:\/\/suceavalive.ro\/tag\/suceava\/\" rel=\"tag\">Suceava<\/a><a href=\"https:\/\/suceavalive.ro\/tag\/suceavalive\/\" rel=\"tag\">suceavalive<\/a><\/p>\n<div class=\"cb-social-sharing cb-post-footer-block cb-beside clearfix\">\n<div class=\"cb-title-subtle\">Share On:<\/div>\n<div class=\"cb-twitter\"><a href=\"https:\/\/twitter.com\/share\" class=\"twitter-share-button\" data-dnt=\"true\" data-count=\"horizontal\">Tweet<\/a><\/div>\n<\/div>\n<div id=\"cb-previous-next-links\" class=\"cb-post-footer-block clearfix\">\n<div id=\"cb-previous-link\"><a href=\"https:\/\/suceavalive.ro\/frate-frate-pana-la-laptop\/\" rel=\"prev\">Frate, frate, p\u00e2n\u0103 la\u2026 laptop<\/a><\/div>\n<div id=\"cb-next-link\"><a href=\"https:\/\/suceavalive.ro\/biciclist-doborat-de-o-portiera\/\" rel=\"next\">Biciclist dobor\u00e2t de o portier\u0103<\/a><\/div>\n<\/div>\n<div id=\"cb-author-box\" class=\"clearfix\">\n<h3 class=\"cb-block-title\">Despre autor<\/h3>\n<div class=\"cb-mask\"><a href=\"https:\/\/suceavalive.ro\/author\/luiza-loghin\/\"><img decoding=\"async\" src=\"https:\/\/analyse.optim.biz\/wp-content\/uploads\/2025\/12\/21ec5a38ee016d23a9c9d50ce3b4e9e7ef5b09765e70997405f8f9e4b1856ee7-4.jpg\" class=\"avatar avatar-120 photo\" height=\"120\" width=\"120\" loading=\"lazy\" title=\"21ec5a38ee016d23a9c9d50ce3b4e9e7ef5b09765e70997405f8f9e4b1856ee7-4\"><\/a><\/div>\n<div class=\"cb-meta\">\n<div class=\"cb-info\">\n<div class=\"cb-author-title vcard\"><a href=\"https:\/\/suceavalive.ro\/author\/luiza-loghin\/\"><span class=\"fn\">Luiza Loghin<\/span><\/a><\/div>\n<\/div>\n<\/div>\n<\/div>\n<div id=\"cb-related-posts\" class=\"cb-related-posts-block cb-post-end-block clearfix\">\n<h3 class=\"cb-block-title\">Postari asemanatoare<\/h3>\n<ul>\n<li class=\"cb-style-overlay cb-grid-entry cb-related-post no-1\">\n<div class=\"cb-mask\"><a href=\"https:\/\/suceavalive.ro\/calendarul-zilei-de-18-decembrie-2\/\"><img decoding=\"async\" width=\"360\" height=\"240\" src=\"https:\/\/analyse.optim.biz\/wp-content\/uploads\/2025\/12\/stefan-banica-360x240-5.jpg\" class=\"attachment-cb-360-240 size-cb-360-240 wp-post-image\" loading=\"lazy\" title=\"stefan-banica-360x240-5\"><\/a><\/div>\n<div class=\"cb-meta cb-article-meta\">\n<h4 class=\"h3 cb-post-title\"><a href=\"https:\/\/suceavalive.ro\/calendarul-zilei-de-18-decembrie-2\/\">Calendarul zilei de 18 decembrie<\/a><\/h4>\n<div class=\"cb-byline cb-font-header\">\n<div class=\"cb-date cb-byline-element\"><time datetime=\"2025-12-18\">18 decembrie 2025<\/time><\/div>\n<\/div>\n<\/div>\n<\/li>\n<li class=\"cb-style-overlay cb-grid-entry cb-related-post no-2\">\n<div class=\"cb-mask\"><a href=\"https:\/\/suceavalive.ro\/calendarul-zilei-de-17-decembrie\/\"><img decoding=\"async\" width=\"360\" height=\"240\" src=\"https:\/\/analyse.optim.biz\/wp-content\/uploads\/2025\/12\/regina-elisabeta-a-romaniei-360x240-21.jpg\" class=\"attachment-cb-360-240 size-cb-360-240 wp-post-image\" loading=\"lazy\" title=\"regina-elisabeta-a-romaniei-360x240-21\"><\/a><\/div>\n<div class=\"cb-meta cb-article-meta\">\n<h4 class=\"h3 cb-post-title\"><a href=\"https:\/\/suceavalive.ro\/calendarul-zilei-de-17-decembrie\/\">Calendarul zilei de 17 decembrie<\/a><\/h4>\n<div class=\"cb-byline cb-font-header\">\n<div class=\"cb-date cb-byline-element\"><time datetime=\"2025-12-17\">17 decembrie 2025<\/time><\/div>\n<\/div>\n<\/div>\n<\/li>\n<\/ul>\n<\/div>\n<\/footer>\n<div id=\"respond\" class=\"comment-respond\">\n<h3 id=\"reply-title\" class=\"comment-reply-title\">Lasa un raspuns <small><a rel=\"nofollow\" id=\"cancel-comment-reply-link\" href=\"https:\/\/suceavalive.ro\/agresat-din-cauza-oilor\/#respond\">Anuleaza raspunsul<\/a><\/small><\/h3>\n<p class=\"comment-notes\">Adresa ta de email nu va fi publicat\u0103.<\/p>\n<\/div>\n<\/article>\n<p> Source URL: https:\/\/suceavalive.ro\/agresat-din-cauza-oilor\/<\/p>\n","protected":false},"excerpt":{"rendered":"<p>Agresat din cauza oilor 7 aprilie 2014 Poli\u0163ia ora\u015fului Gura Humorului a fost sesizat\u0103 de un b\u0103tr\u00e2n de 81 de ani, din localitate, despre faptul c\u0103 \u00een cursul zilei de 06 aprilie a fost victima unei agresiuni comise de o persoan\u0103 necunoscut\u0103, care a p\u0103truns f\u0103r\u0103 drept cu oile pe terenul s\u0103u. Din cercet\u0103ri, poli\u021bi\u0219tii [&hellip;]<\/p>\n","protected":false},"author":1,"featured_media":1137037,"comment_status":"open","ping_status":"","sticky":false,"template":"","format":"standard","meta":{"footnotes":""},"categories":[89],"tags":[173],"class_list":["post-1137036","post","type-post","status-publish","format-standard","has-post-thumbnail","hentry","category-romania","tag-suceavalive-ro"],"_links":{"self":[{"href":"https:\/\/analyse.optim.biz\/index.php?rest_route=\/wp\/v2\/posts\/1137036","targetHints":{"allow":["GET"]}}],"collection":[{"href":"https:\/\/analyse.optim.biz\/index.php?rest_route=\/wp\/v2\/posts"}],"about":[{"href":"https:\/\/analyse.optim.biz\/index.php?rest_route=\/wp\/v2\/types\/post"}],"author":[{"embeddable":true,"href":"https:\/\/analyse.optim.biz\/index.php?rest_route=\/wp\/v2\/users\/1"}],"replies":[{"embeddable":true,"href":"https:\/\/analyse.optim.biz\/index.php?rest_route=%2Fwp%2Fv2%2Fcomments&post=1137036"}],"version-history":[{"count":0,"href":"https:\/\/analyse.optim.biz\/index.php?rest_route=\/wp\/v2\/posts\/1137036\/revisions"}],"wp:featuredmedia":[{"embeddable":true,"href":"https:\/\/analyse.optim.biz\/index.php?rest_route=\/wp\/v2\/media\/1137037"}],"wp:attachment":[{"href":"https:\/\/analyse.optim.biz\/index.php?rest_route=%2Fwp%2Fv2%2Fmedia&parent=1137036"}],"wp:term":[{"taxonomy":"category","embeddable":true,"href":"https:\/\/analyse.optim.biz\/index.php?rest_route=%2Fwp%2Fv2%2Fcategories&post=1137036"},{"taxonomy":"post_tag","embeddable":true,"href":"https:\/\/analyse.optim.biz\/index.php?rest_route=%2Fwp%2Fv2%2Ftags&post=1137036"}],"curies":[{"name":"wp","href":"https:\/\/api.w.org\/{rel}","templated":true}]}}