{"id":113607,"date":"2018-07-05T13:46:19","date_gmt":"2018-07-05T10:46:19","guid":{"rendered":"https:\/\/analyse.optim.biz\/?p=113607"},"modified":"2018-07-05T13:46:19","modified_gmt":"2018-07-05T10:46:19","slug":"dragnea-il-ataca-dur-pe-iohannis-analizam-serios-suspendarea-presedintelui-luni-luam-o-decizie","status":"publish","type":"post","link":"https:\/\/analyse.optim.biz\/?p=113607","title":{"rendered":"Dragnea \u00eel atac\u0103 dur pe Iohannis. \u201eAnaliz\u0103m serios suspendarea pre\u0219edintelui. Luni lu\u0103m o decizie\u201d"},"content":{"rendered":"<div class=\"entry data-app-meta data-app-meta-article\" data-embed-base-url-canonical=\"https:\/\/www.digi24.ro\/embed\/stiri\/actualitate\/politica\/dragnea-il-ataca-dur-pe-iohannis-analizam-serios-suspendarea-presedintelui-luni-luam-o-decizie-958426\">\n<p data-index=\"1\"><strong>Pre\u0219edintele PSD, Liviu Dragnea, a spus c\u0103 suspendarea pre\u0219edintelui devine \u201eo op\u021biune serioas\u0103\u201d. El a precizat c\u0103 luni va fi luat\u0103 o decizie \u00een acest sens.<\/strong><\/p>\n<p data-index=\"2\">\u201eAm discutat cu C\u0103lin Popescu T\u0103riceanu \u0219i i-am zis c\u0103 suspendarea pre\u0219edintelui trebuie s\u0103 fie o op\u021biune serioas\u0103, dac\u0103 nu respect\u0103 Constitu\u021bia, poate mai trimite un consilier preziden\u021bial s\u0103 amenin\u021be un judec\u0103tor de la Curtea Constitu\u021bional\u0103, poate trimite un consilier s\u0103 amenin\u021be \u0219i un judec\u0103tor de la \u00cenalta Curtea. Dl T\u0103riceanu a spus c\u0103 trebuie s\u0103 analiz\u0103m foarte serios aceast\u0103 op\u021biune \u0219i luni s\u0103 lu\u0103m o decizie\u201d, a spus Dragnea.<\/p>\n<p data-index=\"3\">Declara\u021bia a fost f\u0103cut\u0103 ca r\u0103spuns la \u00eentreb\u0103rile jurnali\u0219tilor, care doreau s\u0103 \u0219tie de ce \u0219eful Camerei Deputa\u021bilor nu a participat la <a href=\"https:\/\/www.digi24.ro\/stiri\/actualitate\/politica\/gabriel-vlase-votat-sef-al-sie-depune-azi-juramantul-la-cotroceni-958230\" target=\"_blank\" rel=\"noopener\" data-skip-linkfix=\"1\">depunerea jur\u0103m\u00e2ntului de c\u0103tre noul \u0219ef al SIE, Gabriel Vlase (PSD)<\/a>.<\/p>\n<p data-index=\"4\">El a r\u0103spuns c\u0103 nu a acceptat invita\u021bia pre\u0219edintelui Iohannis, la fel cum nu a acceptat-o nici pre\u0219edintele Senatului.<\/p>\n<p data-index=\"5\">\u201eNu aveam de ce s\u0103 merg acolo, s\u0103 r\u0103spund la invita\u021bia unui pre\u0219edinte care nu respect\u0103 Constitu\u021bia, care atac\u0103 partidul pe care \u00eel conduc, care blocheaz\u0103 activitatea Parlamentului. Nu sim\u021bim o dorin\u021b\u0103 de colaborare institu\u021bional\u0103 din partea pre\u0219edintelui\u201d, a spus Dragnea.<\/p>\n<p data-index=\"6\">El l-a mai acuzat pe Iohannis c\u0103 \u201egireaz\u0103 pl\u00e2ngeri penale pentru \u00eenalt\u0103 tr\u0103dare \u00eempotriva primului ministru\u201d \u0219i \u201ecere demisia primului ministru\u201d.<\/p>\n<p data-index=\"7\">De asemenea, Dragnea i-a repro\u0219at pre\u0219edintelui c\u0103 merge la summit-uri externe f\u0103r\u0103 a discuta \u00eenainte cu premierul \u0219i Parlamentul.<\/p>\n<p data-index=\"8\">\u201eNu \u0219tie nimeni de ce merge, ce vorbe\u0219te acolo, ce angajamente verbale -c\u0103 altfel de angajamente nu poate lua &#8211; face \u00een numele statului rom\u00e2n\u201d, a spus Dragnea.<\/p>\n<p data-index=\"9\">Pre\u0219edintele Camerei Deputa\u021bilor mai spune c\u0103 Gabriel Vlase nu ar fi trebuit s\u0103 depun\u0103 jurm\u0103m\u00e2ntul la Cotroceni, ci la Parlament, pentru c\u0103 forul legislativ este cel care l-a votat.<\/p>\n<p data-index=\"10\">\u00centrebat c\u00e2t mai a\u0219teapt\u0103 un r\u0103spuns de la pre\u0219edinte \u00een privin\u021ba revoc\u0103rii \u0219efei DNA, Laura Codru\u021ba Kovesi, Dragnea a r\u0103spuns: \u201eEu nu a\u0219tept r\u0103spuns. Nu trebuie s\u0103-mi dea mie r\u0103spuns, ci Constitu\u021biei, Constitu\u021bie de care \u00ee\u0219i bate joc. Nu-l intereseaz\u0103 legea, Constitu\u021bia, \u00eel intereseaz\u0103 propriul interes \u0219i propria protec\u021bie\u201d.<\/p>\n<p data-index=\"11\">\u0218eful PSD l-a criticat pe Iohannis \u0219i pentru <a href=\"https:\/\/www.digi24.ro\/stiri\/actualitate\/politica\/klaus-iohannis-face-declaratii-la-1440-957805\" target=\"_blank\" rel=\"noopener\" data-skip-linkfix=\"1\">c\u0103 a folosit expresia \u201edictatura majorit\u0103\u021bii\u201d<\/a>, \u00een declara\u021bia de pres\u0103 f\u0103cut\u0103 ieri, dup\u0103 ce <a href=\"https:\/\/www.digi24.ro\/stiri\/actualitate\/politica\/codul-penal-cu-modificarile-lui-controversate-ajunge-in-camera-deputatilor-for-decizional-957487\" target=\"_blank\" rel=\"noopener\" data-skip-linkfix=\"1\">modific\u0103rile Codului penal au fost votate<\/a> \u00een Camera Deputa\u021bilor.<\/p>\n<p data-index=\"12\">\u201eAsta e abordarea unui dictator, pentru c\u0103 majoritatea e unul din pilonii esen\u021biali ai democra\u021biei. De aia merg oamenii s\u0103 voteze liber, ca s\u0103 aleag\u0103 o majoritate care s\u0103a hot\u0103rasc\u0103, s\u0103 legifereze, prin Parlament, prin Guvern treburile \u021b\u0103rii. E exact logica \u00eentoars\u0103 a unui dictator, c\u0103 conteaz\u0103 doar ce vrea unul singur, care trebuie s\u0103 aib\u0103 subordonate toate insitutiile \u2013 ale justi\u021biei, parlamentare, ale Guvernului, serviciile \u0219i asolut tot ce mi\u0219c\u0103, Curtea Constitu\u021bional\u0103\u201d, a spus Dragnea.<\/p>\n<\/div>\n<p> Source URL: https:\/\/www.digi24.ro\/stiri\/actualitate\/politica\/dragnea-il-ataca-dur-pe-iohannis-analizam-serios-suspendarea-presedintelui-luni-luam-o-decizie-958426<\/p>\n","protected":false},"excerpt":{"rendered":"<p>Pre\u0219edintele PSD, Liviu Dragnea, a spus c\u0103 suspendarea pre\u0219edintelui devine \u201eo op\u021biune serioas\u0103\u201d. El a precizat c\u0103 luni va fi luat\u0103 o decizie \u00een acest sens. \u201eAm discutat cu C\u0103lin Popescu T\u0103riceanu \u0219i i-am zis c\u0103 suspendarea pre\u0219edintelui trebuie s\u0103 fie o op\u021biune serioas\u0103, dac\u0103 nu respect\u0103 Constitu\u021bia, poate mai trimite un consilier preziden\u021bial s\u0103 [&hellip;]<\/p>\n","protected":false},"author":1,"featured_media":113608,"comment_status":"open","ping_status":"","sticky":false,"template":"","format":"standard","meta":{"footnotes":""},"categories":[2],"tags":[11],"class_list":["post-113607","post","type-post","status-publish","format-standard","has-post-thumbnail","hentry","category-politics","tag-digi24"],"_links":{"self":[{"href":"https:\/\/analyse.optim.biz\/index.php?rest_route=\/wp\/v2\/posts\/113607","targetHints":{"allow":["GET"]}}],"collection":[{"href":"https:\/\/analyse.optim.biz\/index.php?rest_route=\/wp\/v2\/posts"}],"about":[{"href":"https:\/\/analyse.optim.biz\/index.php?rest_route=\/wp\/v2\/types\/post"}],"author":[{"embeddable":true,"href":"https:\/\/analyse.optim.biz\/index.php?rest_route=\/wp\/v2\/users\/1"}],"replies":[{"embeddable":true,"href":"https:\/\/analyse.optim.biz\/index.php?rest_route=%2Fwp%2Fv2%2Fcomments&post=113607"}],"version-history":[{"count":0,"href":"https:\/\/analyse.optim.biz\/index.php?rest_route=\/wp\/v2\/posts\/113607\/revisions"}],"wp:featuredmedia":[{"embeddable":true,"href":"https:\/\/analyse.optim.biz\/index.php?rest_route=\/wp\/v2\/media\/113608"}],"wp:attachment":[{"href":"https:\/\/analyse.optim.biz\/index.php?rest_route=%2Fwp%2Fv2%2Fmedia&parent=113607"}],"wp:term":[{"taxonomy":"category","embeddable":true,"href":"https:\/\/analyse.optim.biz\/index.php?rest_route=%2Fwp%2Fv2%2Fcategories&post=113607"},{"taxonomy":"post_tag","embeddable":true,"href":"https:\/\/analyse.optim.biz\/index.php?rest_route=%2Fwp%2Fv2%2Ftags&post=113607"}],"curies":[{"name":"wp","href":"https:\/\/api.w.org\/{rel}","templated":true}]}}