{"id":113601,"date":"2018-07-05T14:02:38","date_gmt":"2018-07-05T11:02:38","guid":{"rendered":"https:\/\/analyse.optim.biz\/?p=113601"},"modified":"2018-07-05T14:02:38","modified_gmt":"2018-07-05T11:02:38","slug":"codul-rutier-modificat-de-parlament-ce-se-intampla-cu-radarele","status":"publish","type":"post","link":"https:\/\/analyse.optim.biz\/?p=113601","title":{"rendered":"Codul rutier, modificat de Parlament. Ce se \u00eent\u00e2mpl\u0103 cu radarele"},"content":{"rendered":"<div class=\"entry data-app-meta data-app-meta-article\" data-embed-base-url-canonical=\"https:\/\/www.digi24.ro\/embed\/stiri\/actualitate\/politica\/codul-rutier-modificat-de-parlament-ce-se-intampla-cu-radarele-958446\">\n<p data-index=\"1\"><strong>Camera Deputa\u0163ilor a adoptat joi, \u00een calitate de Camer\u0103 decizional\u0103, proiectul de lege de modificare a Codului rutier. Dac\u0103 proiectul va deveni lege, prin promulgare, ma\u015finile de poli\u0163ie cu radar vor trebui presemnalizate cu un panou afi\u015fat cu 500-1.000 de metri \u00eenainte, pe sensul de mers.<\/strong><\/p>\n<figure class=\"article-thumb\"><img decoding=\"async\" src=\"https:\/\/analyse.optim.biz\/wp-content\/uploads\/2024\/09\/ymnknje3mduzytdlogqznjrmotrkzwnmzwq5oa-thumb_.jpg\" alt=\"masina de politie in trafic_fb politia romana\" data-skip-htmlfix=\"1\" title=\"ymnknje3mduzytdlogqznjrmotrkzwnmzwq5oa-thumb_\"><figcaption> Surs\u0103 foto: Poli\u021bia Rom\u00e2n\u0103 <\/figcaption><\/figure>\n<p data-index=\"2\">Proiectul de lege pentru modificarea art. 109 din OUG nr. 195\/2002 privind circula\u0163ia pe drumurile publice a primit deja votul Senatului, de\u0219i Guvernul a anun\u021bat c\u0103 nu \u00eel sus\u021bine. \u00cen plenul Camerei Deputa\u021bilor, proiectul a primit 226 voturi \u201epentru\u201d, 26 de voturi \u201econtra\u201d \u0219i cinci ab\u021bineri.<\/p>\n<p data-index=\"3\">Proiectul a fost ini\u021biat de parlamentari PNL, deputa\u021bii liberali vot\u00e2nd, de altfel, al\u0103turi de cei de la PSD, ALDE, UDMR, PMP \u0219i minorit\u0103\u021bi. Voturile \u00eempotriv\u0103 au venit, aproape \u00een totalitate, de la deputa\u021bii USR.<\/p>\n<p data-index=\"4\">Potrivit modific\u0103rilor, <strong>\u201ema\u015finile de poli\u0163ie cu radar sau poli\u0163istul cu radar de tip pistol trebuie presemnaliza\u0163i cu un panou afi\u015fat cu 500-1.000 de metri \u00eenainte pe sensul de mers\u201d<\/strong>.<\/p>\n<p data-index=\"5\">De asemenea, panoul care aten\u0163ioneaz\u0103 existen\u0163a unui radar se monteaz\u0103 de c\u0103tre administratorul drumului, la solicitarea poli\u0163istului.<\/p>\n<p data-index=\"6\">Pe l\u00e2ng\u0103 faptul c\u0103 ma\u015finile de poli\u0163ie trebuie s\u0103 fie inscrip\u0163ionate cu \u00eensemnele Poli\u0163iei Rom\u00e2ne, potrivit unei complet\u0103ri aduse amendamentului,\u00a0acestea trebuie s\u0103 fie pozi\u0163ionate vizibil.<\/p>\n<p data-index=\"7\"><strong>Tot comisiile au decis c\u0103\u00a0dispozitivele radar de tip pistol nu pot fi folosite la mai mult de 10 metri de ma\u015fina de poli\u0163ie.<\/strong><\/p>\n<p data-index=\"8\">Proiectul de lege a fost ini\u0163iat de c\u0103tre deputatul PNL Florin Roman, iar cu propuneri de modific\u0103ri au contribuit \u015fi parlamentari ai PSD \u015fi UDMR.<\/p>\n<p data-index=\"9\">\u201eIar o s\u0103 sar\u0103 deontologii de doi metri. Raport final pe proiectul de lege privind interzicerea radarelor ilegale. Nu a radarelor legale. Acestea trebuie semnalizate a\u015fa cum se \u00eent\u00e2mpl\u0103 \u00een toat\u0103 lumea civilizat\u0103 \u015fi unde implementarea legilor similare a dus la sc\u0103derea num\u0103rului de victime din accidente rutiere. Avem mul\u0163i deceda\u0163i pe \u015fosele \u00een primul r\u00e2nd c\u0103 avem drumuri proaste. Apoi neaten\u0163ia la volan \u015fi consumul de alcool. Ceea ce este \u00een prezent nu e \u00een regul\u0103. Preven\u0163ia trebuie s\u0103 devin\u0103 prioritar\u0103! Acolo unde sunt machete cu ma\u015fini de poli\u0163ie, num\u0103rul accidentelor soldate cu victime scade. \u00cen paralel au crescut amenzile pentru cei care nu respect\u0103 regulile \u00een trafic!\u201d, a anun\u0163at Florin Roman pe contul s\u0103u de Facebook.<\/p>\n<p data-index=\"10\">La r\u00e2ndul s\u0103u, deputatul USR C\u0103t\u0103lin Drul\u0103 a spus c\u0103 proiectul de lege a revenit \u00eentr-o form\u0103 \u201eoribil\u0103\u201d, anun\u0163\u00e2nd c\u0103, de\u015fi a fost ini\u0163ial respins de Comisia de transporturi, acum a fost adoptat.<\/p>\n<p data-index=\"11\">\u201eA revenit proiectul de lege cu interzicerea radarelor \u00eentr-o form\u0103 oribil\u0103 care face practic imposibil\u0103 aplicarea Codului Rutier \u00een ce prive\u015fte viteza. Dup\u0103 promulgare, va fi liber la c\u0103lcat pedala. De\u015fi ini\u0163ial fusese respins proiectul \u00een Comisia de Transporturi, se pare c\u0103 s-au dus negocieri \u015fi de data asta a fost votat \u00een Comisiile reunite de toate partidele politice \u00een afar\u0103 de USR\u201d, a scris \u015fi Drul\u0103 pe Facebook.<\/p>\n<p data-index=\"12\">El a ironizat amendamentul care prevede afi\u015farea unui panou care s\u0103 anun\u0163e prezen\u0163a unui radar \u015fi critic\u0103 restul partidelor care au votat raportul.<\/p>\n<p data-index=\"13\">\u201eS-a transformat \u00eentr-o caricatur\u0103 controlul \u015fi aplicarea legii rutiere \u00een ce prive\u015fte viteza de circula\u0163ie: \u201eaten\u0163ie c\u0103 \u00een 500 de metri trebuie s\u0103 merge\u0163i un pic \u00eencet vreo 2-300 de metri, apoi pute\u0163i s-o c\u0103lca\u0163i din nou\u201d. Oribil sentimentul c\u00e2nd vezi c\u0103 toate celelalte partidele politice voteaz\u0103 la unison mizeria asta. La fiecare vot: p\u0103dure de m\u00e2ini pentru, 6 voturi \u00eempotriv\u0103 de la USR. Imuni la argumente, imuni la absurditatea prevederilor. Inclusiv membrii acestor partide care p\u0103reau oameni rezonabili\u201d, a mai spus acesta.<\/p>\n<p data-index=\"14\">Deputatul a numit \u201edezgust\u0103toare\u201d lipsa de rec\u0163ie a Ministerului de Interne \u015fi a spus c\u0103 Guvernul a anun\u0163at c\u0103 nu sus\u0163ine proiectul, dar nu a f\u0103cut nimic altceva.<\/p>\n<p data-index=\"15\">\u201eDezgust\u0103toare lipsa de reac\u0163ie a Ministerului Afacerilor Interne, reprezentantul t\u0103cea m\u00e2lc p\u00e2n\u0103 c\u00e2nd am cerut eu explicit s\u0103 i se dea cuv\u00e2ntul \u015fi conform procedurii s\u0103 exprime pozi\u0163ia Guvernului. A b\u00e2iguit c\u0103 Guvernul nu sus\u0163ine ini\u0163iativa \u015fi c\u0103 face mult mai greu s\u0103 aplice legea, dar at\u00e2t. Mi-era mie ru\u015fine de uniforma \u015fi meseria acestui domn. M\u00e2ine legea merge la dezbatere \u00een plen \u015fi la votul final. Cu toate partidele \u00een afar\u0103 de USR \u00een spatele ei. Ne vom opune \u015fi o vom ataca pe toate c\u0103ile\u201d, a continuat acesta.<\/p>\n<\/div>\n<p> Source URL: https:\/\/www.digi24.ro\/stiri\/actualitate\/politica\/codul-rutier-modificat-de-parlament-ce-se-intampla-cu-radarele-958446<\/p>\n","protected":false},"excerpt":{"rendered":"<p>Camera Deputa\u0163ilor a adoptat joi, \u00een calitate de Camer\u0103 decizional\u0103, proiectul de lege de modificare a Codului rutier. Dac\u0103 proiectul va deveni lege, prin promulgare, ma\u015finile de poli\u0163ie cu radar vor trebui presemnalizate cu un panou afi\u015fat cu 500-1.000 de metri \u00eenainte, pe sensul de mers. Surs\u0103 foto: Poli\u021bia Rom\u00e2n\u0103 Proiectul de lege pentru modificarea [&hellip;]<\/p>\n","protected":false},"author":1,"featured_media":113602,"comment_status":"open","ping_status":"","sticky":false,"template":"","format":"standard","meta":{"footnotes":""},"categories":[2],"tags":[11],"class_list":["post-113601","post","type-post","status-publish","format-standard","has-post-thumbnail","hentry","category-politics","tag-digi24"],"_links":{"self":[{"href":"https:\/\/analyse.optim.biz\/index.php?rest_route=\/wp\/v2\/posts\/113601","targetHints":{"allow":["GET"]}}],"collection":[{"href":"https:\/\/analyse.optim.biz\/index.php?rest_route=\/wp\/v2\/posts"}],"about":[{"href":"https:\/\/analyse.optim.biz\/index.php?rest_route=\/wp\/v2\/types\/post"}],"author":[{"embeddable":true,"href":"https:\/\/analyse.optim.biz\/index.php?rest_route=\/wp\/v2\/users\/1"}],"replies":[{"embeddable":true,"href":"https:\/\/analyse.optim.biz\/index.php?rest_route=%2Fwp%2Fv2%2Fcomments&post=113601"}],"version-history":[{"count":0,"href":"https:\/\/analyse.optim.biz\/index.php?rest_route=\/wp\/v2\/posts\/113601\/revisions"}],"wp:featuredmedia":[{"embeddable":true,"href":"https:\/\/analyse.optim.biz\/index.php?rest_route=\/wp\/v2\/media\/113602"}],"wp:attachment":[{"href":"https:\/\/analyse.optim.biz\/index.php?rest_route=%2Fwp%2Fv2%2Fmedia&parent=113601"}],"wp:term":[{"taxonomy":"category","embeddable":true,"href":"https:\/\/analyse.optim.biz\/index.php?rest_route=%2Fwp%2Fv2%2Fcategories&post=113601"},{"taxonomy":"post_tag","embeddable":true,"href":"https:\/\/analyse.optim.biz\/index.php?rest_route=%2Fwp%2Fv2%2Ftags&post=113601"}],"curies":[{"name":"wp","href":"https:\/\/api.w.org\/{rel}","templated":true}]}}