{"id":113579,"date":"2018-07-05T14:31:11","date_gmt":"2018-07-05T11:31:11","guid":{"rendered":"https:\/\/analyse.optim.biz\/?p=113579"},"modified":"2018-07-05T14:31:11","modified_gmt":"2018-07-05T11:31:11","slug":"video-dragnea-intrebare-catre-bunul-meu-prieten-hellvig","status":"publish","type":"post","link":"https:\/\/analyse.optim.biz\/?p=113579","title":{"rendered":"VIDEO. Dragnea, \u00eentrebare c\u0103tre \u201ebunul meu prieten Hellvig\u201d"},"content":{"rendered":"<div class=\"entry data-app-meta data-app-meta-article\" data-embed-base-url-canonical=\"https:\/\/www.digi24.ro\/embed\/stiri\/actualitate\/politica\/video-dragnea-intrebare-catre-bunul-meu-prieten-hellvig-958484\">\n<p data-index=\"1\"><strong>Pre\u0219edintele PSD, Liviu Dragnea, a declarat, la Parlament, referitor la protestele din Pia\u021ba Victoria, c\u0103 \u201eeste deranj foarte mare c\u0103 acest Parlament chiar vrea s\u0103 respecte Constitu\u021bia\u201d. Totodat\u0103, liderul social-democra\u021bilor a \u021binut, uit\u00e2ndu-se fix \u00een camere, s\u0103-i adreseze o \u00eentrebare \u0219efului Serviciului Rom\u00e2n de Informa\u021bii, Eduard Hellvig.<\/strong><\/p>\n<p data-index=\"2\">\u201e<strong>Sigur c\u0103 este deranj foarte mare c\u0103 acest Parlament chiar vrea s\u0103 respecte Constitu\u021bia \u0219i rolul fundamental pe care \u00eel are \u00eentr-o democra\u021bie.<\/strong> S-au f\u0103cut dezbateri. Nu v-am auzit pe niciunul, pe niciuna \u00een 2016 c\u0103 trebuia s\u0103 ias\u0103 oamenii \u00een strad\u0103 c\u00e2nd s-a dat ordonan\u021b\u0103 de urgen\u021b\u0103 de modificare a Codului penal. Nu am auzit pe nimeni altcineva s\u0103 spun\u0103 \u00abDomnule, nu e dezbatere, de ce a\u0219a pe repede-\u00eenainte?\u00bb (&#8230;) Nu am auzit nici c\u00e2nd s-a modificat tot prin ordonan\u021b\u0103 de urgen\u021b\u0103, de c\u0103tre Ciolo\u0219 \u0219i Prun\u0103, Codul de procedur\u0103 penal\u0103, prin care au legiferat ca ofi\u021berii SRI s\u0103 poat\u0103 s\u0103 fac\u0103 cercet\u0103ri penale. <strong>\u0218i, acum, \u00eel rog pe domnul Eduard Hellvig, bunul meu prieten Hellvig: \u00abEdi, te \u00eentreb, e\u0219i de acord ca ofi\u021berii SRI s\u0103 poat\u0103 s\u0103 fac\u0103 cercet\u0103ri penale? Da sau nu?\u00bb. A\u0219tept un r\u0103spuns. \u00cen scris sau public sau pune\u021bi-l pe domnul purt\u0103tor de cuv\u00e2nt de la SRI<\/strong>\u201d, a declarat Dragnea.<\/p>\n<p data-index=\"3\">Nu este prima dat\u0103 c\u00e2nd pre\u0219edintele PSD \u00eel nominalizeaz\u0103 pe \u0219eful SRI \u00een declara\u021biile sale.<\/p>\n<p data-index=\"4\">Pe 25 iunie, Liviu Dragnea a spus c\u0103 e bine ca SRI s\u0103 nu se mai implice \u00een nimic altceva dec\u00e2t \u00een atribu\u0163iile sale legale \u015fi a sus\u0163inut c\u0103 Eduard Hellvig \u201ea cedat\u201d statului paralel.<\/p>\n<p data-index=\"5\">\u201eE bine s\u0103 nu mai fie implicat \u00een nimic altceva \u00een afar\u0103 de atribu\u0163iile legale \u015fi constitu\u0163ionale. Sunt implica\u0163i \u00een dezbaterile publice pentru c\u0103 vin informa\u0163ii despre implicarea efectiv\u0103 care nu are leg\u0103tur\u0103 cu atribu\u0163iile lor\u201d, a spus Dragnea.<\/p>\n<p data-index=\"6\">\u00centrebat ce s-a \u00eent\u00e2mplat de \u015fi-a schimbat p\u0103rerea despre \u015feful SRI, Eduard Hellvig, liderul social-democra\u0163ilor a spus: \u201eS-a \u00eent\u00e2mplat c\u0103 a cedat \u015fi el\u201d.<\/p>\n<p data-index=\"7\">De asemenea, chestionat dac\u0103 asta se datoreaz\u0103 statului paralel, liderul PSD a r\u0103spuns afirmativ.<\/p>\n<p data-index=\"8\">Pe 22 iunie, dup\u0103 condamnarea sa \u00een prima instan\u021b\u0103 \u00een dosarul angaj\u0103rilor fictive, \u00een mesajul \u00een care a cerut iertare pu\u0219c\u0103ria\u0219ilor Liviu Dragnea a vorbit \u0219i despre \u0219eful SRI. \u201e\u0218i eu, \u015fi colegii mei am decis ast\u0103zi s\u0103 fim mult mai fermi \u015fi mult mai radicali cu tot ceea ce trebuie s\u0103 facem. Nu m\u0103 sperie nici Iohannis, nici Hellvig, nici Pahon\u0163i, nici Kovesi, nici B\u0103sescu, nici Ponta, nici Oprea, nici al\u0163ii. Obiectivele la care m-am angajat \u015fi pentru care mi-am asumat responsabilitatea r\u0103m\u00e2n acelea\u015fi \u015fi \u00eempreun\u0103 cu colegii mei le vom duce la cap\u0103t\u201d, a spus Liviu Dragnea.<\/p>\n<\/div>\n<p> Source URL: https:\/\/www.digi24.ro\/stiri\/actualitate\/politica\/video-dragnea-intrebare-catre-bunul-meu-prieten-hellvig-958484<\/p>\n","protected":false},"excerpt":{"rendered":"<p>Pre\u0219edintele PSD, Liviu Dragnea, a declarat, la Parlament, referitor la protestele din Pia\u021ba Victoria, c\u0103 \u201eeste deranj foarte mare c\u0103 acest Parlament chiar vrea s\u0103 respecte Constitu\u021bia\u201d. Totodat\u0103, liderul social-democra\u021bilor a \u021binut, uit\u00e2ndu-se fix \u00een camere, s\u0103-i adreseze o \u00eentrebare \u0219efului Serviciului Rom\u00e2n de Informa\u021bii, Eduard Hellvig. \u201eSigur c\u0103 este deranj foarte mare c\u0103 acest [&hellip;]<\/p>\n","protected":false},"author":1,"featured_media":113580,"comment_status":"open","ping_status":"","sticky":false,"template":"","format":"standard","meta":{"footnotes":""},"categories":[2],"tags":[11],"class_list":["post-113579","post","type-post","status-publish","format-standard","has-post-thumbnail","hentry","category-politics","tag-digi24"],"_links":{"self":[{"href":"https:\/\/analyse.optim.biz\/index.php?rest_route=\/wp\/v2\/posts\/113579","targetHints":{"allow":["GET"]}}],"collection":[{"href":"https:\/\/analyse.optim.biz\/index.php?rest_route=\/wp\/v2\/posts"}],"about":[{"href":"https:\/\/analyse.optim.biz\/index.php?rest_route=\/wp\/v2\/types\/post"}],"author":[{"embeddable":true,"href":"https:\/\/analyse.optim.biz\/index.php?rest_route=\/wp\/v2\/users\/1"}],"replies":[{"embeddable":true,"href":"https:\/\/analyse.optim.biz\/index.php?rest_route=%2Fwp%2Fv2%2Fcomments&post=113579"}],"version-history":[{"count":0,"href":"https:\/\/analyse.optim.biz\/index.php?rest_route=\/wp\/v2\/posts\/113579\/revisions"}],"wp:featuredmedia":[{"embeddable":true,"href":"https:\/\/analyse.optim.biz\/index.php?rest_route=\/wp\/v2\/media\/113580"}],"wp:attachment":[{"href":"https:\/\/analyse.optim.biz\/index.php?rest_route=%2Fwp%2Fv2%2Fmedia&parent=113579"}],"wp:term":[{"taxonomy":"category","embeddable":true,"href":"https:\/\/analyse.optim.biz\/index.php?rest_route=%2Fwp%2Fv2%2Fcategories&post=113579"},{"taxonomy":"post_tag","embeddable":true,"href":"https:\/\/analyse.optim.biz\/index.php?rest_route=%2Fwp%2Fv2%2Ftags&post=113579"}],"curies":[{"name":"wp","href":"https:\/\/api.w.org\/{rel}","templated":true}]}}