{"id":1135750,"date":"2024-11-25T13:32:01","date_gmt":"2024-11-25T10:32:01","guid":{"rendered":"https:\/\/analyse.optim.biz\/?p=1135750"},"modified":"2024-11-25T13:32:01","modified_gmt":"2024-11-25T10:32:01","slug":"veronica-pascal-candidat-la-senat-din-partea-partidului-aur-doresc-o-romanie-unita-justa-si-puternica-ziarul-de-vaslui","status":"publish","type":"post","link":"https:\/\/analyse.optim.biz\/?p=1135750","title":{"rendered":"Veronica Pascal, candidat la Senat din partea Partidului AUR: \u201dDoresc o Rom\u00e2nie unit\u0103, just\u0103 \u0219i puternic\u0103\u201d &#8211; Ziarul de Vaslui"},"content":{"rendered":"<div class=\"entry-content clearfix\">\n<p><strong>Veronica Pascal este candidat la Senat , din partea Partidului AUR Vaslui. De profesie avocat definit, cu master \u00een drept \u0219i administrare public\u0103, specialist \u00een acreditare \u0219i sistemul de Management al Calit\u0103\u021bii. De\u0219i din Republica Moldova, candidata este n\u0103scut\u0103 \u00eentr-o familie de rom\u00e2ni \u0219i, dup\u0103 cum singur\u0103 spune, \u201dam avut o copil\u0103rie marcat\u0103 de valorile tradi\u021bionale \u0219i de dragostea pentru neam\u201d. <\/strong><\/p>\n<p>A urmat \u0219coala primar\u0103 \u00een satul Ulmi, unde au fost puse bazele unei educa\u021bii solide \u0219i unde a demonstrat \u00eenc\u0103 de mic\u0103 o dorin\u021b\u0103 puternic\u0103 de a contribui la bun\u0103starea comunit\u0103\u021bi. Dup\u0103 absolvirea liceului, a ales s\u0103-\u0219i continuie parcursul academic la Facultatea de Drept \u0219i Administrare Public\u0103 Central\u0103. Dedicarea \u0219i rezultatele deosebite au fost recunoscute prin decorarea cu Medalia \u201d\u0218tefan cel Mare\u201d, un simbol al curajului \u0219i implic\u0103rii civice. Ur\u0103\u0219te minciuna, lingu\u0219irea \u0219i tr\u0103darea ! <\/p>\n<p>Cu o experien\u021b\u0103 de peste 15 ani \u00een avocatur\u0103, Veronica Pascal a militat mereu pentru justi\u021bie \u0219i egalitate, dar este cunoscut\u0103 \u0219i ca un profesionist cu o abordare empatic\u0103 \u00een rela\u021bia cu oamenii, caracterizat\u0103 prin integritatea \u0219i corectitudinea de care a dat mereu dovad\u0103. \u00cen afara vie\u021bii profesionale, este o iubitoare a sportului \u0219i o pasionat\u0103 de fotbalul, pentru c\u0103, spune tot ea, \u201dacest sport reprezint\u0103 unul dintre cele mai impresionante exemple de solidaritate \u0219i munc\u0103 \u00een echip\u0103\u201d Iar aceste valori dore\u0219te s\u0103 le aduc\u0103 \u0219i \u00een activitatea politic\u0103\u2026 Veronica Pascal candideaz\u0103 pe listele parlamentare fiind convins\u0103 c\u0103 poate fi o voce puternic\u0103 \u00een sprijinul cet\u0103\u021benilor jude\u021bului Vaslui, fiind sigur\u0103 c\u0103 poate s\u0103 contribuie la dezvoltarea unei administra\u021bii corecte \u0219i eficiente, precum \u0219i \u0219i adoptarea de legi in interesul poporului rom\u00e2n. \u201eCred \u0219i doresc o Rom\u00e2nie unit\u0103, just\u0103 \u0219i puternic\u0103, unde fiecare cet\u0103\u021bean are oportunit\u0103\u021bi egale de a-\u0219i construi un viitor mai bun.\u201d, sus\u021bine candidata AUR la Senat, Veronica Pascal. Material de propagand\u0103 electoral\u0103, comandat de Partidul Alian\u021ba pentru Unirea Rom\u00e2nilor. <strong>CMF:11240014.<\/strong><\/p>\n<aside class=\"mashsb-container mashsb-main \">\n<div class=\"mashsb-box\">\n<div class=\"mashsb-count mash-medium\">\n<div class=\"counts mashsbcount\">0<\/div>\n<p><span class=\"mashsb-sharetext\">SHARES<\/span><\/div>\n<div class=\"mashsb-buttons\"><a class=\"mashicon-facebook mash-medium mashsb-noshadow\" href=\"https:\/\/www.facebook.com\/sharer.php?u=http%3A%2F%2Fwww.ziaruldevaslui.ro%2Fveronica-pascal-candidat-la-senat-din-partea-partidului-aur-doresc-o-romanie-unita-justa-si-puternica%2F\" target=\"_top\" rel=\"nofollow\"><span class=\"text\">Share\u00a0pe\u00a0facebook<\/span><\/a><a class=\"mashicon-twitter mash-medium mashsb-noshadow\" href=\"https:\/\/twitter.com\/intent\/tweet?text=Veronica%20Pascal%2C%20candidat%20la%20Senat%20din%20partea%20Partidului%20%20AUR%3A%20%20%22Doresc%20o%20Rom%C3%A2nie%20unit%C4%83%2C%20just%C4%83%20%C8%99i%20puternic%C4%83%22&amp;url=http:\/\/www.ziaruldevaslui.ro\/?p=46842\" target=\"_top\" rel=\"nofollow\"><span class=\"text\">Share\u00a0pe\u00a0twitter<\/span><\/a><\/div>\n<\/div>\n<\/aside>\n<\/div>\n<div class=\"entry-content\">\n<p>Ini\u021bial am crezut c\u0103 Ionel Sandu s-a apucat de Stand Up Comedy. Cu afacerile nu st\u0103 extraordinar, cu politica nici<\/p>\n<\/div>\n<p> Source URL: http:\/\/www.ziaruldevaslui.ro\/veronica-pascal-candidat-la-senat-din-partea-partidului-aur-doresc-o-romanie-unita-justa-si-puternica\/<\/p>\n","protected":false},"excerpt":{"rendered":"<p>Veronica Pascal este candidat la Senat , din partea Partidului AUR Vaslui. De profesie avocat definit, cu master \u00een drept \u0219i administrare public\u0103, specialist \u00een acreditare \u0219i sistemul de Management al Calit\u0103\u021bii. De\u0219i din Republica Moldova, candidata este n\u0103scut\u0103 \u00eentr-o familie de rom\u00e2ni \u0219i, dup\u0103 cum singur\u0103 spune, \u201dam avut o copil\u0103rie marcat\u0103 de valorile [&hellip;]<\/p>\n","protected":false},"author":1,"featured_media":1135753,"comment_status":"open","ping_status":"","sticky":false,"template":"","format":"standard","meta":{"footnotes":""},"categories":[89],"tags":[218],"class_list":["post-1135750","post","type-post","status-publish","format-standard","has-post-thumbnail","hentry","category-romania","tag-ziaruldevaslui-ro"],"_links":{"self":[{"href":"https:\/\/analyse.optim.biz\/index.php?rest_route=\/wp\/v2\/posts\/1135750","targetHints":{"allow":["GET"]}}],"collection":[{"href":"https:\/\/analyse.optim.biz\/index.php?rest_route=\/wp\/v2\/posts"}],"about":[{"href":"https:\/\/analyse.optim.biz\/index.php?rest_route=\/wp\/v2\/types\/post"}],"author":[{"embeddable":true,"href":"https:\/\/analyse.optim.biz\/index.php?rest_route=\/wp\/v2\/users\/1"}],"replies":[{"embeddable":true,"href":"https:\/\/analyse.optim.biz\/index.php?rest_route=%2Fwp%2Fv2%2Fcomments&post=1135750"}],"version-history":[{"count":0,"href":"https:\/\/analyse.optim.biz\/index.php?rest_route=\/wp\/v2\/posts\/1135750\/revisions"}],"wp:featuredmedia":[{"embeddable":true,"href":"https:\/\/analyse.optim.biz\/index.php?rest_route=\/wp\/v2\/media\/1135753"}],"wp:attachment":[{"href":"https:\/\/analyse.optim.biz\/index.php?rest_route=%2Fwp%2Fv2%2Fmedia&parent=1135750"}],"wp:term":[{"taxonomy":"category","embeddable":true,"href":"https:\/\/analyse.optim.biz\/index.php?rest_route=%2Fwp%2Fv2%2Fcategories&post=1135750"},{"taxonomy":"post_tag","embeddable":true,"href":"https:\/\/analyse.optim.biz\/index.php?rest_route=%2Fwp%2Fv2%2Ftags&post=1135750"}],"curies":[{"name":"wp","href":"https:\/\/api.w.org\/{rel}","templated":true}]}}