{"id":113573,"date":"2018-07-05T15:10:07","date_gmt":"2018-07-05T12:10:07","guid":{"rendered":"https:\/\/analyse.optim.biz\/?p=113573"},"modified":"2018-07-05T15:10:07","modified_gmt":"2018-07-05T12:10:07","slug":"teodorovici-ii-raspunde-prompt-lui-dragnea-anaf-a-demarat-deja-procedura-de-recuperare-a-banilor-de-la-iohannis","status":"publish","type":"post","link":"https:\/\/analyse.optim.biz\/?p=113573","title":{"rendered":"Teodorovici \u00eei r\u0103spunde prompt lui Dragnea: ANAF a demarat deja procedura de recuperare a banilor de la Iohannis"},"content":{"rendered":"<div class=\"entry data-app-meta data-app-meta-article\" data-embed-base-url-canonical=\"https:\/\/www.digi24.ro\/embed\/stiri\/actualitate\/politica\/teodorovici-ii-da-replica-lui-dragnea-anaf-a-demarat-deja-procedura-de-recuperare-a-banilor-de-la-iohannis-958514\">\n<p data-index=\"1\"><strong>Fiscul a \u00eenceput deja procedura de recuperare a sumelor \u00eencasate din chirii de c\u0103tre pre\u015fedintele Klaus Iohannis, a anun\u0163at joi ministrul Finan\u0163elor, Eugen Teodorovici, scrie news.ro.<\/strong><\/p>\n<figure class=\"article-thumb\"><img decoding=\"async\" src=\"https:\/\/analyse.optim.biz\/wp-content\/uploads\/2024\/09\/nzuzmmyynti4mzayotexnjnhnmjiy2rmzq-thumb_-1.jpg\" alt=\"Liviu Dragnea\" data-skip-htmlfix=\"1\" title=\"nzuzmmyynti4mzayotexnjnhnmjiy2rmzq-thumb_-1\"><figcaption> Foto: Agerpres <\/figcaption><\/figure>\n<p data-index=\"2\">Pre\u015fedintele PSD, Liviu Dragnea, le-a transmis, joi, pre\u015fedintelui ANAF, Ionu\u0163 Mi\u015fa, \u015fi Ministerului Finan\u0163elor \u00eentrebarea dac\u0103 <em>\u201eau de g\u00e2nd s\u0103 recupereze sutele de mii de euro de la domnul pre\u015fedinte Iohannis\u201d<\/em>.<\/p>\n<p data-index=\"3\">Teodorovici a spus c\u0103 a cerut acum dou\u0103 zile \u015fefului Fiscului, Ionu\u0163 Mi\u015fa, s\u0103-i prezinte situa\u0163ia \u00een acest caz.<\/p>\n<p data-index=\"4\"><em>\u201eChiar acum dou\u0103 zile am cerut s\u0103-mi prezinte o astfel de situa\u0163ie. Este obliga\u0163ia lui Ionu\u0163 Mi\u015fa de a face imediat demersul legal pentru a recupera aceste sume, c\u0103 este de la Iohannis, c\u0103 este de la o persoan\u0103 fizic\u0103 sau juridic\u0103. Este obligat s\u0103 o fac\u0103. (&#8230;) Ac\u0163iunea a \u00eenceput deja\u201d<\/em>, a afirmat Teodorovici, pentru Antena 3.<\/p>\n<p data-index=\"5\">Ministrul a precizat c\u0103 va veni ulterior cu mai multe detalii despre acest caz.<\/p>\n<p data-index=\"6\"><a href=\"https:\/\/www.digi24.ro\/stiri\/actualitate\/politica\/dragnea-anaf-ar-trebui-sa-se-ocupe-sa-ia-banii-de-la-toti-incepand-cu-iohannis-958497\" target=\"_blank\" rel=\"noopener\" data-skip-linkfix=\"1\">Dragnea a adresat joi, \u00een mod public, o \u00eentrebare pentru Mi\u015fa \u015fi Teodorovici, \u00een leg\u0103tur\u0103 cu acest caz<\/a>.<\/p>\n<p data-index=\"7\"><em>\u201eEu \u00eel \u00eentreb \u015fi acum pe domnul Mi\u015fa, care este pre\u015fedintele ANAF, dac\u0103 aceast\u0103 institu\u0163ie, precum \u015fi uneori Ministerul de Finan\u0163e au de g\u00e2nd s\u0103 recupereze sutele de mii de euro de la domnul pre\u015fedinte Iohannis. \u00cei \u00eentreb acum, public, dac\u0103 au at\u00e2t de mul\u0163i bani la buget \u015fi nu au nevoie de ei, poate d\u0103m drumul la o amnistie fiscal\u0103, dac\u0103 sunt prea mul\u0163i bani \u015fi nu mai au loc \u00een cuferele de la trezorerie sau de la domnul Mavrodin\u201d<\/em>, a afirmat Teodorovici.<\/p>\n<\/div>\n<p> Source URL: https:\/\/www.digi24.ro\/stiri\/actualitate\/politica\/teodorovici-ii-da-replica-lui-dragnea-anaf-a-demarat-deja-procedura-de-recuperare-a-banilor-de-la-iohannis-958514<\/p>\n","protected":false},"excerpt":{"rendered":"<p>Fiscul a \u00eenceput deja procedura de recuperare a sumelor \u00eencasate din chirii de c\u0103tre pre\u015fedintele Klaus Iohannis, a anun\u0163at joi ministrul Finan\u0163elor, Eugen Teodorovici, scrie news.ro. Foto: Agerpres Pre\u015fedintele PSD, Liviu Dragnea, le-a transmis, joi, pre\u015fedintelui ANAF, Ionu\u0163 Mi\u015fa, \u015fi Ministerului Finan\u0163elor \u00eentrebarea dac\u0103 \u201eau de g\u00e2nd s\u0103 recupereze sutele de mii de euro de [&hellip;]<\/p>\n","protected":false},"author":1,"featured_media":113574,"comment_status":"open","ping_status":"","sticky":false,"template":"","format":"standard","meta":{"footnotes":""},"categories":[2],"tags":[11],"class_list":["post-113573","post","type-post","status-publish","format-standard","has-post-thumbnail","hentry","category-politics","tag-digi24"],"_links":{"self":[{"href":"https:\/\/analyse.optim.biz\/index.php?rest_route=\/wp\/v2\/posts\/113573","targetHints":{"allow":["GET"]}}],"collection":[{"href":"https:\/\/analyse.optim.biz\/index.php?rest_route=\/wp\/v2\/posts"}],"about":[{"href":"https:\/\/analyse.optim.biz\/index.php?rest_route=\/wp\/v2\/types\/post"}],"author":[{"embeddable":true,"href":"https:\/\/analyse.optim.biz\/index.php?rest_route=\/wp\/v2\/users\/1"}],"replies":[{"embeddable":true,"href":"https:\/\/analyse.optim.biz\/index.php?rest_route=%2Fwp%2Fv2%2Fcomments&post=113573"}],"version-history":[{"count":0,"href":"https:\/\/analyse.optim.biz\/index.php?rest_route=\/wp\/v2\/posts\/113573\/revisions"}],"wp:featuredmedia":[{"embeddable":true,"href":"https:\/\/analyse.optim.biz\/index.php?rest_route=\/wp\/v2\/media\/113574"}],"wp:attachment":[{"href":"https:\/\/analyse.optim.biz\/index.php?rest_route=%2Fwp%2Fv2%2Fmedia&parent=113573"}],"wp:term":[{"taxonomy":"category","embeddable":true,"href":"https:\/\/analyse.optim.biz\/index.php?rest_route=%2Fwp%2Fv2%2Fcategories&post=113573"},{"taxonomy":"post_tag","embeddable":true,"href":"https:\/\/analyse.optim.biz\/index.php?rest_route=%2Fwp%2Fv2%2Ftags&post=113573"}],"curies":[{"name":"wp","href":"https:\/\/api.w.org\/{rel}","templated":true}]}}