{"id":1135305,"date":"2025-11-10T14:23:49","date_gmt":"2025-11-10T11:23:49","guid":{"rendered":"https:\/\/analyse.optim.biz\/?p=1135305"},"modified":"2025-11-10T14:23:49","modified_gmt":"2025-11-10T11:23:49","slug":"video-bucurie-mare-la-carligele-prima-zi-cu-microbuzul-electric-primit-de-la-consiliul-judetean-ahizitionat-cu-fonduri-ue-prin-pnrr-jurnal-de-vrancea-stiri-din-vrancea-si-focsani","status":"publish","type":"post","link":"https:\/\/analyse.optim.biz\/?p=1135305","title":{"rendered":"VIDEO Bucurie mare la C\u00e2rligele \u2013 prima zi cu microbuzul electric primit de la consiliul jude\u021bean, ahizi\u021bionat cu fonduri UE prin PNRR | Jurnal de Vrancea &#8211; Stiri din Vrancea si Focsani"},"content":{"rendered":"<article id=\"template-id-121345\" class=\"post-121345 tdb_templates type-tdb_templates status-publish post\">\n<div id=\"tdi_73\" class=\"tdc-zone\">\n<div class=\"tdc_zone tdi_74  wpb_row td-pb-row\">\n<div id=\"tdi_75\" class=\"tdc-row\">\n<div class=\"vc_row tdi_76  wpb_row td-pb-row\">\n<div class=\"vc_column tdi_78  wpb_column vc_column_container tdc-column td-pb-span12\">\n<div class=\"wpb_wrapper\">\n<div class=\"td_block_wrap td-a-rec td-a-rec-id-custom-spot td-a-rec-img tdi_79 td_block_template_1\">\n<div><a href target=\"blank\" class=\"td_spot_img_all\"><img loading=\"lazy\" decoding=\"async\" src=\"https:\/\/analyse.optim.biz\/wp-content\/uploads\/2025\/12\/banner-aurora-multimarket-1200x200px-49.jpg\" alt=\"spot_img\" width=\"1200\" height=\"200\" title=\"banner-aurora-multimarket-1200x200px-49\"><\/a><a href target=\"blank\" class=\"td_spot_img_mob\"><img loading=\"lazy\" decoding=\"async\" src=\"https:\/\/analyse.optim.biz\/wp-content\/uploads\/2025\/12\/banner-aurora-multimarket-350x350px-53.jpg\" alt=\"spot_img\" width=\"300\" height=\"350\" title=\"banner-aurora-multimarket-350x350px-53\"><\/a><\/div>\n<\/div>\n<\/div>\n<\/div>\n<\/div>\n<\/div>\n<div id=\"tdi_80\" class=\"tdc-row\">\n<div class=\"vc_row tdi_81  wpb_row td-pb-row\">\n<div class=\"vc_column tdi_83  wpb_column vc_column_container tdc-column td-pb-span12\">\n<div class=\"wpb_wrapper\">\n<div class=\"td_block_wrap tdb_breadcrumbs tdi_84 td-pb-border-top td_block_template_1 tdb-breadcrumbs \" data-td-block-uid=\"tdi_84\">\n<div class=\"tdb-block-inner td-fix-index\"><span><a title class=\"tdb-entry-crumb\" href=\"https:\/\/www.jurnaldevrancea.ro\/\">Acas\u0103<\/a><\/span><span><a title=\"Vede\u021bi toate articolele \u00een Actualitate\" class=\"tdb-entry-crumb\" href=\"https:\/\/www.jurnaldevrancea.ro\/actualitate\/\">Actualitate<\/a><\/span><span class=\"tdb-bred-no-url-last\">VIDEO Bucurie mare la C\u00e2rligele \u2013 prima zi cu microbuzul electric primit de la consiliul jude\u021bean,&#8230;<\/span><\/div>\n<\/div>\n<div class=\"td_block_wrap tdb_single_categories tdi_85 td-pb-border-top td_block_template_1 \" data-td-block-uid=\"tdi_85\">\n<div class=\"tdb-category td-fix-index\"><a class=\"tdb-entry-category\" href=\"https:\/\/www.jurnaldevrancea.ro\/actualitate\/\">Actualitate<\/a><a class=\"tdb-entry-category\" href=\"https:\/\/www.jurnaldevrancea.ro\/administratie\/\">Administra\u021bie<\/a><\/div>\n<\/div>\n<div class=\"td_block_wrap tdb_title tdi_86 tdb-single-title td-pb-border-top td_block_template_1\" data-td-block-uid=\"tdi_86\">\n<div class=\"tdb-block-inner td-fix-index\">\n<h2 class=\"tdb-title-text\"><span class=\"sweb-cuv-evd\">VIDEO<\/span> Bucurie mare la C\u00e2rligele \u2013 prima zi cu microbuzul electric primit de la consiliul jude\u021bean, ahizi\u021bionat cu fonduri UE prin PNRR<\/h2>\n<\/div>\n<\/div>\n<div class=\"vc_row_inner tdi_88  vc_row vc_inner wpb_row td-pb-row\">\n<div class=\"vc_column_inner tdi_90  wpb_column vc_column_container tdc-inner-column td-pb-span3\">\n<div class=\"vc_column-inner\">\n<div class=\"wpb_wrapper\">\n<div class=\"td_block_wrap tdb_single_author tdi_91 td-pb-border-top td_block_template_1 tdb-post-meta\" data-td-block-uid=\"tdi_91\">\n<div class=\"tdb-block-inner td-fix-index\">\n<div class=\"tdb-author-name-wrap\"><span class=\"tdb-author-by\">DE:<\/span><a class=\"tdb-author-name\" href=\"https:\/\/www.jurnaldevrancea.ro\/author\/editor-online\/\">Editor Online<\/a><\/div>\n<\/div>\n<\/div>\n<\/div>\n<\/div>\n<\/div>\n<div class=\"vc_column_inner tdi_93  wpb_column vc_column_container tdc-inner-column td-pb-span3\">\n<div class=\"vc_column-inner\">\n<div class=\"wpb_wrapper\">\n<div class=\"td_block_wrap tdb_single_date tdi_94 td-pb-border-top td_block_template_1 tdb-post-meta\" data-td-block-uid=\"tdi_94\">\n<div class=\"tdb-block-inner td-fix-index\"><time class=\"entry-date updated td-module-date\" datetime=\"2025-11-10T16:23:49+02:00\">10\/11\/2025<\/time><\/div>\n<\/div>\n<\/div>\n<\/div>\n<\/div>\n<div class=\"vc_column_inner tdi_96  wpb_column vc_column_container tdc-inner-column td-pb-span3\">\n<div class=\"vc_column-inner\">\n<div class=\"wpb_wrapper\">\n<div class=\"td_block_wrap tdb_single_post_views tdi_97 td-pb-border-top td_block_template_1 tdb-post-meta\" data-td-block-uid=\"tdi_97\">\n<div class=\"tdb-block-inner td-fix-index\"><span class=\"td-nr-views-155209\">119<\/span><\/div>\n<\/div>\n<\/div>\n<\/div>\n<\/div>\n<div class=\"vc_column_inner tdi_99  wpb_column vc_column_container tdc-inner-column td-pb-span3\">\n<div class=\"vc_column-inner\">\n<div class=\"wpb_wrapper\">\n<div class=\"td_block_wrap tdb_single_post_share tdi_100  td-pb-border-top td_block_template_1\" data-td-block-uid=\"tdi_100\">\n<div id=\"tdi_100\" class=\"td-post-sharing tdb-block td-ps-bg td-ps-notext td-ps-bar td-post-sharing-style5 \">\n<div class=\"td-post-sharing-visible\"><a class=\"td-social-sharing-button td-social-sharing-button-js td-social-network td-social-facebook\" href=\"https:\/\/www.facebook.com\/sharer.php?u=https%3A%2F%2Fwww.jurnaldevrancea.ro%2Fvideo-bucurie-mare-la-carligele-prima-zi-cu-microbuzul-electric-primit-de-la-consiliul-judetean-ahizitionat-cu-fonduri-ue-prin-pnrr%2F\" title=\"Facebook\"><\/p>\n<div class=\"td-social-but-text\">Facebook<\/div>\n<p><\/a><a class=\"td-social-sharing-button td-social-sharing-button-js td-social-network td-social-twitter\" href=\"https:\/\/twitter.com\/intent\/tweet?text=%3Cspan+class%3D%22sweb-cuv-evd%22+style%3D%22background-color%3A%23ff0000%3Bcolor%3A%23fffFFF%22%3EVIDEO%3C%2Fspan%3E+Bucurie+mare+la+C%C3%A2rligele+%E2%80%93+prima+zi+cu+microbuzul+electric+primit+de+la+consiliul+jude%C8%9Bean%2C+ahizi%C8%9Bionat+cu+fonduri+UE+prin+PNRR&amp;url=https%3A%2F%2Fwww.jurnaldevrancea.ro%2Fvideo-bucurie-mare-la-carligele-prima-zi-cu-microbuzul-electric-primit-de-la-consiliul-judetean-ahizitionat-cu-fonduri-ue-prin-pnrr%2F&amp;via=Jurnal+de+Vrancea+-+Stiri+din+Vrancea+si+Focsani\" title=\"Twitter\"><\/p>\n<div class=\"td-social-but-text\">Twitter<\/div>\n<p><\/a><a class=\"td-social-sharing-button td-social-sharing-button-js td-social-network td-social-whatsapp\" href=\"https:\/\/api.whatsapp.com\/send?text=%3Cspan+class%3D%22sweb-cuv-evd%22+style%3D%22background-color%3A%23ff0000%3Bcolor%3A%23fffFFF%22%3EVIDEO%3C%2Fspan%3E+Bucurie+mare+la+C%C3%A2rligele+%E2%80%93+prima+zi+cu+microbuzul+electric+primit+de+la+consiliul+jude%C8%9Bean%2C+ahizi%C8%9Bionat+cu+fonduri+UE+prin+PNRR%20%0A%0A%20https:\/\/www.jurnaldevrancea.ro\/video-bucurie-mare-la-carligele-prima-zi-cu-microbuzul-electric-primit-de-la-consiliul-judetean-ahizitionat-cu-fonduri-ue-prin-pnrr\/\" title=\"WhatsApp\"><\/p>\n<div class=\"td-social-but-text\">WhatsApp<\/div>\n<p><\/a><a class=\"td-social-sharing-button td-social-sharing-button-js td-social-network td-social-print\" href=\"https:\/\/www.jurnaldevrancea.ro\/video-bucurie-mare-la-carligele-prima-zi-cu-microbuzul-electric-primit-de-la-consiliul-judetean-ahizitionat-cu-fonduri-ue-prin-pnrr\/\" title=\"Imprimare\"><\/p>\n<div class=\"td-social-but-text\">Imprimare<\/div>\n<p><\/a><\/div>\n<\/div>\n<\/div>\n<\/div>\n<\/div>\n<\/div>\n<\/div>\n<\/div>\n<\/div>\n<\/div>\n<\/div>\n<div id=\"tdi_101\" class=\"tdc-row\">\n<div class=\"vc_row tdi_102  wpb_row td-pb-row\">\n<div class=\"vc_column tdi_104  wpb_column vc_column_container tdc-column td-pb-span8\">\n<div class=\"wpb_wrapper\">\n<div class=\"td_block_wrap tdb_single_featured_image tdi_105 tdb-content-horiz-left td-pb-border-top td_block_template_1\" data-td-block-uid=\"tdi_105\">\n<div class=\"tdb-block-inner td-fix-index\"><img loading=\"lazy\" decoding=\"async\" width=\"696\" height=\"468\" class=\"entry-thumb\" src=\"https:\/\/analyse.optim.biz\/wp-content\/uploads\/2025\/12\/microbuz-scolar-electric-696x468-1.png\" title=\"microbuz scolar electric\"><\/div>\n<\/div>\n<div class=\"td_block_wrap tdb_single_content tdi_106 td-pb-border-top td_block_template_1 td-post-content tagdiv-type\" data-td-block-uid=\"tdi_106\">\n<div class=\"tdb-block-inner td-fix-index\">\n<p>Elevii din comuna C\u00e2rligele au avut parte ast\u0103zi de o experien\u021b\u0103 special\u0103: prima c\u0103l\u0103torie cu noul microbuz \u0219colar electric, primit de la Consiliul Jude\u021bean Vrancea printr-un proiect finan\u021bat din Planul Na\u021bional de Redresare \u0219i Rezilien\u021b\u0103 (PNRR).<\/p>\n<p>La finalul orelor, copiii s-au urcat pentru prima dat\u0103 \u00een vehiculul modern \u0219i prietenos cu mediul, iar reac\u021biile lor au fost pline de entuziasm. \u201eE silen\u021bios \u0219i frumos!\u201d, \u201eAbia a\u0219tept s\u0103 mai mergem cu el!\u201d \u2013 au spus unii dintre elevi, bucuro\u0219i de noua experien\u021b\u0103.<\/p>\n<p>Pe l\u00e2ng\u0103 confortul \u0219i siguran\u021ba sporit\u0103, microbuzul electric marcheaz\u0103 un pas concret spre reducerea polu\u0103rii \u0219i spre un transport \u0219colar sustenabil. Reprezentan\u021bii Prim\u0103riei C\u00e2rligele au subliniat c\u0103 investi\u021bia contribuie at\u00e2t la \u00eembun\u0103t\u0103\u021birea condi\u021biilor pentru elevi, c\u00e2t \u0219i la protejarea mediului, un obiectiv tot mai important pentru comunitate.<\/p>\n<p><strong><em>\u201eAcest proiect demonstreaz\u0103 c\u0103 educa\u021bia, grija pentru mediu \u0219i sprijinul comunit\u0103\u021bii pot merge m\u00e2n\u0103 \u00een m\u00e2n\u0103\u201d<\/em><\/strong>, se arat\u0103 \u00een mesajul postat de Prim\u0103ria C\u00e2rligele, care a mul\u021bumit Consiliului Jude\u021bean Vrancea pentru sprijinul oferit.<\/p>\n<p>Prin astfel de ini\u021biative, comuna C\u00e2rligele se al\u0103tur\u0103 localit\u0103\u021bilor din jude\u021b care adopt\u0103 solu\u021bii moderne \u0219i sustenabile pentru viitorul copiilor \u0219i al mediului.<\/p>\n<iframe loading=\"lazy\" src=\"https:\/\/www.facebook.com\/plugins\/video.php?height=264&amp;href=https%3A%2F%2Fwww.facebook.com%2Freel%2F2155306334992415%2F&amp;show_text=false&amp;width=560&amp;t=0\" width=\"560\" height=\"264\" frameborder scrolling=\"yes\" allowfullscreen=\"allowfullscreen\"><\/iframe>\n<\/div>\n<\/div>\n<div class=\"td_block_wrap td-a-rec td-a-rec-id-custom-spot td-a-rec-img tdi_107 td_block_template_1\">\n<div><a href=\"https:\/\/www.tomitatravel.ro\/\" target=\"blank\" class=\"td_spot_img_all\"><img loading=\"lazy\" decoding=\"async\" src=\"https:\/\/analyse.optim.biz\/wp-content\/uploads\/2025\/12\/banner-tomita_travel-focsani-1200x200-1-46.jpg\" alt=\"Tomi\u021b\u0103 Travel - Agen\u021bie de turism Foc\u0219ani\" width=\"1200\" height=\"200\" title=\"banner-tomita_travel-focsani-1200x200-1-46\"><\/a><a href=\"https:\/\/www.tomitatravel.ro\/\" target=\"blank\" class=\"td_spot_img_mob\"><img loading=\"lazy\" decoding=\"async\" src=\"https:\/\/analyse.optim.biz\/wp-content\/uploads\/2025\/12\/banner-tomita_travel-focsani-350x350-1-43.jpg\" alt=\"Tomi\u021b\u0103 Travel - Agen\u021bie de turism Foc\u0219ani\" width=\"300\" height=\"350\" title=\"banner-tomita_travel-focsani-350x350-1-43\"><\/a><\/div>\n<\/div>\n<div class=\"td_block_wrap td-a-rec td-a-rec-id-custom-spot td-a-rec-img tdi_108 td_block_template_1\">\n<div><a href=\"https:\/\/www.dezromania.ro\/categorii\/category\/14-produse.html\" target=\"blank\" class=\"td_spot_img_all\"><img loading=\"lazy\" decoding=\"async\" src=\"https:\/\/analyse.optim.biz\/wp-content\/uploads\/2025\/12\/banner-1200x200-sipotehnokar-auto-avariate-2025-43.jpg\" alt=\"spot_img\" width=\"1200\" height=\"200\" title=\"banner-1200x200-sipotehnokar-auto-avariate-2025-43\"><\/a><a href=\"https:\/\/www.dezromania.ro\/categorii\/category\/14-produse.html\" target=\"blank\" class=\"td_spot_img_mob\"><img loading=\"lazy\" decoding=\"async\" src=\"https:\/\/analyse.optim.biz\/wp-content\/uploads\/2025\/12\/banner-sipotehnokar-300xx220px-2025-41.jpg\" alt=\"spot_img\" width=\"300\" height=\"220\" title=\"banner-sipotehnokar-300xx220px-2025-41\"><\/a><\/div>\n<\/div>\n<div class=\"td_block_wrap td-a-rec td-a-rec-id-custom-spot td-a-rec-img tdi_109 td_block_template_1\">\n<div><a href=\"https:\/\/haipromo.ro\/\" target=\"blank\" class=\"td_spot_img_all\"><img loading=\"lazy\" decoding=\"async\" src=\"https:\/\/analyse.optim.biz\/wp-content\/uploads\/2025\/12\/banner-hai-promo-1200x200px-41.jpg\" alt=\"HAI PROMO\" width=\"1200\" height=\"200\" title=\"banner-hai-promo-1200x200px-41\"><\/a><a href=\"https:\/\/haipromo.ro\/\" target=\"blank\" class=\"td_spot_img_mob\"><img loading=\"lazy\" decoding=\"async\" src=\"https:\/\/analyse.optim.biz\/wp-content\/uploads\/2025\/12\/banner-hai-promo-350x350px-40.jpg\" alt=\"HAI PROMO\" width=\"350\" height=\"350\" title=\"banner-hai-promo-350x350px-40\"><\/a><\/div>\n<\/div>\n<\/div>\n<\/div>\n<div class=\"vc_column tdi_112  wpb_column vc_column_container tdc-column td-pb-span4\">\n<div class=\"wpb_wrapper\">\n<div class=\"wpb_wrapper td_block_wrap vc_widget_sidebar tdi_114 \">\n<aside id=\"custom_html-12\" class=\"widget_text td_block_template_1 widget custom_html-12 widget_custom_html\">\n<h4 class=\"block-title\"><span>\u2013 PUBLICITATE \u2013<\/span><\/h4>\n<div class=\"textwidget custom-html-widget\"><a href=\"https:\/\/www.facebook.com\/TractariAutoVranceaSOS24\"><source srcset=\"https:\/\/www.jurnaldevrancea.ro\/wp\/wp-content\/webp-express\/webp-images\/uploads\/2024\/11\/BANNER-sos-24-2024-300x300-px.jpg.webp\" type=\"image\/webp\" \/><\/a><a href=\"https:\/\/haipromo.ro\/\"><source srcset=\"https:\/\/www.jurnaldevrancea.ro\/wp\/wp-content\/webp-express\/webp-images\/uploads\/2024\/06\/banner-HAI-PROMO-350x350px.jpg.webp\" type=\"image\/webp\" \/><\/a><a href=\"https:\/\/www.facebook.com\/acnasygcons\"><source srcset=\"https:\/\/www.jurnaldevrancea.ro\/wp\/wp-content\/webp-express\/webp-images\/uploads\/2025\/08\/Banner-350x350px-Asyg-Consulting.jpg.webp\" type=\"image\/webp\" \/><\/a><\/div>\n<\/aside>\n<\/div>\n<div class=\"td_block_wrap tdb_single_tags tdi_115 td-pb-border-top td_block_template_1\" data-td-block-uid=\"tdi_115\">\n<div class=\"tdb-block-inner td-fix-index\">\n<ul class=\"tdb-tags\">\n<li><span>Tags<\/span><\/li>\n<li><a href=\"https:\/\/www.jurnaldevrancea.ro\/tag\/elevi\/\">elevi<\/a><\/li>\n<li><a href=\"https:\/\/www.jurnaldevrancea.ro\/tag\/microbuz-electric\/\">microbuz electric<\/a><\/li>\n<li><a href=\"https:\/\/www.jurnaldevrancea.ro\/tag\/primaria-carligele\/\">primaria carligele<\/a><\/li>\n<li><a href=\"https:\/\/www.jurnaldevrancea.ro\/tag\/transport-verde\/\">transport verde<\/a><\/li>\n<\/ul>\n<\/div>\n<\/div>\n<div class=\"tdm_block td_block_wrap tdm_block_column_title tdi_116 tdm-content-horiz-center td-pb-border-top td_block_template_1\" data-td-block-uid=\"tdi_116\">\n<div class=\"td-block-row\">\n<div class=\"td-block-span12 tdm-col\">\n<div class=\"tds-title tds-title1 td-fix-index tdi_117 \">\n<h3 class=\"tdm-title tdm-title-md\">ARTICOLE SIMILARE<\/h3>\n<\/div>\n<\/div>\n<\/div>\n<\/div>\n<div class=\"td_block_wrap td_flex_block_1 tdi_118 td-pb-border-top td_block_template_1 td_flex_block\" data-td-block-uid=\"tdi_118\">\n<div id=\"tdi_118\" class=\"td_block_inner td-mc1-wrap\">\n<div class=\"td_module_flex td_module_flex_1 td_module_wrap td-animation-stack td-cpt-post\">\n<div class=\"td-module-container td-category-pos-above\">\n<div class=\"td-module-meta-info\"><a href=\"https:\/\/www.jurnaldevrancea.ro\/actualitate\/\" class=\"td-post-category\">Actualitate<\/a><\/p>\n<h3 class=\"entry-title td-module-title\"><a href=\"https:\/\/www.jurnaldevrancea.ro\/surse-carrefour-romania-ar-fi-fost-cumparat-de-dedeman\/\" rel=\"bookmark\" title=\"SURSE: Carrefour Rom\u00e2nia ar fi fost cump\u0103rat de Dedeman!\">SURSE: Carrefour Rom\u00e2nia ar fi fost cump\u0103rat de Dedeman!<\/a><\/h3>\n<div class=\"td-excerpt\">O tranzac\u021bie de propor\u021bii ar fi avut loc mar\u021bi sear\u0103 pe pia\u021ba de retail&#8230;<\/div>\n<\/div>\n<\/div>\n<\/div>\n<div class=\"td_module_flex td_module_flex_1 td_module_wrap td-animation-stack td-cpt-post\">\n<div class=\"td-module-container td-category-pos-above\">\n<div class=\"td-module-meta-info\"><a href=\"https:\/\/www.jurnaldevrancea.ro\/actualitate\/\" class=\"td-post-category\">Actualitate<\/a><\/p>\n<h3 class=\"entry-title td-module-title\"><a href=\"https:\/\/www.jurnaldevrancea.ro\/sute-de-persoane-cercetate-si-zeci-de-tone-de-petarde-confiscate-in-urma-actiunilor-politiei\/\" rel=\"bookmark\" title=\"Sute de persoane cercetate \u0219i zeci de tone de petarde confiscate \u00een urma ac\u021biunilor poli\u021biei\">Sute de persoane cercetate \u0219i zeci de tone de petarde confiscate \u00een urma ac\u021biunilor poli\u021biei<\/a><\/h3>\n<div class=\"td-excerpt\">\u00cen perioada 22 septembrie 2025 \u2013 5 ianuarie 2026, Direc\u021bia Arme, Explozivi \u0219i Substan\u021be&#8230;<\/div>\n<\/div>\n<\/div>\n<\/div>\n<\/div>\n<\/div>\n<\/div>\n<\/div>\n<\/div>\n<\/div>\n<div id=\"tdi_119\" class=\"tdc-row\">\n<div class=\"vc_row tdi_120  wpb_row td-pb-row\">\n<div class=\"vc_column tdi_122  wpb_column vc_column_container tdc-column td-pb-span12\">\n<div class=\"wpb_wrapper\">\n<div class=\"tdm_block td_block_wrap tdm_block_column_title tdi_123 tdm-content-horiz-center td-pb-border-top td_block_template_1\" data-td-block-uid=\"tdi_123\">\n<div class=\"td-block-row\">\n<div class=\"td-block-span12 tdm-col\">\n<div class=\"tds-title tds-title1 td-fix-index tdi_124 \">\n<h3 class=\"tdm-title tdm-title-md\">ARTICOLE POPULARE<\/h3>\n<\/div>\n<\/div>\n<\/div>\n<\/div>\n<\/div>\n<\/div>\n<\/div>\n<\/div>\n<div id=\"tdi_125\" class=\"tdc-row\">\n<div class=\"vc_row tdi_126  wpb_row td-pb-row\">\n<div class=\"vc_column tdi_128  wpb_column vc_column_container tdc-column td-pb-span12\">\n<div class=\"wpb_wrapper\">\n<div class=\"td_block_wrap td_flex_block_1 tdi_129 td-pb-border-top td_block_template_1 td_flex_block\" data-td-block-uid=\"tdi_129\">\n<div id=\"tdi_129\" class=\"td_block_inner td-mc1-wrap\">\n<div class=\"td_module_flex td_module_flex_1 td_module_wrap td-animation-stack td-cpt-post\">\n<div class=\"td-module-container td-category-pos-above\">\n<div class=\"td-module-meta-info\"><a href=\"https:\/\/www.jurnaldevrancea.ro\/actualitate\/\" class=\"td-post-category\">Actualitate<\/a><\/p>\n<h3 class=\"entry-title td-module-title\"><a href=\"https:\/\/www.jurnaldevrancea.ro\/alerta-epidemiologica-in-vrancea-doua-femei-sunt-internate-in-stare-grava-la-ati-cu-suspiciune-de-botulism\/\" rel=\"bookmark\" title=\"Alert\u0103 epidemiologic\u0103 \u00een Vrancea! Dou\u0103 femei sunt internate \u00een stare grav\u0103 la ATI cu suspiciune de botulism\">Alert\u0103 epidemiologic\u0103 \u00een Vrancea! Dou\u0103 femei sunt internate \u00een stare grav\u0103 la ATI cu suspiciune de botulism<\/a><\/h3>\n<div class=\"td-excerpt\">Dou\u0103 cazuri suspecte de botulism au fost raportate \u00een jude\u021bul Vrancea \u00een intervalul 10\u201311&#8230;<\/div>\n<div class=\"td-editor-date\"><span class=\"td-author-date\"><span class=\"td-post-date\"><time class=\"entry-date updated td-module-date\" datetime=\"2025-12-13T08:18:55+02:00\">13\/12\/2025<\/time><\/span><\/span><\/div>\n<\/div>\n<\/div>\n<\/div>\n<div class=\"td_module_flex td_module_flex_1 td_module_wrap td-animation-stack td-cpt-post\">\n<div class=\"td-module-container td-category-pos-above\">\n<div class=\"td-module-meta-info\"><a href=\"https:\/\/www.jurnaldevrancea.ro\/actualitate\/\" class=\"td-post-category\">Actualitate<\/a><\/p>\n<h3 class=\"entry-title td-module-title\"><a href=\"https:\/\/www.jurnaldevrancea.ro\/crangul-petresti-locul-unde-sarbatorile-revin-la-radacini-care-este-programul-spectacolelor-organizate-in-apropierea-craciunului\/\" rel=\"bookmark\" title=\"Cr\u00e2ngul Petre\u0219ti, locul unde s\u0103rb\u0103torile revin la r\u0103d\u0103cini! Care este programul spectacolelor organizate \u00een apropierea Cr\u0103ciunului\">Cr\u00e2ngul Petre\u0219ti, locul unde s\u0103rb\u0103torile revin la r\u0103d\u0103cini! Care este programul spectacolelor organizate \u00een apropierea Cr\u0103ciunului<\/a><\/h3>\n<div class=\"td-excerpt\">\n<p>Din 19 decembrie, Cr\u00e2ngul Petre\u0219ti se transform\u0103 \u00eentr-un spa\u021biu \u00een care s\u0103rb\u0103torile de iarn\u0103&#8230;<\/p><\/div>\n<div class=\"td-editor-date\"><span class=\"td-author-date\"><span class=\"td-post-date\"><time class=\"entry-date updated td-module-date\" datetime=\"2025-12-15T18:34:09+02:00\">15\/12\/2025<\/time><\/span><\/span><\/div>\n<\/div>\n<\/div>\n<\/div>\n<div class=\"td_module_flex td_module_flex_1 td_module_wrap td-animation-stack td-cpt-post\">\n<div class=\"td-module-container td-category-pos-above\">\n<div class=\"td-module-meta-info\"><a href=\"https:\/\/www.jurnaldevrancea.ro\/actualitate\/\" class=\"td-post-category\">Actualitate<\/a><\/p>\n<h3 class=\"entry-title td-module-title\"><a href=\"https:\/\/www.jurnaldevrancea.ro\/femeie-din-tulnici-cautata-de-autoritati-ea-ar-fi-trebuit-sa-ajunga-in-tecuci-dar-a-fost-data-disparuta\/\" rel=\"bookmark\" title=\"Femeie din Tulnici c\u0103utat\u0103 de autorit\u0103\u021bi! Ea ar fi trebuit s\u0103 ajung\u0103 \u00een Tecuci dar a fost dat\u0103 disp\u0103rut\u0103!\">Femeie din Tulnici c\u0103utat\u0103 de autorit\u0103\u021bi! Ea ar fi trebuit s\u0103 ajung\u0103 \u00een Tecuci dar a fost dat\u0103 disp\u0103rut\u0103!<\/a><\/h3>\n<div class=\"td-excerpt\">UPDATE: Femeia a fost g\u0103sit\u0103, f\u0103r\u0103 s\u0103 fi fost victima vreunei infrac\u021biuni.<\/p>\n<p>La data de&#8230;<\/p><\/div>\n<div class=\"td-editor-date\"><span class=\"td-author-date\"><span class=\"td-post-date\"><time class=\"entry-date updated td-module-date\" datetime=\"2025-12-16T12:13:32+02:00\">16\/12\/2025<\/time><\/span><\/span><\/div>\n<\/div>\n<\/div>\n<\/div>\n<\/div>\n<\/div>\n<\/div>\n<\/div>\n<\/div>\n<\/div>\n<\/div>\n<\/div>\n<p><span class=\"td-page-meta\"><\/span><span class=\"td-page-meta\"><span class=\"td-page-meta\"><\/span><\/span><span class=\"td-page-meta\"><\/span><\/article>\n<p> Source URL: https:\/\/www.jurnaldevrancea.ro\/video-bucurie-mare-la-carligele-prima-zi-cu-microbuzul-electric-primit-de-la-consiliul-judetean-ahizitionat-cu-fonduri-ue-prin-pnrr\/<\/p>\n","protected":false},"excerpt":{"rendered":"<p>Acas\u0103ActualitateVIDEO Bucurie mare la C\u00e2rligele \u2013 prima zi cu microbuzul electric primit de la consiliul jude\u021bean,&#8230; ActualitateAdministra\u021bie VIDEO Bucurie mare la C\u00e2rligele \u2013 prima zi cu microbuzul electric primit de la consiliul jude\u021bean, ahizi\u021bionat cu fonduri UE prin PNRR DE:Editor Online 10\/11\/2025 119 Facebook Twitter WhatsApp Imprimare Elevii din comuna C\u00e2rligele au avut parte ast\u0103zi [&hellip;]<\/p>\n","protected":false},"author":1,"featured_media":1135306,"comment_status":"open","ping_status":"","sticky":false,"template":"","format":"standard","meta":{"footnotes":""},"categories":[89],"tags":[207],"class_list":["post-1135305","post","type-post","status-publish","format-standard","has-post-thumbnail","hentry","category-romania","tag-jurnaldevrancea-ro"],"_links":{"self":[{"href":"https:\/\/analyse.optim.biz\/index.php?rest_route=\/wp\/v2\/posts\/1135305","targetHints":{"allow":["GET"]}}],"collection":[{"href":"https:\/\/analyse.optim.biz\/index.php?rest_route=\/wp\/v2\/posts"}],"about":[{"href":"https:\/\/analyse.optim.biz\/index.php?rest_route=\/wp\/v2\/types\/post"}],"author":[{"embeddable":true,"href":"https:\/\/analyse.optim.biz\/index.php?rest_route=\/wp\/v2\/users\/1"}],"replies":[{"embeddable":true,"href":"https:\/\/analyse.optim.biz\/index.php?rest_route=%2Fwp%2Fv2%2Fcomments&post=1135305"}],"version-history":[{"count":0,"href":"https:\/\/analyse.optim.biz\/index.php?rest_route=\/wp\/v2\/posts\/1135305\/revisions"}],"wp:featuredmedia":[{"embeddable":true,"href":"https:\/\/analyse.optim.biz\/index.php?rest_route=\/wp\/v2\/media\/1135306"}],"wp:attachment":[{"href":"https:\/\/analyse.optim.biz\/index.php?rest_route=%2Fwp%2Fv2%2Fmedia&parent=1135305"}],"wp:term":[{"taxonomy":"category","embeddable":true,"href":"https:\/\/analyse.optim.biz\/index.php?rest_route=%2Fwp%2Fv2%2Fcategories&post=1135305"},{"taxonomy":"post_tag","embeddable":true,"href":"https:\/\/analyse.optim.biz\/index.php?rest_route=%2Fwp%2Fv2%2Ftags&post=1135305"}],"curies":[{"name":"wp","href":"https:\/\/api.w.org\/{rel}","templated":true}]}}