{"id":112966,"date":"2018-07-12T13:44:42","date_gmt":"2018-07-12T10:44:42","guid":{"rendered":"https:\/\/analyse.optim.biz\/?p=112966"},"modified":"2018-07-12T13:44:42","modified_gmt":"2018-07-12T10:44:42","slug":"csm-si-inspectia-judiciara-sesizate-dupa-afirmatiile-fara-precedent-ale-lui-dragnea","status":"publish","type":"post","link":"https:\/\/analyse.optim.biz\/?p=112966","title":{"rendered":"CSM \u015fi Inspec\u0163ia Judiciar\u0103, sesizate dup\u0103 afirma\u0163iile f\u0103r\u0103 precedent ale lui Dragnea"},"content":{"rendered":"<div class=\"entry data-app-meta data-app-meta-article\" data-embed-base-url-canonical=\"https:\/\/www.digi24.ro\/embed\/stiri\/actualitate\/politica\/apel-al-judecatorului-cristi-danilet-dupa-afirmatiile-fara-precedent-ale-lui-dragnea-962421\">\n<p data-index=\"1\"><strong>Judec\u0103torul Cristi Danile\u0163, fost membru CSM, consider\u0103 c\u0103 <a href=\"https:\/\/www.digi24.ro\/stiri\/actualitate\/politica\/dragnea-miza-lui-iohannis-e-ca-eu-sa-nu-mai-exist-a-contribuit-la-condamnarea-mea-962088\" data-skip-linkfix=\"1\">ultimele declara\u0163ii<\/a> ale liderului PSD, Liviu Dragnea, trebuie s\u0103 intre \u00een aten\u0163ia CSM \u015fi a Inspec\u0163iei Judiciare, fapt pentru care magistratul a sesizat, joi, cele dou\u0103 organisme.<\/strong><\/p>\n<p data-index=\"2\"><img loading=\"lazy\" decoding=\"async\" class=\"alignnone size-full wp-image-652504\" src=\"https:\/\/analyse.optim.biz\/wp-content\/uploads\/2024\/09\/anbnjnc9odawjmhhc2g9ngq3mddhnmuwyjg5ndk3otflytzindi0y2i4odbjmjm-thumb_.jpg\" width=\"960\" height=\"640\" data-skip-htmlfix=\"1\" title=\"anbnjnc9odawjmhhc2g9ngq3mddhnmuwyjg5ndk3otflytzindi0y2i4odbjmjm-thumb_\"><\/p>\n<div id=\"js_5c1\" class=\"_5pbx userContent _3576\" data-ft='{\"tn\":\"K\"}'>\n<p data-index=\"3\">&#8220;Azi am sesizat CSM \u0219i Inspec\u021bia Judiciar\u0103 cu privire la cele semnalate de Liviu Dragnea in leg\u0103tur\u0103 cu influen\u021barea unui judec\u0103tor suprem&#8221;, scrie magistratul Cristi Danile\u0163, pe contul s\u0103u de Facebook.<\/p>\n<\/div>\n<p data-index=\"4\">Mai jos, postarea integral\u0103 a judec\u0103torului Cristi Danile\u0163 cu privire la motivele care au stat la baza acestui demers:<\/p>\n<p data-index=\"5\">Dragnea, <a href=\"https:\/\/www.digi24.ro\/stiri\/actualitate\/politica\/dragnea-miza-lui-iohannis-e-ca-eu-sa-nu-mai-exist-a-contribuit-la-condamnarea-mea-962088\" data-skip-linkfix=\"1\">asear\u0103<\/a>: \u201dEste un ofi\u021ber ()&#8230; care este militar (&#8230;) \u0219i care mi-a zis c\u0103 a participat la ni\u0219te discu\u021bii cu anumi\u021bi \u0219efi din ni\u0219te institu\u021bii care spuneau c\u0103 a fost aranjat un judec\u0103tor din complet, dar se lucreaz\u0103 \u00een continuare.\u201d<br \/> Sunt dou\u0103 aspecte aici:<br \/> 1. Primul aspect, grav: \u00eent\u00e2lnirea dintre Pre\u0219edintele Camerei Deputa\u021bilor cu un ofi\u021ber activ al serviciilor de informa\u021bii pentru a discuta de un caz privind mai multe persoane fizice aflat pe rolul instan\u021bei supreme<span class=\"text_exposed_show\">. Aici ar trebui s\u0103 intervin\u0103 CSM pentru a atrage aten\u021bia asupra institu\u021biilor statului \u00een leg\u0103tur\u0103 cu implicarea voluntar\u0103 a unor ofi\u021beri \u00een discu\u021bii \u0219i analize despre justi\u021bie.<br \/> 2. Al doilea aspect, mult mai grav: declara\u021bia cum c\u0103 unul dintre judec\u0103torii cauzei ar fi fost influen\u021bat \u00een solu\u021bia sa. \u00cen aceste condi\u021bii, Inspec\u021bia Judiciar\u0103 trebuie s\u0103 se sesizeze: s\u0103 \u00eel audieze ca martor pe Liviu Dragnea pentru a indica numele ofi\u021berului de informa\u021bii, acesta din urm\u0103 s\u0103 fie audiat ca martor pentru a indica numele celui care a f\u0103cut influen\u021ba \u0219i asupra cui, iar judec\u0103torul \u00een cauz\u0103 \u0219i restul membrilor din complet s\u0103 fie audia\u021bi. Dac\u0103 totul a fost o minciun\u0103, trebuie ca CSM s\u0103 ias\u0103 public s\u0103 arate acest lucru, iar independen\u021ba completului de judecat\u0103 \u0219i reputa\u021bia profesional\u0103 a fiec\u0103rui membru al completului s\u0103 fie ap\u0103rate! Dac\u0103 cele relatate sunt reluate, s\u0103 \u00eenceap\u0103 de urgen\u021b\u0103 procedurile judiciare.<\/span><\/p>\n<p class=\"gdpr-placeholder gdpr-social-media gdpr-iframe-fix\" data-index=\"7\"> Setarile tale privind cookie-urile nu permit afisarea continutul din aceasta sectiune. Poti actualiza setarile modulelor coookie direct din browser sau de <a class=\"ot-sdk-show-settings\" data-skip-linkfix=\"1\">aici<\/a> \u2013 e nevoie sa accepti cookie-urile social media<\/p>\n<p data-index=\"8\"><strong>Citi\u0163i \u015fi: <a href=\"https:\/\/www.digi24.ro\/opinii\/primele-mii-de-pensii-care-ar-putea-creste-cu-adevarat-in-guvernarea-psd-alde-si-o-bataie-de-joc-cu-repetitie-la-adresa-ccr-961790\" data-skip-linkfix=\"1\">Primele mii de pensii care ar putea cre\u0219te cu adev\u0103rat \u00een guvernarea PSD-ALDE. \u0218i o \u201eb\u0103taie de joc\u201d cu repeti\u021bie la adresa CCR<\/a><\/strong><\/p>\n<p data-index=\"9\">Citi\u021bi \u0219i <a href=\"https:\/\/www.digi24.ro\/opinii\/ce-urmeaza-dupa-revocarea-lui-kovesi-961364\" data-skip-linkfix=\"1\">\u201dCulisele revoc\u0103rii lui Kovesi. Cum a c\u0103zut Iohannis \u00een capcana \u00eentins\u0103 de Dragnea\u201d<\/a><\/p>\n<\/div>\n<p> Source URL: https:\/\/www.digi24.ro\/stiri\/actualitate\/politica\/apel-al-judecatorului-cristi-danilet-dupa-afirmatiile-fara-precedent-ale-lui-dragnea-962421<\/p>\n","protected":false},"excerpt":{"rendered":"<p>Judec\u0103torul Cristi Danile\u0163, fost membru CSM, consider\u0103 c\u0103 ultimele declara\u0163ii ale liderului PSD, Liviu Dragnea, trebuie s\u0103 intre \u00een aten\u0163ia CSM \u015fi a Inspec\u0163iei Judiciare, fapt pentru care magistratul a sesizat, joi, cele dou\u0103 organisme. &#8220;Azi am sesizat CSM \u0219i Inspec\u021bia Judiciar\u0103 cu privire la cele semnalate de Liviu Dragnea in leg\u0103tur\u0103 cu influen\u021barea unui [&hellip;]<\/p>\n","protected":false},"author":1,"featured_media":112967,"comment_status":"open","ping_status":"","sticky":false,"template":"","format":"standard","meta":{"footnotes":""},"categories":[2],"tags":[11],"class_list":["post-112966","post","type-post","status-publish","format-standard","has-post-thumbnail","hentry","category-politics","tag-digi24"],"_links":{"self":[{"href":"https:\/\/analyse.optim.biz\/index.php?rest_route=\/wp\/v2\/posts\/112966","targetHints":{"allow":["GET"]}}],"collection":[{"href":"https:\/\/analyse.optim.biz\/index.php?rest_route=\/wp\/v2\/posts"}],"about":[{"href":"https:\/\/analyse.optim.biz\/index.php?rest_route=\/wp\/v2\/types\/post"}],"author":[{"embeddable":true,"href":"https:\/\/analyse.optim.biz\/index.php?rest_route=\/wp\/v2\/users\/1"}],"replies":[{"embeddable":true,"href":"https:\/\/analyse.optim.biz\/index.php?rest_route=%2Fwp%2Fv2%2Fcomments&post=112966"}],"version-history":[{"count":0,"href":"https:\/\/analyse.optim.biz\/index.php?rest_route=\/wp\/v2\/posts\/112966\/revisions"}],"wp:featuredmedia":[{"embeddable":true,"href":"https:\/\/analyse.optim.biz\/index.php?rest_route=\/wp\/v2\/media\/112967"}],"wp:attachment":[{"href":"https:\/\/analyse.optim.biz\/index.php?rest_route=%2Fwp%2Fv2%2Fmedia&parent=112966"}],"wp:term":[{"taxonomy":"category","embeddable":true,"href":"https:\/\/analyse.optim.biz\/index.php?rest_route=%2Fwp%2Fv2%2Fcategories&post=112966"},{"taxonomy":"post_tag","embeddable":true,"href":"https:\/\/analyse.optim.biz\/index.php?rest_route=%2Fwp%2Fv2%2Ftags&post=112966"}],"curies":[{"name":"wp","href":"https:\/\/api.w.org\/{rel}","templated":true}]}}