{"id":112963,"date":"2018-07-12T14:15:23","date_gmt":"2018-07-12T11:15:23","guid":{"rendered":"https:\/\/analyse.optim.biz\/?p=112963"},"modified":"2018-07-12T14:15:23","modified_gmt":"2018-07-12T11:15:23","slug":"proiectul-pentru-alegerea-primarilor-in-doua-tururi-semnat-de-500-000-de-romani","status":"publish","type":"post","link":"https:\/\/analyse.optim.biz\/?p=112963","title":{"rendered":"Proiectul pentru alegerea primarilor \u00een dou\u0103 tururi, semnat de 500.000 de rom\u00e2ni"},"content":{"rendered":"<div class=\"entry data-app-meta data-app-meta-article\" data-embed-base-url-canonical=\"https:\/\/www.digi24.ro\/embed\/stiri\/actualitate\/politica\/proiectul-pentru-alegerea-primarilor-in-doua-tururi-semnat-de-500-000-de-romani-962456\">\n<p data-index=\"1\"><strong>Vicepre\u015fedintele PMP, Ionu\u0163 Simionca, \u015fef al filialei jude\u0163ene Bistri\u0163a-N\u0103s\u0103ud a partidului, a declarat joi, \u00een cadrul unei conferin\u0163e de pres\u0103, c\u0103 ini\u0163iativa privind alegerea primarilor \u00een dou\u0103 tururi de scrutin a adunat deja aproximativ 500.000 de semn\u0103turi la nivel na\u0163ional.<\/strong><\/p>\n<p data-index=\"2\"><img loading=\"lazy\" decoding=\"async\" class=\"alignnone size-full wp-image-962462\" src=\"https:\/\/analyse.optim.biz\/wp-content\/uploads\/2024\/09\/dz04mdamagfzad1hmmnkzdc5mjnlywzkmtrhnthlzwiynzhiywfindixmw-thumb_.jpg\" width=\"793\" height=\"503\" data-skip-htmlfix=\"1\" title=\"dz04mdamagfzad1hmmnkzdc5mjnlywzkmtrhnthlzwiynzhiywfindixmw-thumb_\"><\/p>\n<p> \u201eNoi o s\u0103 continu\u0103m str\u00e2ngerea semn\u0103turilor pentru propunerea legislativ\u0103 care vizeaz\u0103 alegerea primarilor \u00een dou\u0103 tururi. Am reu\u015fit p\u00e2n\u0103 acum s\u0103 adun\u0103m aproape o jum\u0103tate de milion de semn\u0103turi la nivel na\u0163ional \u015fi vrem s\u0103 ne atingem targetul de un milion de semn\u0103turi\u201d, a spus Simionca.<\/p>\n<p> Ionu\u0163 Simionca este de p\u0103rere c\u0103 o astfel de ini\u0163iativ\u0103 le-ar oferi \u015fi tinerilor politicieni \u015fansa de a c\u00e2\u015ftiga \u00een alegeri.<\/p>\n<p> \u201eCredem c\u0103 este necesar\u0103 modificarea legislativ\u0103 prin care alegerea primarului se face \u00een dou\u0103 tururi, este democratic, oamenii \u00ee\u015fi pot exprima mai bine votul. (&#8230;) Alegerea primarului \u00een dou\u0103 tururi aduce un plus de democra\u0163ie \u015fi d\u0103 \u015fansa tinerilor politicieni, care vor s\u0103 fac\u0103 o politic\u0103 de calitate, s\u0103 ias\u0103 \u00een fa\u0163\u0103 \u015fi s\u0103 c\u00e2\u015ftige alegeri electorale\u201d, a mai spus vicepre\u015fedintele PMP.<\/p>\n<p> Campania de str\u00e2ngere de semn\u0103turi pentru aceast\u0103 ini\u0163iativ\u0103 legislativ\u0103 a \u00eenceput \u00een luna aprilie.<\/p>\n<p data-index=\"3\">Pre\u0219edintele PMP, Eugen Tomac, explica atunci c\u0103 scopul str\u00e2ngerii de semn\u0103turi nu este depunerea unei ini\u021biative cet\u0103\u021bene\u0219ti, pentru c\u0103 proiectul de lege era deja depus \u00een Parlament, ci \u00eent\u0103rirea mesajului.<\/p>\n<p data-index=\"4\">Adoptat tacit de Senat (adic\u0103, f\u0103r\u0103 niciun fel de dezbatere), \u00een iunie 2016, <a href=\"http:\/\/www.cdep.ro\/pls\/proiecte\/upl_pck2015.proiect?cam=2&amp;idp=15321\" data-skip-linkfix=\"1\">proiectul privind revenirea la dou\u0103 tururi de scrutin \u00een cazul alegerilor pentru prim\u0103rii<\/a> figureaz\u0103 pe ordinea de zi a Camerei Deputa\u021bilor din februarie 2018.<\/p>\n<\/div>\n<p> Source URL: https:\/\/www.digi24.ro\/stiri\/actualitate\/politica\/proiectul-pentru-alegerea-primarilor-in-doua-tururi-semnat-de-500-000-de-romani-962456<\/p>\n","protected":false},"excerpt":{"rendered":"<p>Vicepre\u015fedintele PMP, Ionu\u0163 Simionca, \u015fef al filialei jude\u0163ene Bistri\u0163a-N\u0103s\u0103ud a partidului, a declarat joi, \u00een cadrul unei conferin\u0163e de pres\u0103, c\u0103 ini\u0163iativa privind alegerea primarilor \u00een dou\u0103 tururi de scrutin a adunat deja aproximativ 500.000 de semn\u0103turi la nivel na\u0163ional. \u201eNoi o s\u0103 continu\u0103m str\u00e2ngerea semn\u0103turilor pentru propunerea legislativ\u0103 care vizeaz\u0103 alegerea primarilor \u00een dou\u0103 [&hellip;]<\/p>\n","protected":false},"author":1,"featured_media":112964,"comment_status":"open","ping_status":"","sticky":false,"template":"","format":"standard","meta":{"footnotes":""},"categories":[2],"tags":[11],"class_list":["post-112963","post","type-post","status-publish","format-standard","has-post-thumbnail","hentry","category-politics","tag-digi24"],"_links":{"self":[{"href":"https:\/\/analyse.optim.biz\/index.php?rest_route=\/wp\/v2\/posts\/112963","targetHints":{"allow":["GET"]}}],"collection":[{"href":"https:\/\/analyse.optim.biz\/index.php?rest_route=\/wp\/v2\/posts"}],"about":[{"href":"https:\/\/analyse.optim.biz\/index.php?rest_route=\/wp\/v2\/types\/post"}],"author":[{"embeddable":true,"href":"https:\/\/analyse.optim.biz\/index.php?rest_route=\/wp\/v2\/users\/1"}],"replies":[{"embeddable":true,"href":"https:\/\/analyse.optim.biz\/index.php?rest_route=%2Fwp%2Fv2%2Fcomments&post=112963"}],"version-history":[{"count":0,"href":"https:\/\/analyse.optim.biz\/index.php?rest_route=\/wp\/v2\/posts\/112963\/revisions"}],"wp:featuredmedia":[{"embeddable":true,"href":"https:\/\/analyse.optim.biz\/index.php?rest_route=\/wp\/v2\/media\/112964"}],"wp:attachment":[{"href":"https:\/\/analyse.optim.biz\/index.php?rest_route=%2Fwp%2Fv2%2Fmedia&parent=112963"}],"wp:term":[{"taxonomy":"category","embeddable":true,"href":"https:\/\/analyse.optim.biz\/index.php?rest_route=%2Fwp%2Fv2%2Fcategories&post=112963"},{"taxonomy":"post_tag","embeddable":true,"href":"https:\/\/analyse.optim.biz\/index.php?rest_route=%2Fwp%2Fv2%2Ftags&post=112963"}],"curies":[{"name":"wp","href":"https:\/\/api.w.org\/{rel}","templated":true}]}}