{"id":112960,"date":"2018-07-12T14:17:00","date_gmt":"2018-07-12T11:17:00","guid":{"rendered":"https:\/\/analyse.optim.biz\/?p=112960"},"modified":"2018-07-12T14:17:00","modified_gmt":"2018-07-12T11:17:00","slug":"dragnea-despre-posibilitatea-unei-oug-pe-legile-justitiei-decizia-va-fi-la-guvern-nu-impun-nimic-premierului","status":"publish","type":"post","link":"https:\/\/analyse.optim.biz\/?p=112960","title":{"rendered":"Dragnea, despre posibilitatea unei OUG pe legile Justi\u021biei: \u201eDecizia va fi la guvern. Nu impun nimic premierului\u201d"},"content":{"rendered":"<div class=\"entry data-app-meta data-app-meta-article\" data-embed-base-url-canonical=\"https:\/\/www.digi24.ro\/embed\/stiri\/actualitate\/politica\/dragnea-despre-posibilitatea-unei-oug-pe-legile-justitiei-decizia-va-fi-la-guvern-nu-impun-nimic-premierului-962453\">\n<p data-index=\"1\"><strong>Liviu Dragnea spune c\u0103 varianta trecerii modific\u0103rilor Codurilor penale prin OUG nu este exclus\u0103 \u0219i c\u0103 \u201edecizia va fi la Guvern\u201d. Liderul PSD a declarat, la Antena 3, c\u0103 problema am\u00e2n\u0103rii intr\u0103rii \u00een vigoare a Legilor Justi\u021biei \u0219i a Codurilor penale ar putea fi rezolvat\u0103 de guvern.<\/strong><\/p>\n<p data-index=\"2\"><a href=\"https:\/\/s.iw.ro\/gateway\/g\/ZmlsZVNvdXJjZT1odHRwcyUzQSUyRiUy\/RndlYmFkbWRpZ2kyNC5yY3MtcmRzLnJv\/JTJGd3AtY29udGVudCUyRnVwbG9hZHMl\/MkYyMDE4JTJGMDclMkZkcmFnbmVhMi5w\/bmcmaGFzaD0xOWIyMDQwNDk1ODgzMzM1NTkxZjg5NTQ5OTIwOGE1MA==.png\" data-skip-linkfix=\"1\" target=\"_blank\" rel=\"noopener\"><img loading=\"lazy\" decoding=\"async\" class=\"alignnone size-full wp-image-958430\" src=\"https:\/\/analyse.optim.biz\/wp-content\/uploads\/2024\/09\/bmcmdz04mdamagfzad0xm2jiyme1n2iyowfkzdy0ndblzgmyndkyzmrlzdhlyg-thumb_.jpg\" width=\"896\" height=\"579\" data-skip-htmlfix=\"1\" title=\"bmcmdz04mdamagfzad0xm2jiyme1n2iyowfkzdy0ndblzgmyndkyzmrlzdhlyg-thumb_\"><\/a><\/p>\n<p data-index=\"3\">Liviu Dragnea a spus c\u0103, \u00een cazul \u00een care legile \u0219i modific\u0103rile Codurilor penale vor fi din nou blocate, \u201edecizia va fi la Guvern\u201d, suger\u00e2nd c\u0103 varianta unei ordonan\u021be de urgen\u021b\u0103 r\u0103m\u00e2ne o posibilitate.<\/p>\n<p data-index=\"4\"><em>\u201eNu o s\u0103 impun premierului sau Guvernului nimic. Ceea ce \u021bine de Parlament, de decizia politic\u0103 sunt lucruri rezolvate. Decizia politic\u0103 a fost asumat\u0103, cu calendar anun\u021bat public, respectat. De aici \u00eencolo s\u0103 vedem cum se desf\u0103\u0219oar\u0103 lucrurile \u00een continuare, contest\u0103ri.<\/em><\/p>\n<p data-index=\"5\"><em>Ei vor s\u0103 se \u00eentind\u0103 cu intrarea \u00een vigoare a acestor legi cu speran\u021ba restaura\u021biei. Ce va face Guvernul, ce vor face partidele din coali\u021bie, vom vedea. \u0218i eu a\u0219tept ca to\u021bi colegii no\u0219tri s\u0103 fac\u0103 ceea ce e de f\u0103cut pentru ca obiectivele asumate de noi s\u0103 fie \u00eendeplinite. O s\u0103 vedem\u201d,<\/em> a spus Liviu Dragnea.<\/p>\n<p data-index=\"6\"><strong>Citi\u0163i \u015fi: <a href=\"https:\/\/www.digi24.ro\/opinii\/primele-mii-de-pensii-care-ar-putea-creste-cu-adevarat-in-guvernarea-psd-alde-si-o-bataie-de-joc-cu-repetitie-la-adresa-ccr-961790\" data-skip-linkfix=\"1\">Primele mii de pensii care ar putea cre\u0219te cu adev\u0103rat \u00een guvernarea PSD-ALDE. \u0218i o \u201eb\u0103taie de joc\u201d cu repeti\u021bie la adresa CCR<\/a><\/strong><\/p>\n<\/div>\n<p> Source URL: https:\/\/www.digi24.ro\/stiri\/actualitate\/politica\/dragnea-despre-posibilitatea-unei-oug-pe-legile-justitiei-decizia-va-fi-la-guvern-nu-impun-nimic-premierului-962453<\/p>\n","protected":false},"excerpt":{"rendered":"<p>Liviu Dragnea spune c\u0103 varianta trecerii modific\u0103rilor Codurilor penale prin OUG nu este exclus\u0103 \u0219i c\u0103 \u201edecizia va fi la Guvern\u201d. Liderul PSD a declarat, la Antena 3, c\u0103 problema am\u00e2n\u0103rii intr\u0103rii \u00een vigoare a Legilor Justi\u021biei \u0219i a Codurilor penale ar putea fi rezolvat\u0103 de guvern. Liviu Dragnea a spus c\u0103, \u00een cazul \u00een [&hellip;]<\/p>\n","protected":false},"author":1,"featured_media":112961,"comment_status":"open","ping_status":"","sticky":false,"template":"","format":"standard","meta":{"footnotes":""},"categories":[2],"tags":[11],"class_list":["post-112960","post","type-post","status-publish","format-standard","has-post-thumbnail","hentry","category-politics","tag-digi24"],"_links":{"self":[{"href":"https:\/\/analyse.optim.biz\/index.php?rest_route=\/wp\/v2\/posts\/112960","targetHints":{"allow":["GET"]}}],"collection":[{"href":"https:\/\/analyse.optim.biz\/index.php?rest_route=\/wp\/v2\/posts"}],"about":[{"href":"https:\/\/analyse.optim.biz\/index.php?rest_route=\/wp\/v2\/types\/post"}],"author":[{"embeddable":true,"href":"https:\/\/analyse.optim.biz\/index.php?rest_route=\/wp\/v2\/users\/1"}],"replies":[{"embeddable":true,"href":"https:\/\/analyse.optim.biz\/index.php?rest_route=%2Fwp%2Fv2%2Fcomments&post=112960"}],"version-history":[{"count":0,"href":"https:\/\/analyse.optim.biz\/index.php?rest_route=\/wp\/v2\/posts\/112960\/revisions"}],"wp:featuredmedia":[{"embeddable":true,"href":"https:\/\/analyse.optim.biz\/index.php?rest_route=\/wp\/v2\/media\/112961"}],"wp:attachment":[{"href":"https:\/\/analyse.optim.biz\/index.php?rest_route=%2Fwp%2Fv2%2Fmedia&parent=112960"}],"wp:term":[{"taxonomy":"category","embeddable":true,"href":"https:\/\/analyse.optim.biz\/index.php?rest_route=%2Fwp%2Fv2%2Fcategories&post=112960"},{"taxonomy":"post_tag","embeddable":true,"href":"https:\/\/analyse.optim.biz\/index.php?rest_route=%2Fwp%2Fv2%2Ftags&post=112960"}],"curies":[{"name":"wp","href":"https:\/\/api.w.org\/{rel}","templated":true}]}}