{"id":1129105,"date":"2019-08-29T04:25:19","date_gmt":"2019-08-29T01:25:19","guid":{"rendered":"https:\/\/analyse.optim.biz\/?p=1129105"},"modified":"2019-08-29T04:25:19","modified_gmt":"2019-08-29T01:25:19","slug":"regina-aproba-un-brexit-fara-acord-incorect-politic","status":"publish","type":"post","link":"https:\/\/analyse.optim.biz\/?p=1129105","title":{"rendered":"Regina Aprob\u0103 un Brexit F\u0103r\u0103 Acord? &#8211; Incorect Politic"},"content":{"rendered":"<article class=\"post-listing post-27546 post type-post status-publish format-standard has-post-thumbnail  category-international category-stirea-zilei tag-brexit-2019 tag-brexit-fara-acord tag-ce-inseamna-brexit tag-ce-se-intampla-dupa-brexit tag-regina-aproba-brexit tag-romanii-dupa-brexit\" id=\"the-post\">\n<div class=\"post-inner\">\n<h1 class=\"name post-title entry-title\"><span>Regina Aprob\u0103 un Brexit F\u0103r\u0103 Acord?<\/span><\/h1>\n<div class=\"entry\">\n<p><strong>Incorect Politic<\/strong><br \/>\nAugust 29, 2019<\/p>\n<p><a href=\"https:\/\/analyse.optim.biz\/wp-content\/uploads\/2025\/12\/157576-1.jpg\"><img loading=\"lazy\" decoding=\"async\" class=\"aligncenter wp-image-27547 size-full lazyload\" alt=\"Brexit F\u0103r\u0103 Acord\" width=\"700\" height=\"394\" src=\"https:\/\/analyse.optim.biz\/wp-content\/uploads\/2025\/12\/157576-1.jpg\" title=\"157576-1\"><\/a><\/p>\n<p><img loading=\"lazy\" decoding=\"async\" class=\"aligncenter wp-image-27547 size-full\" src=\"https:\/\/analyse.optim.biz\/wp-content\/uploads\/2025\/12\/157576-1.jpg\" alt=\"Brexit F\u0103r\u0103 Acord\" width=\"700\" height=\"394\" data-eio=\"l\" title=\"157576-1\"><\/p>\n<p>Via <a href=\"https:\/\/www.activenews.ro\/externe\/Brexit-fara-acord-Regina-Elisabeta-a-acceptat-cererea-lui-Boris-Johnson-de-suspendare-a-Parlamentului-157576\">ActiveNews<\/a>:<\/p>\n<p>Regina Elisabeta a II-a a aprobat miercuri planul premierului Boris Johnson de a suspenda parlamentul, relev\u0103 o declara\u021bie a organismului oficial de consilieri ai Reginei, cunoscut drept Privy Council, potrivit Reuters, citat\u0103 de\u00a0<a href=\"http:\/\/www.agerpres.ro\/politica-externa\/2019\/08\/28\/brexit-boris-johnson-obtine-suspendarea-parlamentului-si-provoaca-furia-opozitiei--361222\" target=\"_blank\" rel=\"noopener noreferrer\">Agerpres.<\/a><\/p>\n<p>Suspendarea Parlamentului i-ar \u00eempiedica pe deputa\u021bi s\u0103 se opun\u0103 unui Brexit f\u0103r\u0103 acord, mai cu seam\u0103 av\u00e2nd \u00een vedere c\u0103 exist\u0103 o majoritate \u00een Camera Comunelor, care nu accepta aceast\u0103 variant\u0103 de ie\u0219ire din UE.<\/p>\n<p>Declara\u021bia confirm\u0103 c\u0103 parlamentul Regatului Unit va fi suspendat \u00eencep\u00e2nd cu o zi din intervalul 9-12 septembrie p\u00e2n\u0103 la 14 octombrie.<\/p>\n<p>\u201e\u00cen aceast\u0103 zi, Majestatea Sa a ordonat \u00een Consiliu ca parlamentul s\u0103 fie suspendat \u00eencep\u00e2nd cu o zi care s\u0103 nu fie mai devreme de luni, 9 septembrie 2019, \u0219i nu mai t\u00e2rziu de joi, 12 septembrie 2019, p\u00e2n\u0103 \u00een ziua de luni, 14 octombrie 2019\u2019\u201d, se arat\u0103 \u00een declara\u021bia citat\u0103 de Reuters.<\/p>\n<p>Suspendarea parlamentului britanic p\u00e2n\u0103 la 14 octombrie, anun\u021bat\u0103 de premierul Boris Johnson, este un \u201escandal constitu\u021bional\u201d, a declarat pre\u0219edintele Camerei Comunelor, John Bercow, potrivit AFP.<\/p>\n<p>\u201eEste absolut evident c\u0103 obiectivul suspend\u0103rii este acum de a \u00eempiedica parlamentul s\u0103 dezbat\u0103 Brexitul \u0219i s\u0103-\u0219i \u00eendeplineasc\u0103 datoria de a defini o traiectorie pentru \u021bar\u0103\u201d, a spus Bercow.<\/p>\n<p>La r\u00e2ndul s\u0103u, liderul opozi\u021biei laburiste Jeremy Corbyn a afirmat c\u0103 inten\u021bia premierului Boris Johnson de a extinde vacan\u021ba parlamentar\u0103 p\u00e2n\u0103 la 14 octombrie este \u201eo fapt\u0103 reprobabil\u0103 \u0219i o amenin\u021bare pentru democra\u021bia\u2019\u201d britanic\u0103.<\/p>\n<\/div>\n<div class=\"share-post\"><span class=\"share-text\">Share<\/span><\/p>\n<ul class=\"flat-social\">\n<li><a href=\"http:\/\/www.facebook.com\/sharer.php?u=https:\/\/www.incorectpolitic.com\/?p=27546\" class=\"social-facebook\" rel=\"external\" target=\"_blank\"><span>Facebook<\/span><\/a><\/li>\n<li><a href=\"https:\/\/twitter.com\/intent\/tweet?text=Regina+Aprob%C4%83+un+Brexit+F%C4%83r%C4%83+Acord%3F&amp;url=https:\/\/www.incorectpolitic.com\/?p=27546\" class=\"social-twitter\" rel=\"external\" target=\"_blank\"><span>Twitter<\/span><\/a><\/li>\n<li><a href=\"http:\/\/pinterest.com\/pin\/create\/button\/?url=https:\/\/www.incorectpolitic.com\/?p=27546&amp;description=Regina+Aprob%C4%83+un+Brexit+F%C4%83r%C4%83+Acord%3F&amp;media=https:\/\/www.incorectpolitic.com\/wp-content\/uploads\/2019\/08\/157576-660x330.jpg\" class=\"social-pinterest\" rel=\"external\" target=\"_blank\"><span>Pinterest<\/span><\/a><\/li>\n<\/ul>\n<\/div>\n<\/div>\n<\/article>\n<p> Source URL: https:\/\/www.incorectpolitic.com\/regina-aproba-un-brexit-fara-acord\/<\/p>\n","protected":false},"excerpt":{"rendered":"<p>Regina Aprob\u0103 un Brexit F\u0103r\u0103 Acord? Incorect Politic August 29, 2019 Via ActiveNews: Regina Elisabeta a II-a a aprobat miercuri planul premierului Boris Johnson de a suspenda parlamentul, relev\u0103 o declara\u021bie a organismului oficial de consilieri ai Reginei, cunoscut drept Privy Council, potrivit Reuters, citat\u0103 de\u00a0Agerpres. Suspendarea Parlamentului i-ar \u00eempiedica pe deputa\u021bi s\u0103 se opun\u0103 [&hellip;]<\/p>\n","protected":false},"author":1,"featured_media":1129109,"comment_status":"open","ping_status":"","sticky":false,"template":"","format":"standard","meta":{"footnotes":""},"categories":[89],"tags":[95],"class_list":["post-1129105","post","type-post","status-publish","format-standard","has-post-thumbnail","hentry","category-romania","tag-incorectpolitic-com"],"_links":{"self":[{"href":"https:\/\/analyse.optim.biz\/index.php?rest_route=\/wp\/v2\/posts\/1129105","targetHints":{"allow":["GET"]}}],"collection":[{"href":"https:\/\/analyse.optim.biz\/index.php?rest_route=\/wp\/v2\/posts"}],"about":[{"href":"https:\/\/analyse.optim.biz\/index.php?rest_route=\/wp\/v2\/types\/post"}],"author":[{"embeddable":true,"href":"https:\/\/analyse.optim.biz\/index.php?rest_route=\/wp\/v2\/users\/1"}],"replies":[{"embeddable":true,"href":"https:\/\/analyse.optim.biz\/index.php?rest_route=%2Fwp%2Fv2%2Fcomments&post=1129105"}],"version-history":[{"count":0,"href":"https:\/\/analyse.optim.biz\/index.php?rest_route=\/wp\/v2\/posts\/1129105\/revisions"}],"wp:featuredmedia":[{"embeddable":true,"href":"https:\/\/analyse.optim.biz\/index.php?rest_route=\/wp\/v2\/media\/1129109"}],"wp:attachment":[{"href":"https:\/\/analyse.optim.biz\/index.php?rest_route=%2Fwp%2Fv2%2Fmedia&parent=1129105"}],"wp:term":[{"taxonomy":"category","embeddable":true,"href":"https:\/\/analyse.optim.biz\/index.php?rest_route=%2Fwp%2Fv2%2Fcategories&post=1129105"},{"taxonomy":"post_tag","embeddable":true,"href":"https:\/\/analyse.optim.biz\/index.php?rest_route=%2Fwp%2Fv2%2Ftags&post=1129105"}],"curies":[{"name":"wp","href":"https:\/\/api.w.org\/{rel}","templated":true}]}}