{"id":1129084,"date":"2019-09-04T17:00:27","date_gmt":"2019-09-04T14:00:27","guid":{"rendered":"https:\/\/analyse.optim.biz\/?p=1129084"},"modified":"2019-09-04T17:00:27","modified_gmt":"2019-09-04T14:00:27","slug":"conferinta-php-anulata-din-cauza-barbatilor-albi-incorect-politic","status":"publish","type":"post","link":"https:\/\/analyse.optim.biz\/?p=1129084","title":{"rendered":"Conferinta PHP ANULAT\u0102 din Cauza B\u0103rba\u021bilor Albi &#8211; Incorect Politic"},"content":{"rendered":"<article class=\"post-listing post-27608 post type-post status-publish format-standard has-post-thumbnail  category-international category-stirea-zilei tag-conferinta-php-anulata tag-discriminare-intre-programatori tag-lumea-clovnilor tag-programatori-albi-discriminati\" id=\"the-post\">\n<div class=\"post-inner\">\n<h1 class=\"name post-title entry-title\"><span>Conferinta PHP ANULAT\u0102 din Cauza B\u0103rba\u021bilor Albi<\/span><\/h1>\n<div class=\"entry\">\n<p>Sterie Ciumetti<br \/><strong>Incorect Politic<\/strong><br \/>\nSeptembrie 4, 2019<\/p>\n<p>https:\/\/www.youtube.com\/watch?v=Y4kXPogCN1Y<\/p>\n<p>Anul acesta trebuia s\u0103 aib\u0103 loc o conferin\u021b\u0103 PHP \u00een Europa, intitulat\u0103 PHP Central Europe Conference (<a href=\"https:\/\/cfp.phpce.eu\/\">PHP.CE<\/a>).<\/p>\n<p>Evenimentul a fost programat s\u0103 aib\u0103 loc \u00een Dresden, Germania, dar a fost anulat.<\/p>\n<p>A fost anulat pentru c\u0103 un anume Karl L. Hughes, un opinist aleatoriu de pe twitter care nu urma s\u0103 participe la conferin\u021b\u0103, a f\u0103cut o postare \u00een care a subliniat c\u0103 doar b\u0103rba\u021bi albi vor fi prezen\u021bi la aceast\u0103 conferin\u021b\u0103.<\/p>\n<p>\u00a0<\/p>\n<div class=\"SandboxRoot env-bp-350\" data-twitter-event-id=\"0\">\n<div id=\"twitter-widget-0\" class=\"EmbeddedTweet EmbeddedTweet--cta js-clickToOpenTarget\" lang=\"en\" data-click-to-open-target=\"https:\/\/twitter.com\/KarlLHughes\/status\/1151525811616387073\" data-iframe-title=\"Twitter Tweet\" data-scribe=\"page:tweet\" data-twitter-event-id=\"4\">\n<div class=\"EmbeddedTweet-tweetContainer\">\n<div class=\"EmbeddedTweet-tweet\">\n<blockquote class=\"Tweet h-entry js-tweetIdInfo subject expanded\" cite=\"https:\/\/twitter.com\/KarlLHughes\/status\/1151525811616387073\" data-tweet-id=\"1151525811616387073\" data-scribe=\"section:subject\">\n<div class=\"Tweet-header\">\n<p><a class=\"TweetAuthor-avatar Identity-avatar u-linkBlend\" href=\"https:\/\/twitter.com\/KarlLHughes\" data-scribe=\"element:user_link\" aria-label=\"Karl L Hughes (screen name: KarlLHughes)\"><img decoding=\"async\" class=\"Avatar lazyload\" src=\"https:\/\/pbs.twimg.com\/profile_images\/949659212493148160\/AbjFEpZ__normal.jpg\" alt data-scribe=\"element:avatar\" data-src-2x=\"https:\/\/pbs.twimg.com\/profile_images\/949659212493148160\/AbjFEpZ__bigger.jpg\" data-src-1x=\"https:\/\/pbs.twimg.com\/profile_images\/949659212493148160\/AbjFEpZ__normal.jpg\"><\/a><\/p>\n<p><img decoding=\"async\" class=\"Avatar\" src=\"https:\/\/pbs.twimg.com\/profile_images\/949659212493148160\/AbjFEpZ__normal.jpg\" alt data-scribe=\"element:avatar\" data-src-2x=\"https:\/\/pbs.twimg.com\/profile_images\/949659212493148160\/AbjFEpZ__bigger.jpg\" data-src-1x=\"https:\/\/pbs.twimg.com\/profile_images\/949659212493148160\/AbjFEpZ__normal.jpg\" data-eio=\"l\"><\/p>\n<div class=\"TweetAuthor js-inViewportScribingTarget\" data-scribe=\"component:author\">\n<div class=\"TweetAuthor-nameScreenNameContainer\"><span class=\"TweetAuthor-decoratedName\"><span class=\"TweetAuthor-name Identity-name customisable-highlight\" title=\"Karl L Hughes\" data-scribe=\"element:name\">Karl L Hughes<\/span><\/span><span class=\"TweetAuthor-screenName Identity-screenName\" dir=\"ltr\" title=\"@KarlLHughes\" data-scribe=\"element:screen_name\">@KarlLHughes<\/span><\/div>\n<\/div>\n<\/div>\n<div class=\"Tweet-body e-entry-content\" data-scribe=\"component:tweet\">\n<p class=\"Tweet-text e-entry-title\" dir=\"ltr\" lang=\"en\">This year\u2019s <a class=\"PrettyLink profile customisable h-card\" dir=\"ltr\" href=\"https:\/\/twitter.com\/phpce_eu\" data-mentioned-user-id=\"817405335594012672\" data-scribe=\"element:mention\"><span class=\"PrettyLink-prefix\">@<\/span><span class=\"PrettyLink-value\">phpce_eu<\/span><\/a> conference seems to have gone with the \u201cWhite Males Only\u201d conference lineup <img decoding=\"async\" class=\"Emoji Emoji--forText lazyload\" title=\"Grimacing face\" src=\"https:\/\/analyse.optim.biz\/wp-content\/uploads\/2025\/12\/1f62c.png\" alt=\"\ud83d\ude2c\" aria-label=\"Emoji: Grimacing face\"><\/p>\n<p><img decoding=\"async\" class=\"Emoji Emoji--forText\" title=\"Grimacing face\" src=\"https:\/\/analyse.optim.biz\/wp-content\/uploads\/2025\/12\/1f62c.png\" alt=\"\ud83d\ude2c\" aria-label=\"Emoji: Grimacing face\" data-eio=\"l\"><\/p>\n<p>Shame. It\u2019s 2019, we can do better.<\/p>\n<div class=\"TweetInfo\">\n<div class=\"TweetInfo-like\">\n<p><span class=\"TweetInfo-heartStat\" data-scribe=\"element:heart_count\"><a class=\"TweetInfo-heart\" title=\"Like\" href=\"https:\/\/twitter.com\/intent\/like?tweet_id=1151525811616387073\" data-scribe=\"component:actions\">194<\/a><\/span><\/p>\n<\/div>\n<\/div>\n<\/div>\n<\/blockquote>\n<\/div>\n<\/div>\n<\/div>\n<div class=\"resize-sensor\">\n<div class=\"resize-sensor-shrink\">\n<div>Dup\u0103 aceast\u0103 postare, mai mul\u021bi vorbitori de la eveniment au anun\u021bat retragerea, pentru a nu fi asocia\u021bi cu agenda alb\u0103 supremasist\u0103, apoi v\u00e2nzarea biletelor nu mergea bine \u0219i organizatorii au decis s\u0103 anuleze \u00eentregul eveniment.<\/div>\n<p><a href=\"https:\/\/dailystormer.name\/wp-content\/uploads\/2019\/08\/Screen-Shot-2019-08-29-at-5.24.21-AM.png\"><img loading=\"lazy\" decoding=\"async\" class=\"aligncenter size-large wp-image-408999 lazyload\" width=\"618\" height=\"409\" src=\"https:\/\/analyse.optim.biz\/wp-content\/uploads\/2025\/12\/screen-shot-2019-08-29-at-5-24-21-am-618x409-1.html\" title=\"screen-shot-2019-08-29-at-5-24-21-am-618x409-1\"><\/a><\/p>\n<p><img loading=\"lazy\" decoding=\"async\" class=\"aligncenter size-large wp-image-408999\" src=\"https:\/\/analyse.optim.biz\/wp-content\/uploads\/2025\/12\/screen-shot-2019-08-29-at-5-24-21-am-618x409-1.html\" width=\"618\" height=\"409\" data-eio=\"l\" title=\"screen-shot-2019-08-29-at-5-24-21-am-618x409-1\"><\/p>\n<p>\u00cen <a href=\"https:\/\/2019.phpce.eu\/en\/\">postarea ce anun\u021b\u0103 anularea conferin\u021bei<\/a>, organizatorii citeaz\u0103 tweet-ul lui Hughes \u00eempreun\u0103 cu post\u0103rile a doi vorbitori care s-au retras ca rezultat al presiunilor pentru \u2018justi\u021bie social\u0103\u2019.<\/p>\n<p>Unu dintre acei vorbitori e jidanul Larry Garfield, care \u0219i-a anun\u021bat retragerea.<\/p>\n<div class=\"SandboxRoot env-bp-350\" data-twitter-event-id=\"1\">\n<div id=\"twitter-widget-1\" class=\"EmbeddedTweet EmbeddedTweet--cta js-clickToOpenTarget\" lang=\"en\" data-click-to-open-target=\"https:\/\/twitter.com\/Crell\/status\/1152368497823031296\" data-iframe-title=\"Twitter Tweet\" data-scribe=\"page:tweet\" data-twitter-event-id=\"5\">\n<div class=\"EmbeddedTweet-tweetContainer\">\n<div class=\"EmbeddedTweet-tweet\">\n<blockquote class=\"Tweet h-entry js-tweetIdInfo subject expanded\" cite=\"https:\/\/twitter.com\/Crell\/status\/1152368497823031296\" data-tweet-id=\"1152368497823031296\" data-scribe=\"section:subject\">\n<div class=\"Tweet-header\">\n<p><a class=\"TweetAuthor-avatar Identity-avatar u-linkBlend\" href=\"https:\/\/twitter.com\/Crell\" data-scribe=\"element:user_link\" aria-label=\"Larry Garfield (screen name: Crell)\"><img decoding=\"async\" class=\"Avatar lazyload\" src=\"https:\/\/pbs.twimg.com\/profile_images\/859893683319123969\/BVz-GOIl_normal.jpg\" alt data-scribe=\"element:avatar\" data-src-2x=\"https:\/\/pbs.twimg.com\/profile_images\/859893683319123969\/BVz-GOIl_bigger.jpg\" data-src-1x=\"https:\/\/pbs.twimg.com\/profile_images\/859893683319123969\/BVz-GOIl_normal.jpg\"><\/a><\/p>\n<p><img decoding=\"async\" class=\"Avatar\" src=\"https:\/\/pbs.twimg.com\/profile_images\/859893683319123969\/BVz-GOIl_normal.jpg\" alt data-scribe=\"element:avatar\" data-src-2x=\"https:\/\/pbs.twimg.com\/profile_images\/859893683319123969\/BVz-GOIl_bigger.jpg\" data-src-1x=\"https:\/\/pbs.twimg.com\/profile_images\/859893683319123969\/BVz-GOIl_normal.jpg\" data-eio=\"l\"><\/p>\n<div class=\"TweetAuthor js-inViewportScribingTarget\" data-scribe=\"component:author\">\n<div class=\"TweetAuthor-nameScreenNameContainer\"><span class=\"TweetAuthor-decoratedName\"><span class=\"TweetAuthor-name Identity-name customisable-highlight\" title=\"Larry Garfield\" data-scribe=\"element:name\">Larry Garfield<\/span><\/span><span class=\"TweetAuthor-screenName Identity-screenName\" dir=\"ltr\" title=\"@Crell\" data-scribe=\"element:screen_name\">@Crell<\/span><\/div>\n<\/div>\n<\/div>\n<div class=\"Tweet-body e-entry-content\" data-scribe=\"component:tweet\">\n<p class=\"Tweet-text e-entry-title\" dir=\"ltr\" lang=\"en\">Skipping <a class=\"PrettyLink profile customisable h-card\" dir=\"ltr\" href=\"https:\/\/twitter.com\/phpce_eu\" data-mentioned-user-id=\"817405335594012672\" data-scribe=\"element:mention\"><span class=\"PrettyLink-prefix\">@<\/span><span class=\"PrettyLink-value\">phpce_eu<\/span><\/a> this year \u2014 Steemit <a class=\"link customisable\" dir=\"ltr\" title=\"https:\/\/steemit.com\/php\/@crell\/skipping-php-ce-this-year\" href=\"https:\/\/t.co\/8RwQe4zOy8\" target=\"_blank\" rel=\"nofollow noopener noreferrer\" data-expanded-url=\"https:\/\/steemit.com\/php\/@crell\/skipping-php-ce-this-year\" data-scribe=\"element:url\"><span class=\"u-hiddenVisually\">https:\/\/<\/span>steemit.com\/php\/@crell\/ski<span class=\"u-hiddenVisually\">pping-php-ce-this-year\u00a0<\/span>\u2026<\/a><a class=\"PrettyLink hashtag customisable\" dir=\"ltr\" href=\"https:\/\/twitter.com\/hashtag\/PHP?src=hash\" rel=\"tag\" data-query-source=\"hashtag_click\" data-scribe=\"element:hashtag\"><span class=\"PrettyLink-prefix\">#<\/span><span class=\"PrettyLink-value\">PHP<\/span><\/a><\/p>\n<div class=\"Tweet-card\">\n<div class=\"PrerenderedCard is-loaded is-constrainedByMaxWidth\" data-card-name=\"summary_large_image\" data-css=\"https:\/\/ton.twimg.com\/tfw\/css\/syndication_bundle_v1_73385286cca9d2256f6bf3993470820d4827b058.css\" data-scribe=\"component:card\">\n<div class=\"TwitterCardsGrid TwitterCard\">\n<div class=\"TwitterCardsGrid-col--12 TwitterCardsGrid-col--spacerBottom CardContent\">\n<div class=\"SummaryCard-contentContainer TwitterCardsGrid-col--12\">\n<div class=\"SummaryCard-content TwitterCardsGrid-ltr\">\n<p class=\"tcu-resetMargin u-block TwitterCardsGrid-col--spacerTop tcu-textEllipse--multiline\" dir=\"ltr\">Being a conference organizer is hard. Like, seriously. Aside from the obvious logistics, and the not-at-all-obvious\u2026 by crell<\/p>\n<\/div>\n<\/div>\n<\/div>\n<\/div>\n<\/div>\n<\/div>\n<\/div>\n<\/blockquote>\n<\/div>\n<div class=\"CallToAction-chevron\" data-scribe=\"element:cta_chevron\">\n<div class=\"resize-sensor\">\n<div class=\"resize-sensor-shrink\">\n<div>Garfield a fost recent <a href=\"https:\/\/www.inc.com\/sonya-mann\/drupal-larry-garfield-gor.html\">eliminat din Drupal pentru implicarea sa \u00een BDSM<\/a>, decizie pe care unii comentatori au interpretat-o ca fiind antisemitism.<\/div>\n<\/div>\n<\/div>\n<\/div>\n<p>Cel\u0103lalt vorbitor a fost Mark Baker.<\/p>\n<div class=\"SandboxRoot env-bp-350\" data-twitter-event-id=\"2\">\n<div id=\"twitter-widget-2\" class=\"EmbeddedTweet EmbeddedTweet--cta js-clickToOpenTarget\" lang=\"en\" data-click-to-open-target=\"https:\/\/twitter.com\/Mark_Baker\/status\/1154113051056099329\" data-iframe-title=\"Twitter Tweet\" data-scribe=\"page:tweet\" data-twitter-event-id=\"6\">\n<div class=\"EmbeddedTweet-tweetContainer\">\n<div class=\"EmbeddedTweet-tweet\">\n<blockquote class=\"Tweet h-entry js-tweetIdInfo subject expanded\" cite=\"https:\/\/twitter.com\/Mark_Baker\/status\/1154113051056099329\" data-tweet-id=\"1154113051056099329\" data-scribe=\"section:subject\">\n<div class=\"Tweet-header\">\n<p>\u00a0<\/p>\n<div class=\"TweetAuthor js-inViewportScribingTarget\" data-scribe=\"component:author\">\n<div class=\"TweetAuthor-nameScreenNameContainer\"><span class=\"TweetAuthor-decoratedName\"><span class=\"TweetAuthor-name Identity-name customisable-highlight\" title=\"Mark Baker \ud83c\uddea\ud83c\uddfa\" data-scribe=\"element:name\">Mark Baker\u00a0<img decoding=\"async\" class=\"Emoji Emoji--forText lazyload\" title=\"Flag of European Union\" src=\"https:\/\/analyse.optim.biz\/wp-content\/uploads\/2025\/12\/1f1ea-1f1fa.png\" alt=\"\ud83c\uddea\ud83c\uddfa\" aria-label=\"Emoji: Flag of European Union\"><img decoding=\"async\" class=\"Emoji Emoji--forText\" title=\"Flag of European Union\" src=\"https:\/\/analyse.optim.biz\/wp-content\/uploads\/2025\/12\/1f1ea-1f1fa.png\" alt=\"\ud83c\uddea\ud83c\uddfa\" aria-label=\"Emoji: Flag of European Union\" data-eio=\"l\"><\/span><\/span><span class=\"TweetAuthor-screenName Identity-screenName\" dir=\"ltr\" title=\"@Mark_Baker\" data-scribe=\"element:screen_name\">@Mark_Baker<\/span><\/div>\n<\/div>\n<\/div>\n<div class=\"Tweet-body e-entry-content\" data-scribe=\"component:tweet\">\n<p class=\"Tweet-text e-entry-title\" dir=\"ltr\" lang=\"en\">Sadly, I\u2019ve chosen to withdraw as a speaker from <a class=\"PrettyLink profile customisable h-card\" dir=\"ltr\" href=\"https:\/\/twitter.com\/phpce_eu\" data-mentioned-user-id=\"817405335594012672\" data-scribe=\"element:mention\"><span class=\"PrettyLink-prefix\">@<\/span><span class=\"PrettyLink-value\">phpce_eu<\/span><\/a> PHPCE 2019. This blog post provides<br \/>\na short explanation of my reasons \u2013 <a class=\"link customisable\" dir=\"ltr\" title=\"https:\/\/markbakeruk.net\/2019\/07\/24\/withdrawal-from-speaking-at-phpce-2019\/\" href=\"https:\/\/t.co\/xFcsimp6hU\" target=\"_blank\" rel=\"nofollow noopener noreferrer\" data-expanded-url=\"https:\/\/markbakeruk.net\/2019\/07\/24\/withdrawal-from-speaking-at-phpce-2019\/\" data-scribe=\"element:url\"><span class=\"u-hiddenVisually\">https:\/\/<\/span>markbakeruk.net\/2019\/07\/24\/wit<span class=\"u-hiddenVisually\">hdrawal-from-speaking-at-phpce-2019\/\u00a0<\/span>\u2026<\/a><\/p>\n<\/div>\n<\/blockquote>\n<\/div>\n<\/div>\n<\/div>\n<div class=\"resize-sensor\">\n<div class=\"resize-sensor-shrink\">\n<div>Baker a pretins c\u0103 \u201cnu poate accepta situa\u021bia\u201d aceasta, adic\u0103 situa\u021bia vorbitorilor fiind doar b\u0103rba\u021bi albi \u00eentr-o conferin\u021b\u0103 de programare \u00een fostul bloc comunist din Europa.<\/div>\n<\/div>\n<\/div>\n<\/div>\n<p>Hughes se laud\u0103 cu realizarea sa de a fi anulat conferin\u021ba spun\u00e2nd c\u0103 to\u021bi cei de la o conferin\u021b\u0103 tehnologic\u0103 trebuie s\u0103 fie asem\u0103n\u0103tori cu utilizatorii tehnologiei.<\/p>\n<div class=\"SandboxRoot env-bp-350\" data-twitter-event-id=\"3\">\n<div id=\"twitter-widget-3\" class=\"EmbeddedTweet EmbeddedTweet--cta js-clickToOpenTarget\" lang=\"en\" data-click-to-open-target=\"https:\/\/twitter.com\/KarlLHughes\/status\/1166303710898794496\" data-iframe-title=\"Twitter Tweet\" data-scribe=\"page:tweet\" data-twitter-event-id=\"7\">\n<div class=\"EmbeddedTweet-tweetContainer\">\n<div class=\"EmbeddedTweet-tweet\">\n<blockquote class=\"Tweet h-entry js-tweetIdInfo subject expanded\" cite=\"https:\/\/twitter.com\/KarlLHughes\/status\/1166303710898794496\" data-tweet-id=\"1166303710898794496\" data-scribe=\"section:subject\">\n<div class=\"Tweet-header\">\n<p><a class=\"TweetAuthor-avatar Identity-avatar u-linkBlend\" href=\"https:\/\/twitter.com\/KarlLHughes\" data-scribe=\"element:user_link\" aria-label=\"Karl L Hughes (screen name: KarlLHughes)\"><img decoding=\"async\" class=\"Avatar lazyload\" src=\"https:\/\/pbs.twimg.com\/profile_images\/949659212493148160\/AbjFEpZ__normal.jpg\" alt data-scribe=\"element:avatar\" data-src-2x=\"https:\/\/pbs.twimg.com\/profile_images\/949659212493148160\/AbjFEpZ__bigger.jpg\" data-src-1x=\"https:\/\/pbs.twimg.com\/profile_images\/949659212493148160\/AbjFEpZ__normal.jpg\"><\/a><\/p>\n<p><img decoding=\"async\" class=\"Avatar\" src=\"https:\/\/pbs.twimg.com\/profile_images\/949659212493148160\/AbjFEpZ__normal.jpg\" alt data-scribe=\"element:avatar\" data-src-2x=\"https:\/\/pbs.twimg.com\/profile_images\/949659212493148160\/AbjFEpZ__bigger.jpg\" data-src-1x=\"https:\/\/pbs.twimg.com\/profile_images\/949659212493148160\/AbjFEpZ__normal.jpg\" data-eio=\"l\"><\/p>\n<div class=\"TweetAuthor js-inViewportScribingTarget\" data-scribe=\"component:author\">\n<div class=\"TweetAuthor-nameScreenNameContainer\"><span class=\"TweetAuthor-decoratedName\"><span class=\"TweetAuthor-name Identity-name customisable-highlight\" title=\"Karl L Hughes\" data-scribe=\"element:name\">Karl L Hughes<\/span><\/span><span class=\"TweetAuthor-screenName Identity-screenName\" dir=\"ltr\" title=\"@KarlLHughes\" data-scribe=\"element:screen_name\">@KarlLHughes<\/span><\/div>\n<\/div>\n<\/div>\n<div class=\"Tweet-body e-entry-content\" data-scribe=\"component:tweet\">\n<p class=\"Tweet-text e-entry-title\" dir=\"ltr\" lang=\"en\">The comments on my Twitter thread are pretty out of control, but there are good ones in there <img decoding=\"async\" class=\"Emoji Emoji--forText lazyload\" title=\"Clapping hands sign\" src=\"https:\/\/analyse.optim.biz\/wp-content\/uploads\/2025\/12\/1f44f-1.png\" alt=\"\ud83d\udc4f\" aria-label=\"Emoji: Clapping hands sign\"><\/p>\n<p><img decoding=\"async\" class=\"Emoji Emoji--forText\" title=\"Clapping hands sign\" src=\"https:\/\/analyse.optim.biz\/wp-content\/uploads\/2025\/12\/1f44f-1.png\" alt=\"\ud83d\udc4f\" aria-label=\"Emoji: Clapping hands sign\" data-eio=\"l\"><a class=\"link customisable\" dir=\"ltr\" title=\"https:\/\/twitter.com\/DBAKevlar\/status\/1166214431904124929\" href=\"https:\/\/t.co\/pUMTDZwIHr\" target=\"_blank\" rel=\"nofollow noopener noreferrer\" data-expanded-url=\"https:\/\/twitter.com\/DBAKevlar\/status\/1166214431904124929\" data-tweet-id=\"1166214431904124929\" data-tweet-item-type=\"23\" data-scribe=\"element:url\"><span class=\"u-hiddenVisually\">https:\/\/<\/span>twitter.com\/DBAKevlar\/stat<span class=\"u-hiddenVisually\">us\/1166214431904124929\u00a0<\/span>\u2026<\/a><\/p>\n<div class=\"Tweet-card\">\n<div class=\"QuoteTweet\" data-scribe=\"section:quote\">\n<div class=\"QuoteTweet-nonMediaContainer\">\n<p class=\"QuoteTweet-text e-entry-title\" dir=\"ltr\" lang=\"en\"><strong>Because those creating the technical content and sharing knowledge at a technical conference should reflect those creating and using the tech in society.<\/strong><\/p>\n<\/div>\n<\/div>\n<\/div>\n<\/div>\n<\/blockquote>\n<\/div>\n<\/div>\n<\/div>\n<div class=\"resize-sensor\">\n<div class=\"resize-sensor-expand\">\n<div>Organizatorii au reac\u021bionat, spun\u00e2nd c\u0103 pur \u0219i simplu nu au primit aplica\u021bii de la persoane care nu sunt b\u0103rba\u021bi albi. L-au avut totu\u0219i pe acel jidan, dar aparent n-a fost destul de divers.<\/div>\n<\/div>\n<\/div>\n<\/div>\n<p>\u00a0<\/p>\n<p><em>Preluat de pe\u00a0 <a href=\"https:\/\/dailystormer.name\/php-coding-conference-shut-down-because-it-was-white-supremacist-neo-nazi\/\">Daily Stormer<\/a><\/em><\/p>\n<\/div>\n<\/div>\n<\/div>\n<\/div>\n<\/div>\n<\/div>\n<\/div>\n<div class=\"share-post\"><span class=\"share-text\">Share<\/span><\/p>\n<ul class=\"flat-social\">\n<li><a href=\"http:\/\/www.facebook.com\/sharer.php?u=https:\/\/www.incorectpolitic.com\/?p=27608\" class=\"social-facebook\" rel=\"external\" target=\"_blank\"><span>Facebook<\/span><\/a><\/li>\n<li><a href=\"https:\/\/twitter.com\/intent\/tweet?text=Conferinta+PHP+ANULAT%C4%82+din+Cauza+B%C4%83rba%C8%9Bilor+Albi&amp;url=https:\/\/www.incorectpolitic.com\/?p=27608\" class=\"social-twitter\" rel=\"external\" target=\"_blank\"><span>Twitter<\/span><\/a><\/li>\n<li><a href=\"http:\/\/pinterest.com\/pin\/create\/button\/?url=https:\/\/www.incorectpolitic.com\/?p=27608&amp;description=Conferinta+PHP+ANULAT%C4%82+din+Cauza+B%C4%83rba%C8%9Bilor+Albi&amp;media=https:\/\/www.incorectpolitic.com\/wp-content\/uploads\/2019\/09\/Screen-Shot-2019-08-29-at-5.24.21-AM-618x409-618x330.png\" class=\"social-pinterest\" rel=\"external\" target=\"_blank\"><span>Pinterest<\/span><\/a><\/li>\n<\/ul>\n<\/div>\n<\/div>\n<\/article>\n<p> Source URL: https:\/\/www.incorectpolitic.com\/conferinta-php-anulata-din-cauza-barbatilor-albi\/<\/p>\n","protected":false},"excerpt":{"rendered":"<p>Conferinta PHP ANULAT\u0102 din Cauza B\u0103rba\u021bilor Albi Sterie CiumettiIncorect Politic Septembrie 4, 2019 https:\/\/www.youtube.com\/watch?v=Y4kXPogCN1Y Anul acesta trebuia s\u0103 aib\u0103 loc o conferin\u021b\u0103 PHP \u00een Europa, intitulat\u0103 PHP Central Europe Conference (PHP.CE). Evenimentul a fost programat s\u0103 aib\u0103 loc \u00een Dresden, Germania, dar a fost anulat. A fost anulat pentru c\u0103 un anume Karl L. Hughes, [&hellip;]<\/p>\n","protected":false},"author":1,"featured_media":1129085,"comment_status":"open","ping_status":"","sticky":false,"template":"","format":"standard","meta":{"footnotes":""},"categories":[89],"tags":[95],"class_list":["post-1129084","post","type-post","status-publish","format-standard","has-post-thumbnail","hentry","category-romania","tag-incorectpolitic-com"],"_links":{"self":[{"href":"https:\/\/analyse.optim.biz\/index.php?rest_route=\/wp\/v2\/posts\/1129084","targetHints":{"allow":["GET"]}}],"collection":[{"href":"https:\/\/analyse.optim.biz\/index.php?rest_route=\/wp\/v2\/posts"}],"about":[{"href":"https:\/\/analyse.optim.biz\/index.php?rest_route=\/wp\/v2\/types\/post"}],"author":[{"embeddable":true,"href":"https:\/\/analyse.optim.biz\/index.php?rest_route=\/wp\/v2\/users\/1"}],"replies":[{"embeddable":true,"href":"https:\/\/analyse.optim.biz\/index.php?rest_route=%2Fwp%2Fv2%2Fcomments&post=1129084"}],"version-history":[{"count":0,"href":"https:\/\/analyse.optim.biz\/index.php?rest_route=\/wp\/v2\/posts\/1129084\/revisions"}],"wp:featuredmedia":[{"embeddable":true,"href":"https:\/\/analyse.optim.biz\/index.php?rest_route=\/wp\/v2\/media\/1129085"}],"wp:attachment":[{"href":"https:\/\/analyse.optim.biz\/index.php?rest_route=%2Fwp%2Fv2%2Fmedia&parent=1129084"}],"wp:term":[{"taxonomy":"category","embeddable":true,"href":"https:\/\/analyse.optim.biz\/index.php?rest_route=%2Fwp%2Fv2%2Fcategories&post=1129084"},{"taxonomy":"post_tag","embeddable":true,"href":"https:\/\/analyse.optim.biz\/index.php?rest_route=%2Fwp%2Fv2%2Ftags&post=1129084"}],"curies":[{"name":"wp","href":"https:\/\/api.w.org\/{rel}","templated":true}]}}