{"id":112906,"date":"2018-07-12T23:32:49","date_gmt":"2018-07-12T20:32:49","guid":{"rendered":"https:\/\/analyse.optim.biz\/?p=112906"},"modified":"2018-07-12T23:32:49","modified_gmt":"2018-07-12T20:32:49","slug":"tariceanu-nu-stiu-daca-suspendarea-mai-trebuie-sa-fie-prima-preocupare","status":"publish","type":"post","link":"https:\/\/analyse.optim.biz\/?p=112906","title":{"rendered":"T\u0103riceanu: Nu \u015ftiu dac\u0103 suspendarea mai trebuie s\u0103 fie prima preocupare"},"content":{"rendered":"<div class=\"entry data-app-meta data-app-meta-article\" data-embed-base-url-canonical=\"https:\/\/www.digi24.ro\/embed\/stiri\/actualitate\/politica\/tariceanu-nu-stiu-daca-suspendarea-mai-trebuie-sa-fie-prima-preocupare-962803\">\n<p data-index=\"1\"><strong>Partenerul de alian\u0163\u0103 al social-democra\u0163ilor nu e nici pe departe la fel de categoric ca Liviu Dragnea. Pre\u015fedintele ALDE, C\u0103lin Popescu T\u0103riceanu, nu mai vede suspendarea \u015fefului statului o prioritate.<\/strong><\/p>\n<p data-index=\"2\">&#8220;Trebuie s\u0103 existe&#8230; un motiv solid&#8221;, a spus C\u0103lin Popescu T\u0103riceanu, la Antena 3.<\/p>\n<p data-index=\"3\">\u201eAt\u00e2ta vreme c\u00e2t pre\u015fedintele va respecta Constitu\u0163ia, va l\u0103sa ca lucrurile s\u0103 evolueze normal \u00een acest demers de a scoate mizeria la suprafa\u0163\u0103, \u00eensemn\u00e2nd toate componentele statului paralel, nu \u015ftiu dac\u0103 suspendarea mai trebuie s\u0103 fie prima preocupare. Trebuie s\u0103 existe un motiv politic \u015fi constitu\u0163ional solid. Dar cred c\u0103 aceste demersuri trebuie s\u0103 le continu\u0103m. Nu putem s\u0103 consider\u0103m c\u0103 daca a fost demis Coldea, revocat\u0103 Kovesi, s-a rezolvat problema. Nu cred c\u0103 s-a rezolvat\u201d, a declarat T\u0103riceanu.<\/p>\n<p data-index=\"4\">Liderul PSD, Liviu Dragnea, a anun\u0163at, miercuri sear\u0103, la Antena 3 c\u0103 subiectul privind <a href=\"https:\/\/www.digi24.ro\/stiri\/actualitate\/politica\/liviu-dragnea-iohannis-a-semnat-revocarea-lui-kovesi-de-frica-suspendarii-962076\" data-skip-linkfix=\"1\"><strong>suspendarea pre\u015fedintelui<\/strong><\/a> Klaus Iohannis este &#8220;ferm deschis&#8221;, pentru c\u0103 am\u00e2narea semn\u0103rii decretului de revocare a \u015fefei DNA, Laura Codru\u0163a Kovesi, nu a fost singurul motiv de suspendare.<\/p>\n<p data-index=\"5\">FOTO: INQUAM PHOTOS &#8211; Octav Ganea<\/p>\n<\/div>\n<p> Source URL: https:\/\/www.digi24.ro\/stiri\/actualitate\/politica\/tariceanu-nu-stiu-daca-suspendarea-mai-trebuie-sa-fie-prima-preocupare-962803<\/p>\n","protected":false},"excerpt":{"rendered":"<p>Partenerul de alian\u0163\u0103 al social-democra\u0163ilor nu e nici pe departe la fel de categoric ca Liviu Dragnea. Pre\u015fedintele ALDE, C\u0103lin Popescu T\u0103riceanu, nu mai vede suspendarea \u015fefului statului o prioritate. &#8220;Trebuie s\u0103 existe&#8230; un motiv solid&#8221;, a spus C\u0103lin Popescu T\u0103riceanu, la Antena 3. \u201eAt\u00e2ta vreme c\u00e2t pre\u015fedintele va respecta Constitu\u0163ia, va l\u0103sa ca lucrurile [&hellip;]<\/p>\n","protected":false},"author":1,"featured_media":112907,"comment_status":"open","ping_status":"","sticky":false,"template":"","format":"standard","meta":{"footnotes":""},"categories":[2],"tags":[11],"class_list":["post-112906","post","type-post","status-publish","format-standard","has-post-thumbnail","hentry","category-politics","tag-digi24"],"_links":{"self":[{"href":"https:\/\/analyse.optim.biz\/index.php?rest_route=\/wp\/v2\/posts\/112906","targetHints":{"allow":["GET"]}}],"collection":[{"href":"https:\/\/analyse.optim.biz\/index.php?rest_route=\/wp\/v2\/posts"}],"about":[{"href":"https:\/\/analyse.optim.biz\/index.php?rest_route=\/wp\/v2\/types\/post"}],"author":[{"embeddable":true,"href":"https:\/\/analyse.optim.biz\/index.php?rest_route=\/wp\/v2\/users\/1"}],"replies":[{"embeddable":true,"href":"https:\/\/analyse.optim.biz\/index.php?rest_route=%2Fwp%2Fv2%2Fcomments&post=112906"}],"version-history":[{"count":0,"href":"https:\/\/analyse.optim.biz\/index.php?rest_route=\/wp\/v2\/posts\/112906\/revisions"}],"wp:featuredmedia":[{"embeddable":true,"href":"https:\/\/analyse.optim.biz\/index.php?rest_route=\/wp\/v2\/media\/112907"}],"wp:attachment":[{"href":"https:\/\/analyse.optim.biz\/index.php?rest_route=%2Fwp%2Fv2%2Fmedia&parent=112906"}],"wp:term":[{"taxonomy":"category","embeddable":true,"href":"https:\/\/analyse.optim.biz\/index.php?rest_route=%2Fwp%2Fv2%2Fcategories&post=112906"},{"taxonomy":"post_tag","embeddable":true,"href":"https:\/\/analyse.optim.biz\/index.php?rest_route=%2Fwp%2Fv2%2Ftags&post=112906"}],"curies":[{"name":"wp","href":"https:\/\/api.w.org\/{rel}","templated":true}]}}