{"id":112895,"date":"2018-07-13T00:44:20","date_gmt":"2018-07-12T21:44:20","guid":{"rendered":"https:\/\/analyse.optim.biz\/?p=112895"},"modified":"2018-07-13T00:44:20","modified_gmt":"2018-07-12T21:44:20","slug":"m-geoana-ar-trebui-sa-fim-mai-rezervati-sa-nu-mai-luam-declaratiile-liderilor-nostri-ca-fiind-finale","status":"publish","type":"post","link":"https:\/\/analyse.optim.biz\/?p=112895","title":{"rendered":"M. Geoan\u0103: Ar trebui s\u0103 fim mai rezerva\u0163i. S\u0103 nu mai lu\u0103m declara\u0163iile liderilor no\u015ftri ca fiind finale"},"content":{"rendered":"<div class=\"entry data-app-meta data-app-meta-article\" data-embed-base-url-canonical=\"https:\/\/www.digi24.ro\/embed\/stiri\/actualitate\/politica\/m-geoana-ar-trebui-sa-fim-mai-rezervati-sa-nu-mai-luam-declaratiile-liderilor-nostri-ca-fiind-finale-962841\">\n<p data-index=\"1\"><strong>Fostul pre\u015fedinte al PSD, Mircea Geoan\u0103, are o pozi\u0163ie rezervat\u0103, \u00een privin\u0163a schimbului de replici, dintre Klaus Iohannis \u015fi actualul lider al social-democra\u0163ilor, pe tema suspend\u0103rii.<\/strong><\/p>\n<p data-index=\"2\">Pe de alt\u0103 parte, e de p\u0103rere c\u0103 decizia \u015fefului statului de a o revoca pe Laura Codru\u0163a Kovesi a fost corect\u0103.<\/p>\n<p data-index=\"3\">Mircea Geoan\u0103: \u201eDac\u0103 vrem s\u0103 ne uit\u0103m mai profund, o ac\u0163iune at\u00e2t de sever\u0103 &#8211; am tr\u0103it dou\u0103 suspend\u0103ri ale lui B\u0103sescu. Ar trebui s\u0103 fim mai rezerva\u0163i. S\u0103 nu mai lu\u0103m declara\u0163iile liderilor no\u015ftri ca fiind finale \u015fi decisive. Miza e adoptarea legilor justi\u0163iei. R\u0103spunsul &#8211; nu se va ajunge la o formul\u0103 de suspendare. E o forma de presiune public\u0103.<\/p>\n<p data-index=\"4\">L<span lang=\"ro-RO\">ipse\u015fte contextul, mai ales dup\u0103 revocarea doamnei Kovesi. Dac\u0103 nu respecta Constitu\u0163ia era o discu\u0163ie. Multe instrumente nu avem la dispozi\u0163ie pentru a r\u0103spunde la un astfel de gest. Pre\u015fedintele a r\u0103spuns cu costul politic asumat. <\/span><\/p>\n<p data-index=\"5\"><span lang=\"ro-RO\">Discu\u0163ia asta primitiv\u0103 la care recurg ambele p\u0103r\u0163i ascunde nevoia de a vedea o \u0163ar\u0103 \u00een care or\u00e2nduiala politica s\u0103 func\u0163ioneze indiferent de cine e la butoane. Dintr-un pct de vedere Iohannis \u015fi-a asumat un risc politic prin revocarea doamnei Kovesi, dar a fost onest ca garant al Constitu\u0163iei. La fel \u015fi \u00een partea cealalt\u0103, exist\u0103 un punct de vedere legitim \u015fi la d\u00e2n\u015fii c\u0103 s-a exagerat, c\u0103 nu e normal s\u0103 fie protocoale secrete\u201d.<\/span><\/p>\n<p data-index=\"6\">FOTO: INQUAM PHOTOS &#8211; Octav Ganea<\/p>\n<\/div>\n<p> Source URL: https:\/\/www.digi24.ro\/stiri\/actualitate\/politica\/m-geoana-ar-trebui-sa-fim-mai-rezervati-sa-nu-mai-luam-declaratiile-liderilor-nostri-ca-fiind-finale-962841<\/p>\n","protected":false},"excerpt":{"rendered":"<p>Fostul pre\u015fedinte al PSD, Mircea Geoan\u0103, are o pozi\u0163ie rezervat\u0103, \u00een privin\u0163a schimbului de replici, dintre Klaus Iohannis \u015fi actualul lider al social-democra\u0163ilor, pe tema suspend\u0103rii. Pe de alt\u0103 parte, e de p\u0103rere c\u0103 decizia \u015fefului statului de a o revoca pe Laura Codru\u0163a Kovesi a fost corect\u0103. Mircea Geoan\u0103: \u201eDac\u0103 vrem s\u0103 ne uit\u0103m [&hellip;]<\/p>\n","protected":false},"author":1,"featured_media":112896,"comment_status":"open","ping_status":"","sticky":false,"template":"","format":"standard","meta":{"footnotes":""},"categories":[2],"tags":[11],"class_list":["post-112895","post","type-post","status-publish","format-standard","has-post-thumbnail","hentry","category-politics","tag-digi24"],"_links":{"self":[{"href":"https:\/\/analyse.optim.biz\/index.php?rest_route=\/wp\/v2\/posts\/112895","targetHints":{"allow":["GET"]}}],"collection":[{"href":"https:\/\/analyse.optim.biz\/index.php?rest_route=\/wp\/v2\/posts"}],"about":[{"href":"https:\/\/analyse.optim.biz\/index.php?rest_route=\/wp\/v2\/types\/post"}],"author":[{"embeddable":true,"href":"https:\/\/analyse.optim.biz\/index.php?rest_route=\/wp\/v2\/users\/1"}],"replies":[{"embeddable":true,"href":"https:\/\/analyse.optim.biz\/index.php?rest_route=%2Fwp%2Fv2%2Fcomments&post=112895"}],"version-history":[{"count":0,"href":"https:\/\/analyse.optim.biz\/index.php?rest_route=\/wp\/v2\/posts\/112895\/revisions"}],"wp:featuredmedia":[{"embeddable":true,"href":"https:\/\/analyse.optim.biz\/index.php?rest_route=\/wp\/v2\/media\/112896"}],"wp:attachment":[{"href":"https:\/\/analyse.optim.biz\/index.php?rest_route=%2Fwp%2Fv2%2Fmedia&parent=112895"}],"wp:term":[{"taxonomy":"category","embeddable":true,"href":"https:\/\/analyse.optim.biz\/index.php?rest_route=%2Fwp%2Fv2%2Fcategories&post=112895"},{"taxonomy":"post_tag","embeddable":true,"href":"https:\/\/analyse.optim.biz\/index.php?rest_route=%2Fwp%2Fv2%2Ftags&post=112895"}],"curies":[{"name":"wp","href":"https:\/\/api.w.org\/{rel}","templated":true}]}}